{"id":361716,"date":"2025-09-02T21:35:44","date_gmt":"2025-09-02T21:35:44","guid":{"rendered":"https:\/\/www.europesays.com\/fr\/361716\/"},"modified":"2025-09-02T21:35:44","modified_gmt":"2025-09-02T21:35:44","slug":"ladresse-chic-et-envoutante-qui-reinvente-tes-soirees-bordelaises","status":"publish","type":"post","link":"https:\/\/www.europesays.com\/fr\/361716\/","title":{"rendered":"l\u2019adresse chic et envo\u00fbtante qui r\u00e9invente tes soir\u00e9es bordelaises !"},"content":{"rendered":"<p>Un nouveau lieu attire d\u00e9j\u00e0 tous les regards (et les palais) au c\u0153ur de <a href=\"http:\/\/bordeaux.fr\" rel=\"nofollow noopener\" target=\"_blank\">Bordeaux<\/a> :\u00a0<a href=\"https:\/\/www.code-23.fr\" target=\"_blank\" rel=\"noreferrer noopener nofollow\">CODE 23<\/a>, un restaurant et bar \u00e0 cocktails qui fait rimer \u00e9l\u00e9gance, convivialit\u00e9 et exp\u00e9riences sensorielles. Derri\u00e8re ses portes se cache un \u00e9crin raffin\u00e9 o\u00f9 la mixologie devient un art et la musique une v\u00e9ritable invitation au voyage.<\/p>\n<p><img fetchpriority=\"high\" decoding=\"async\" width=\"683\" height=\"1024\" src=\"https:\/\/www.europesays.com\/fr\/wp-content\/uploads\/2025\/09\/avantap-31-683x1024.jpg\" alt=\"\" class=\"wp-image-82944\" style=\"width:560px;height:auto\"  \/>Rejoins CODE 23 et vis une exp\u00e9rience o\u00f9 \u00e9l\u00e9gance, musique et convivialit\u00e9 se rencontrent chaque soir.-\u00a9Code23<\/p>\n<p>Une identit\u00e9 \u00e9l\u00e9gante et myst\u00e9rieuse<\/p>\n<p style=\"font-size:16px\">En entrant dans<strong> CODE 23<\/strong>, tu plonges dans une <strong>atmosph\u00e8re \u00e0 la fois chic et intimiste<\/strong>. Le d\u00e9cor feutr\u00e9 et la lumi\u00e8re tamis\u00e9e cr\u00e9ent un cadre parfait pour savourer <strong>un cocktail signature<\/strong>,<strong> accompagn\u00e9 d\u2019une assiette raffin\u00e9e<\/strong>. La maison revendique <strong>une cuisine maison inspir\u00e9e de l\u2019Italie et de la M\u00e9diterran\u00e9e<\/strong>, o\u00f9 <strong>chaque plat met en valeur des produits soigneusement travaill\u00e9s.<\/strong><\/p>\n<p style=\"font-size:16px\">Ici, <strong>tout est pens\u00e9 pour \u00e9veiller les sens<\/strong> : la <strong>subtilit\u00e9 des saveurs<\/strong>, <strong>l\u2019\u00e9l\u00e9gance des verres, la chaleur des notes musicales<\/strong>. Car <strong>CODE 23<\/strong> n\u2019est pas seulement un bar-restaurant : c\u2019est un v\u00e9ritable lieu de vie <strong>o\u00f9 se croisent amateurs de gastronomie, passionn\u00e9s de jazz et curieux en qu\u00eate d\u2019exp\u00e9riences nouvelles<\/strong><\/p>\n<p><img loading=\"lazy\" decoding=\"async\" width=\"683\" height=\"1024\" src=\"https:\/\/www.europesays.com\/fr\/wp-content\/uploads\/2025\/09\/avantap-34-683x1024.jpg\" alt=\"\" class=\"wp-image-82948\" style=\"width:572px;height:auto\"  \/>Savoure une cuisine maison\u00a0-\u00a9Code23<\/p>\n<p>Chaque soir, la sc\u00e8ne prend vie<\/p>\n<p style=\"font-size:16px\"><strong>Ouvert du jeudi au dimanche d\u00e8s 17h<\/strong>, <strong>CODE 23<\/strong> a construit son identit\u00e9 autour de <strong>la musique live<\/strong>.<strong> Tous les soirs \u00e0 partir de 20h<\/strong>, la sc\u00e8ne s\u2019anime et te transporte dans un univers \u00e0 part.<\/p>\n<ul class=\"wp-block-list\">\n<li style=\"font-size:16px\"><strong>Les jeudis et vendredis<\/strong>, <strong>place au jazz live<\/strong>. \u00c0 partir d\u2019octobre, des artistes de renom venus de la sc\u00e8ne nationale et internationale viendront partager leur talent dans une ambiance intimiste, id\u00e9ale pour accompagner un d\u00eener ou prolonger la soir\u00e9e autour d\u2019un verre.<\/li>\n<li style=\"font-size:16px\"><strong>Le samedi<\/strong>, la cr\u00e9ativit\u00e9 prend le dessus avec <strong>des soir\u00e9es \u00e0 th\u00e8me \u00e9tonnantes<\/strong>. Cabaret burlesque, piano-voix, violoncelle solo, DJ sets\u2026 Chaque semaine te r\u00e9serve son lot de surprises pour des soir\u00e9es m\u00e9morables.<\/li>\n<li style=\"font-size:16px\"><strong>Le dimanche<\/strong>, le tempo ralentit avec <strong>un piano-bar<\/strong> en entr\u00e9e libre, <strong>de 20h \u00e0 23h30<\/strong>. L\u2019occasion parfaite de conclure le week-end en douceur, sans formule impos\u00e9e.<\/li>\n<\/ul>\n<p><img loading=\"lazy\" decoding=\"async\" width=\"683\" height=\"1024\" src=\"https:\/\/www.europesays.com\/fr\/wp-content\/uploads\/2025\/09\/avantap-21-683x1024.jpg\" alt=\"\" class=\"wp-image-82942\" style=\"width:591px;height:auto\"  \/>Chaque soir, la sc\u00e8ne prend vie-\u00a9Code23<\/p>\n<p>Le Speakeasy : une adresse dans l\u2019adresse<\/p>\n<p style=\"font-size:16px\">Pour les initi\u00e9s, <strong>CODE 23<\/strong> cache un tr\u00e9sor en sous-sol : son\u00a0<strong>Speakeasy<\/strong>. Ce bar confidentiel, pens\u00e9 pour les amateurs de spiritueux et de belles choses. <strong>Cognacs, whiskys, rhums, vins\u2026<\/strong> mais aussi <strong>cigares <\/strong>s\u00e9lectionn\u00e9s avec soin s\u2019y d\u00e9gustent dans une atmosph\u00e8re feutr\u00e9e, loin de l\u2019agitation ext\u00e9rieure. <strong>Un lieu \u00e0 part, presque secret, qui fait la singularit\u00e9 de l\u2019adresse.<\/strong><\/p>\n<p>Cuisine, cocktails et exp\u00e9riences<\/p>\n<p style=\"font-size:16px\">La carte du\u00a0<strong>Menu-Concert<\/strong>\u00a0propos\u00e9 <strong>du jeudi au samedi<\/strong> permet de <strong>savourer un repas raffin\u00e9 en accord avec la programmation musicale.<\/strong> Deux formules sont propos\u00e9es :<strong> entr\u00e9e + plat ou plat + dessert \u00e0 65 \u20ac<\/strong>, ou <strong>entr\u00e9e + plat + dessert \u00e0 75 \u20ac<\/strong>, <strong>concert inclus<\/strong>, avec un choix de trois entr\u00e9es, trois plats et trois desserts.<\/p>\n<p style=\"font-size:16px\">Et pour d\u00e9marrer la soir\u00e9e, CODE 23 propose un\u00a0<strong>Happy Hour<\/strong>\u00a0de<strong> 17h \u00e0 20h<\/strong> : pour <strong>deux cocktails achet\u00e9s, une planche sal\u00e9e est offerte<\/strong>. Une belle fa\u00e7on de d\u00e9couvrir la cr\u00e9ativit\u00e9 des mixologues maison, r\u00e9put\u00e9s pour leurs associations \u00e9l\u00e9gantes et audacieuses.<\/p>\n<p><img loading=\"lazy\" decoding=\"async\" width=\"783\" height=\"1024\" src=\"https:\/\/www.europesays.com\/fr\/wp-content\/uploads\/2025\/09\/20250513-A7404959-783x1024.jpg\" alt=\"\" class=\"wp-image-82934\" style=\"width:547px;height:auto\"  \/>Rejoins CODE 23 d\u00e8s 17h pour profiter d\u2019un Happy Hour gourmand : 2 cocktails achet\u00e9s = 1 planche sal\u00e9e offerte.-\u00a9Code23<\/p>\n<p>Une nouvelle adresse incontournable \u00e0 Bordeaux<\/p>\n<p style=\"font-size:16px\">Que tu sois en qu\u00eate d\u2019un d\u00eener romantique, d\u2019une sortie entre amis ou d\u2019une soir\u00e9e musicale hors du temps,<strong> CODE 23<\/strong> s\u2019impose d\u00e9j\u00e0 comme une adresse incontournable. Ce lieu incarne une nouvelle fa\u00e7on de vivre <strong>Bordeaux<\/strong> :<strong> \u00e9l\u00e9gante, festive et inspirante<\/strong>.<\/p>\n<p style=\"font-size:16px\">CODE 23 est devenu bien plus qu\u2019un restaurant-bar. C\u2019est une exp\u00e9rience sensorielle compl\u00e8te, un rendez-vous \u00e0 inscrire sur ta carte des nuits bordelaises.<\/p>\n<p class=\"has-text-align-center\" style=\"font-size:16px\"><strong>On y va ?<\/strong><br \/>\ud83d\udccdCode 23 : 27 rue Arnaud Miqueu, 33000 Bordeaux<br \/>\ud83d\udcc5Du Jeudi au Samedi :<strong>\u00a017h00 \u2013 2h00<\/strong><br \/>Dimanche :\u00a0<strong>17h00- 00h00<\/strong><br \/>\ud83d\udc9b\u00a0Ouvert \u00e0 tous.tes<br \/>\ud83d\udcde<a href=\"https:\/\/www.bougerabordeaux.com\/food\/code-23-ladresse-chic-et-envoutante-qui-reinvente-tes-soirees-bordelaises\/tel:09%2074%2064%2007%2047\" target=\"_blank\" rel=\"noreferrer noopener nofollow\">09 74 64 07 47<\/a> \u2022 <a href=\"https:\/\/www.bougerabordeaux.com\/food\/code-23-ladresse-chic-et-envoutante-qui-reinvente-tes-soirees-bordelaises\/tel:%2007%2088%2089%2012%2086\" target=\"_blank\" rel=\"noreferrer noopener nofollow\">07 88 89 12 86<\/a><br \/>\ud83d\udcf2<a href=\"https:\/\/www.code-23.fr\/\" target=\"_blank\" rel=\"noreferrer noopener nofollow\">Site web<\/a> <\/p>\n<p style=\"font-size:16px\">\u00c0 lire aussi : <a href=\"https:\/\/www.bougerabordeaux.com\/actu\/un-skate-park-innovant-aux-bassins-a-flot-un-nouvel-espace-de-glisse-pour-bordeaux\/\" target=\"_blank\" rel=\"noreferrer noopener nofollow\">Un skate-park innovant aux Bassins \u00e0 flot : un nouvel espace de glisse pour Bordeaux<\/a><\/p>\n","protected":false},"excerpt":{"rendered":"Un nouveau lieu attire d\u00e9j\u00e0 tous les regards (et les palais) au c\u0153ur de Bordeaux :\u00a0CODE 23, un&hellip;\n","protected":false},"author":2,"featured_media":361717,"comment_status":"","ping_status":"","sticky":false,"template":"","format":"standard","meta":{"footnotes":""},"categories":[2817],"tags":[1111,11,1997,1777,674,1011,27,12,2219,25],"class_list":{"0":"post-361716","1":"post","2":"type-post","3":"status-publish","4":"format-standard","5":"has-post-thumbnail","7":"category-bordeaux","8":"tag-actu","9":"tag-actualites","10":"tag-bordeaux","11":"tag-eu","12":"tag-europe","13":"tag-fr","14":"tag-france","15":"tag-news","16":"tag-nouvelle-aquitaine","17":"tag-republique-francaise"},"share_on_mastodon":{"url":"https:\/\/pubeurope.com\/@fr\/115136858070933809","error":""},"_links":{"self":[{"href":"https:\/\/www.europesays.com\/fr\/wp-json\/wp\/v2\/posts\/361716","targetHints":{"allow":["GET"]}}],"collection":[{"href":"https:\/\/www.europesays.com\/fr\/wp-json\/wp\/v2\/posts"}],"about":[{"href":"https:\/\/www.europesays.com\/fr\/wp-json\/wp\/v2\/types\/post"}],"author":[{"embeddable":true,"href":"https:\/\/www.europesays.com\/fr\/wp-json\/wp\/v2\/users\/2"}],"replies":[{"embeddable":true,"href":"https:\/\/www.europesays.com\/fr\/wp-json\/wp\/v2\/comments?post=361716"}],"version-history":[{"count":0,"href":"https:\/\/www.europesays.com\/fr\/wp-json\/wp\/v2\/posts\/361716\/revisions"}],"wp:featuredmedia":[{"embeddable":true,"href":"https:\/\/www.europesays.com\/fr\/wp-json\/wp\/v2\/media\/361717"}],"wp:attachment":[{"href":"https:\/\/www.europesays.com\/fr\/wp-json\/wp\/v2\/media?parent=361716"}],"wp:term":[{"taxonomy":"category","embeddable":true,"href":"https:\/\/www.europesays.com\/fr\/wp-json\/wp\/v2\/categories?post=361716"},{"taxonomy":"post_tag","embeddable":true,"href":"https:\/\/www.europesays.com\/fr\/wp-json\/wp\/v2\/tags?post=361716"}],"curies":[{"name":"wp","href":"https:\/\/api.w.org\/{rel}","templated":true}]}}