{"id":361718,"date":"2025-09-02T21:36:22","date_gmt":"2025-09-02T21:36:22","guid":{"rendered":"https:\/\/www.europesays.com\/fr\/361718\/"},"modified":"2025-09-02T21:36:22","modified_gmt":"2025-09-02T21:36:22","slug":"lgv-bordeaux-toulouse-60-jours-pour-lire-25-000-pages-letat-est-loin-de-notre-realite-de-maire","status":"publish","type":"post","link":"https:\/\/www.europesays.com\/fr\/361718\/","title":{"rendered":"LGV Bordeaux-Toulouse\u00a0: 60 jours pour lire 25\u00a0000 pages\u2026 \u00ab\u00a0L\u2019\u00c9tat est loin de notre r\u00e9alit\u00e9 de maire\u00a0\u00bb"},"content":{"rendered":"<p class=\"paragraph text_align_left lp-f-body-02\">\u00ab Ce n\u2019est pas envisageable pour ma petite commune de r\u00e9pondre dans le d\u00e9lai imparti, c\u2019est impossible et cela d\u00e9montre que l\u2019\u00c9tat est loin de notre r\u00e9alit\u00e9 de maire \u00bb, assure Xavier Prevedello. Le 11 juillet, le maire de Saint-Porquier (<a href=\"https:\/\/www.leparisien.fr\/tarn-et-garonne-82\/\" target=\"_blank\" rel=\"noreferrer noopener\">Tarn-et-Garonne<\/a>), village de 1 350 habitants, a re\u00e7u un courrier de la Direction d\u00e9partementale des territoires (DDT) concernant un avis sur la demande d\u2019autorisation environnementale de <a href=\"https:\/\/www.leparisien.fr\/gironde-33\/manifestation-contre-le-projet-de-lgv-bordeaux-toulouse-et-bordeaux-dax-le-combat-nest-pas-fini-20-04-2024-ALEOXLSEBZDRVPSPYHRND7NDIQ.php\" target=\"_blank\" rel=\"noreferrer noopener\">la future ligne \u00e0 grande vitesse Bordeaux-Toulouse<\/a>, dont le trac\u00e9 passe par sa ville.<\/p>\n<p class=\"paragraph text_align_left lp-f-body-02\">Une cl\u00e9 USB contenant 25 000 pages a \u00e9t\u00e9 jointe au courrier, indiquant que les \u00e9lus des 36 communes concern\u00e9es par ce projet ferroviaire \u00e0 14 milliards d\u2019euros &#8211; la mise en service est pr\u00e9vue en 2032 et les travaux ont d\u00e9but\u00e9 au nord de la Ville rose en janvier 2024 &#8211; disposent de 60 jours pour r\u00e9pondre. Une aberration pour eux qui bataillent depuis plus de vingt ans pour cette liaison ferroviaire.<\/p>\n","protected":false},"excerpt":{"rendered":"\u00ab Ce n\u2019est pas envisageable pour ma petite commune de r\u00e9pondre dans le d\u00e9lai imparti, c\u2019est impossible et&hellip;\n","protected":false},"author":2,"featured_media":361719,"comment_status":"","ping_status":"","sticky":false,"template":"","format":"standard","meta":{"footnotes":""},"categories":[2817],"tags":[1111,917,11,1997,459,1777,674,1011,27,3746,4623,12,2219,25],"class_list":{"0":"post-361718","1":"post","2":"type-post","3":"status-publish","4":"format-standard","5":"has-post-thumbnail","7":"category-bordeaux","8":"tag-actu","9":"tag-actu-locale","10":"tag-actualites","11":"tag-bordeaux","12":"tag-departements-horsidfo","13":"tag-eu","14":"tag-europe","15":"tag-fr","16":"tag-france","17":"tag-futurs","18":"tag-haute-garonne-31","19":"tag-news","20":"tag-nouvelle-aquitaine","21":"tag-republique-francaise"},"share_on_mastodon":{"url":"https:\/\/pubeurope.com\/@fr\/115136861599672746","error":""},"_links":{"self":[{"href":"https:\/\/www.europesays.com\/fr\/wp-json\/wp\/v2\/posts\/361718","targetHints":{"allow":["GET"]}}],"collection":[{"href":"https:\/\/www.europesays.com\/fr\/wp-json\/wp\/v2\/posts"}],"about":[{"href":"https:\/\/www.europesays.com\/fr\/wp-json\/wp\/v2\/types\/post"}],"author":[{"embeddable":true,"href":"https:\/\/www.europesays.com\/fr\/wp-json\/wp\/v2\/users\/2"}],"replies":[{"embeddable":true,"href":"https:\/\/www.europesays.com\/fr\/wp-json\/wp\/v2\/comments?post=361718"}],"version-history":[{"count":0,"href":"https:\/\/www.europesays.com\/fr\/wp-json\/wp\/v2\/posts\/361718\/revisions"}],"wp:featuredmedia":[{"embeddable":true,"href":"https:\/\/www.europesays.com\/fr\/wp-json\/wp\/v2\/media\/361719"}],"wp:attachment":[{"href":"https:\/\/www.europesays.com\/fr\/wp-json\/wp\/v2\/media?parent=361718"}],"wp:term":[{"taxonomy":"category","embeddable":true,"href":"https:\/\/www.europesays.com\/fr\/wp-json\/wp\/v2\/categories?post=361718"},{"taxonomy":"post_tag","embeddable":true,"href":"https:\/\/www.europesays.com\/fr\/wp-json\/wp\/v2\/tags?post=361718"}],"curies":[{"name":"wp","href":"https:\/\/api.w.org\/{rel}","templated":true}]}}