{"id":361720,"date":"2025-09-02T21:37:17","date_gmt":"2025-09-02T21:37:17","guid":{"rendered":"https:\/\/www.europesays.com\/fr\/361720\/"},"modified":"2025-09-02T21:37:17","modified_gmt":"2025-09-02T21:37:17","slug":"nouvelle-exposition-au-centre-culturel-municipal-jean-laurent-haute-garonne-castelginest","status":"publish","type":"post","link":"https:\/\/www.europesays.com\/fr\/361720\/","title":{"rendered":"Nouvelle exposition au Centre Culturel Municipal Jean Laurent ! &#8211; Haute Garonne &#8211; Castelginest"},"content":{"rendered":"<p>                    <img width=\"2560\" height=\"1801\" src=\"https:\/\/www.europesays.com\/fr\/wp-content\/uploads\/2025\/09\/MARYSE-ET-JEAN-LOUIS-scaled.jpg\" class=\"img-fluid landscape wp-post-image\" alt=\"Maryse et Jean-Louis Rossignol\" itemprop=\"image\" decoding=\"async\" fetchpriority=\"high\"  \/>                    <\/p>\n<p itemprop=\"name\">\n                                                Maryse et Jean-Louis Rossignol\n                                            <\/p>\n<p>Venez d\u00e9couvrir l\u2019exposition des \u0153uvres de Maryse et Jean-Louis Rossignol (aquarelles et photos) du 8 au 19 septembre 2025 \u00e0 l\u2019espace culturel Jean Laurent 6 rue de l\u2019Eglise \u00e0 Castelginest.<\/p>\n<p>Ouvert du lundi au vendredi de 15h \u00e0 18h et le Samedi de 10h \u00e0 12h en pr\u00e9sence des artistes. Ils vous invitent au vernissage le 11 septembre \u00e0 18h30 !<\/p>\n<p>Entr\u00e9e libre.<\/p>\n<p class=\"signature\" itemscope=\"\" itemprop=\"Author\" itemtype=\"http:\/\/schema.org\/Person\">\n                VLoz\n            <\/p>\n","protected":false},"excerpt":{"rendered":"Maryse et Jean-Louis Rossignol Venez d\u00e9couvrir l\u2019exposition des \u0153uvres de Maryse et Jean-Louis Rossignol (aquarelles et photos) du&hellip;\n","protected":false},"author":2,"featured_media":361721,"comment_status":"","ping_status":"","sticky":false,"template":"","format":"standard","meta":{"footnotes":""},"categories":[2816],"tags":[1111,11,1777,674,1011,27,12,2680,25,2312],"class_list":{"0":"post-361720","1":"post","2":"type-post","3":"status-publish","4":"format-standard","5":"has-post-thumbnail","7":"category-toulouse","8":"tag-actu","9":"tag-actualites","10":"tag-eu","11":"tag-europe","12":"tag-fr","13":"tag-france","14":"tag-news","15":"tag-occitanie","16":"tag-republique-francaise","17":"tag-toulouse"},"share_on_mastodon":{"url":"https:\/\/pubeurope.com\/@fr\/115136865506209868","error":""},"_links":{"self":[{"href":"https:\/\/www.europesays.com\/fr\/wp-json\/wp\/v2\/posts\/361720","targetHints":{"allow":["GET"]}}],"collection":[{"href":"https:\/\/www.europesays.com\/fr\/wp-json\/wp\/v2\/posts"}],"about":[{"href":"https:\/\/www.europesays.com\/fr\/wp-json\/wp\/v2\/types\/post"}],"author":[{"embeddable":true,"href":"https:\/\/www.europesays.com\/fr\/wp-json\/wp\/v2\/users\/2"}],"replies":[{"embeddable":true,"href":"https:\/\/www.europesays.com\/fr\/wp-json\/wp\/v2\/comments?post=361720"}],"version-history":[{"count":0,"href":"https:\/\/www.europesays.com\/fr\/wp-json\/wp\/v2\/posts\/361720\/revisions"}],"wp:featuredmedia":[{"embeddable":true,"href":"https:\/\/www.europesays.com\/fr\/wp-json\/wp\/v2\/media\/361721"}],"wp:attachment":[{"href":"https:\/\/www.europesays.com\/fr\/wp-json\/wp\/v2\/media?parent=361720"}],"wp:term":[{"taxonomy":"category","embeddable":true,"href":"https:\/\/www.europesays.com\/fr\/wp-json\/wp\/v2\/categories?post=361720"},{"taxonomy":"post_tag","embeddable":true,"href":"https:\/\/www.europesays.com\/fr\/wp-json\/wp\/v2\/tags?post=361720"}],"curies":[{"name":"wp","href":"https:\/\/api.w.org\/{rel}","templated":true}]}}