{"id":361722,"date":"2025-09-02T21:38:19","date_gmt":"2025-09-02T21:38:19","guid":{"rendered":"https:\/\/www.europesays.com\/fr\/361722\/"},"modified":"2025-09-02T21:38:19","modified_gmt":"2025-09-02T21:38:19","slug":"la-brigade-anticriminalite-de-toulouse-intervient-en-plein-deal-et-permet-de-saisir-1-kg-de-drogue","status":"publish","type":"post","link":"https:\/\/www.europesays.com\/fr\/361722\/","title":{"rendered":"La brigade anticriminalit\u00e9 de Toulouse intervient en plein deal et permet de saisir 1\u00a0kg de drogue"},"content":{"rendered":"<p>\n                                                                    l&rsquo;essentiel<br \/>\n                                                                La brigade anticriminalit\u00e9 est intervenue en pleine transaction de stups, dimanche 31\u00a0ao\u00fbt, \u00e0 Toulouse. Perquisition fructueuse \u00e0 la cl\u00e9.\n                            <\/p>\n<p>La brigade anticriminalit\u00e9 arpentait le pav\u00e9 dans le quartier du Mirail lorsqu\u2019elle a, comme souvent, assist\u00e9 \u00e0 une transaction de stups. Il \u00e9tait 19\u00a0h\u00a030, dimanche 31\u00a0ao\u00fbt 2025, et l\u2019\u00e9quipage fondait sur sa proie comme pygargue \u00e0 t\u00eate blanche sur un saumon dodu.<\/p>\n<p>Trois individus \u00e9taient interpell\u00e9s. Un mineur de 16 ans, un jeune homme de 25 ans et un homme de 35 ans. Direction la garde \u00e0 vue au commissariat.<\/p>\n<p>Fructueuse perquisition<\/p>\n<p>Comme la loi les y autorise lors de flagrants d\u00e9lits en mati\u00e8re de stup\u00e9fiants, les forces de l\u2019ordre ont proc\u00e9d\u00e9 \u00e0 des perquisitions. Qui leur ont permis de mettre la main sur 1\u00a0kg de cannabis (900\u00a0g d\u2019herbe et 100\u00a0g de r\u00e9sine) dans l\u2019appartement de l\u2019un des suspects, ainsi qu\u2019une petite somme en cash (160\u00a0euros).<\/p>\n<p>        <img decoding=\"async\" class=\"std-img__img responsive-img\" src=\"https:\/\/www.europesays.com\/fr\/wp-content\/uploads\/2025\/09\/1756849099_410_image.jpg\" alt=\"La BAC est intervenue en plein deal\"\/><\/p>\n<p>                La BAC est intervenue en plein deal<br \/>\n                                    DDM\/Illustration &#8211; THIERRY BORDAS<\/p>\n<p>\u00c0 l\u2019issue de leur audition, le benjamin sera suivi par la justice aff\u00e9rente, le cadet a re\u00e7u une convocation pour r\u00e9pondre de ses actes et l\u2019a\u00een\u00e9 a \u00e9t\u00e9 d\u00e9f\u00e9r\u00e9 au parquet de Toulouse. Une comparution imm\u00e9diate \u00e9tait dans l\u2019air\u2026<\/p>\n","protected":false},"excerpt":{"rendered":"l&rsquo;essentiel La brigade anticriminalit\u00e9 est intervenue en pleine transaction de stups, dimanche 31\u00a0ao\u00fbt, \u00e0 Toulouse. Perquisition fructueuse \u00e0&hellip;\n","protected":false},"author":2,"featured_media":361723,"comment_status":"","ping_status":"","sticky":false,"template":"","format":"standard","meta":{"footnotes":""},"categories":[2816],"tags":[1111,11,1777,674,1011,27,12,2680,25,2312],"class_list":{"0":"post-361722","1":"post","2":"type-post","3":"status-publish","4":"format-standard","5":"has-post-thumbnail","7":"category-toulouse","8":"tag-actu","9":"tag-actualites","10":"tag-eu","11":"tag-europe","12":"tag-fr","13":"tag-france","14":"tag-news","15":"tag-occitanie","16":"tag-republique-francaise","17":"tag-toulouse"},"share_on_mastodon":{"url":"https:\/\/pubeurope.com\/@fr\/115136869492193173","error":""},"_links":{"self":[{"href":"https:\/\/www.europesays.com\/fr\/wp-json\/wp\/v2\/posts\/361722","targetHints":{"allow":["GET"]}}],"collection":[{"href":"https:\/\/www.europesays.com\/fr\/wp-json\/wp\/v2\/posts"}],"about":[{"href":"https:\/\/www.europesays.com\/fr\/wp-json\/wp\/v2\/types\/post"}],"author":[{"embeddable":true,"href":"https:\/\/www.europesays.com\/fr\/wp-json\/wp\/v2\/users\/2"}],"replies":[{"embeddable":true,"href":"https:\/\/www.europesays.com\/fr\/wp-json\/wp\/v2\/comments?post=361722"}],"version-history":[{"count":0,"href":"https:\/\/www.europesays.com\/fr\/wp-json\/wp\/v2\/posts\/361722\/revisions"}],"wp:featuredmedia":[{"embeddable":true,"href":"https:\/\/www.europesays.com\/fr\/wp-json\/wp\/v2\/media\/361723"}],"wp:attachment":[{"href":"https:\/\/www.europesays.com\/fr\/wp-json\/wp\/v2\/media?parent=361722"}],"wp:term":[{"taxonomy":"category","embeddable":true,"href":"https:\/\/www.europesays.com\/fr\/wp-json\/wp\/v2\/categories?post=361722"},{"taxonomy":"post_tag","embeddable":true,"href":"https:\/\/www.europesays.com\/fr\/wp-json\/wp\/v2\/tags?post=361722"}],"curies":[{"name":"wp","href":"https:\/\/api.w.org\/{rel}","templated":true}]}}