{"id":361724,"date":"2025-09-02T21:39:19","date_gmt":"2025-09-02T21:39:19","guid":{"rendered":"https:\/\/www.europesays.com\/fr\/361724\/"},"modified":"2025-09-02T21:39:19","modified_gmt":"2025-09-02T21:39:19","slug":"et-si-vous-vous-mettiez-au-compostage","status":"publish","type":"post","link":"https:\/\/www.europesays.com\/fr\/361724\/","title":{"rendered":"Et si vous vous mettiez au compostage ?"},"content":{"rendered":"<p class=\"introduction\">Vous disposez d&rsquo;un jardin et vous souhaiter r\u00e9duire vos d\u00e9chets ? Cet automne la MEL met \u00e0 nouveau \u00e0 votre disposition des composteurs individuels. A Roubaix, la distribution commencera le 20 septembre. Comment vous le procurer ?<\/p>\n<p data-start=\"111\" data-end=\"183\"><strong data-start=\"111\" data-end=\"148\">Le compostage, un vrai bon plan !<br \/><\/strong><br data-start=\"148\" data-end=\"151\"\/>Adopter un composteur, c\u2019est :<\/p>\n<ul data-start=\"184\" data-end=\"500\">\n<li data-start=\"184\" data-end=\"284\">\n<p data-start=\"186\" data-end=\"284\">all\u00e9ger vos poubelles et limiter l\u2019impact carbone li\u00e9 \u00e0 la collecte et au transport des d\u00e9chets,<\/p>\n<\/li>\n<li data-start=\"285\" data-end=\"391\">\n<p data-start=\"287\" data-end=\"391\">produire un compost 100 % naturel, gratuit et id\u00e9al pour nourrir vos plantes et embellir votre jardin,<\/p>\n<\/li>\n<li data-start=\"392\" data-end=\"500\">\n<p data-start=\"394\" data-end=\"500\">\u00e9viter les allers-retours en d\u00e9ch\u00e8terie et gagner de la place en supprimant le bac d\u00e9di\u00e9 aux biod\u00e9chets.<\/p>\n<\/li>\n<\/ul>\n<p data-start=\"502\" data-end=\"561\">Un geste simple, \u00e9cologique et pratique au quotidien !<\/p>\n<p>Comment r\u00e9server votre composteur ?<\/p>\n<p>Vous pouvez commander votre kit de compostage sur le site de la MEL , moyennant une participation (18 \u20ac \/ prix r\u00e9el 60\u20ac)\u00a0:<\/p>\n<p>&gt; <a href=\"https:\/\/www.lillemetropole.fr\/actualites\/la-mel-distribue-des-composteurs-individuels-aux-metropolitains\" target=\"_blank\" rel=\"noopener\">Rendez-vous sur le site internet de la MEL<\/a><\/p>\n<ul>\n<li>Choisissez la date et le point de retrait<\/li>\n<li>Inscrivez-vous \u00e0 l\u2019une des visio-conf\u00e9rences du ma\u00eetre-composteur<\/li>\n<li>Payez 18\u20ac en ligne<\/li>\n<li>Retirez votre kit de compostage \u00e0 la date et au lieu choisis.<\/li>\n<\/ul>\n<p>D\u2019autres campagnes de distribution de composteurs MEL auront ensuite lieu chaque ann\u00e9e jusqu\u2019en 2029.<\/p>\n","protected":false},"excerpt":{"rendered":"Vous disposez d&rsquo;un jardin et vous souhaiter r\u00e9duire vos d\u00e9chets ? Cet automne la MEL met \u00e0 nouveau&hellip;\n","protected":false},"author":2,"featured_media":361725,"comment_status":"","ping_status":"","sticky":false,"template":"","format":"standard","meta":{"footnotes":""},"categories":[2815],"tags":[1111,11,13037,41239,1777,674,1011,27,811,1307,12,25,19686],"class_list":{"0":"post-361724","1":"post","2":"type-post","3":"status-publish","4":"format-standard","5":"has-post-thumbnail","7":"category-lille","8":"tag-actu","9":"tag-actualites","10":"tag-compost","11":"tag-composteur","12":"tag-eu","13":"tag-europe","14":"tag-fr","15":"tag-france","16":"tag-hauts-de-france","17":"tag-lille","18":"tag-news","19":"tag-republique-francaise","20":"tag-roubaix-zero-dechet"},"share_on_mastodon":{"url":"https:\/\/pubeurope.com\/@fr\/115136873562137314","error":""},"_links":{"self":[{"href":"https:\/\/www.europesays.com\/fr\/wp-json\/wp\/v2\/posts\/361724","targetHints":{"allow":["GET"]}}],"collection":[{"href":"https:\/\/www.europesays.com\/fr\/wp-json\/wp\/v2\/posts"}],"about":[{"href":"https:\/\/www.europesays.com\/fr\/wp-json\/wp\/v2\/types\/post"}],"author":[{"embeddable":true,"href":"https:\/\/www.europesays.com\/fr\/wp-json\/wp\/v2\/users\/2"}],"replies":[{"embeddable":true,"href":"https:\/\/www.europesays.com\/fr\/wp-json\/wp\/v2\/comments?post=361724"}],"version-history":[{"count":0,"href":"https:\/\/www.europesays.com\/fr\/wp-json\/wp\/v2\/posts\/361724\/revisions"}],"wp:featuredmedia":[{"embeddable":true,"href":"https:\/\/www.europesays.com\/fr\/wp-json\/wp\/v2\/media\/361725"}],"wp:attachment":[{"href":"https:\/\/www.europesays.com\/fr\/wp-json\/wp\/v2\/media?parent=361724"}],"wp:term":[{"taxonomy":"category","embeddable":true,"href":"https:\/\/www.europesays.com\/fr\/wp-json\/wp\/v2\/categories?post=361724"},{"taxonomy":"post_tag","embeddable":true,"href":"https:\/\/www.europesays.com\/fr\/wp-json\/wp\/v2\/tags?post=361724"}],"curies":[{"name":"wp","href":"https:\/\/api.w.org\/{rel}","templated":true}]}}