{"id":361726,"date":"2025-09-02T21:40:09","date_gmt":"2025-09-02T21:40:09","guid":{"rendered":"https:\/\/www.europesays.com\/fr\/361726\/"},"modified":"2025-09-02T21:40:09","modified_gmt":"2025-09-02T21:40:09","slug":"ce-que-fait-olivier-letang-a-lille-est-tres-tres-fort-souligne-diaz","status":"publish","type":"post","link":"https:\/\/www.europesays.com\/fr\/361726\/","title":{"rendered":"\u201cCe que fait Olivier L\u00e9tang \u00e0 Lille est tr\u00e8s tr\u00e8s fort\u201d, souligne Diaz"},"content":{"rendered":"<p>LOSC : \u201cCe que fait Olivier L\u00e9tang \u00e0 Lille est tr\u00e8s tr\u00e8s fort\u201d, souligne Diaz Sur le m\u00eame sujet<a href=\"https:\/\/rmcsport.bfmtv.com\/replay-emissions\/after-foot\/video-stade-rennais-les-rouges-et-noirs-peuvent-ils-redevenir-un-candidat-en-europe_VN-202509020882.html\" title=\"Stade Rennais : Les Rouges et Noirs peuvent-ils redevenir un candidat en Europe ?\" rel=\"nofollow noopener\" target=\"_blank\"><img class=\"lozad\"  width=\"16\" height=\"9\" alt=\"Stade Rennais : Les Rouges et Noirs peuvent-ils redevenir un candidat en Europe ?\"\/>7:48Stade Rennais : Les Rouges et Noirs peuvent-ils redevenir un candidat en Europe ?<\/a><a href=\"https:\/\/rmcsport.bfmtv.com\/replay-emissions\/after-foot\/video-pfc-ou-est-l-expertise-de-red-bull-sur-le-mercato-du-paris-fc-interroge-jimmy-braun_VN-202509020879.html\" title=\"PFC : \u201cO\u00f9 est l\u2019expertise de Red Bull sur le mercato du Paris FC ?\u201d, interroge Jimmy Braun\" rel=\"nofollow noopener\" target=\"_blank\"><img class=\"lozad\"  width=\"16\" height=\"9\" alt=\"PFC : \u201cO\u00f9 est l\u2019expertise de Red Bull sur le mercato du Paris FC ?\u201d, interroge Jimmy Braun\"\/>14:04PFC : \u201cO\u00f9 est l\u2019expertise de Red Bull sur le mercato du Paris FC ?\u201d, interroge Jimmy Braun<\/a><a href=\"https:\/\/rmcsport.bfmtv.com\/replay-emissions\/after-foot\/video-ol-lyon-dans-le-top-4-de-ligue-1-en-fin-de-saison-ce-serait-un-miracle-explique-acherchour_VN-202509020873.html\" title=\"OL : Lyon dans le top 4 de Ligue 1 en fin de saison ? \u201cCe serait un miracle\u201d, explique Acherchour\" rel=\"nofollow noopener\" target=\"_blank\"><img class=\"lozad\"  width=\"16\" height=\"9\" alt=\"OL : Lyon dans le top 4 de Ligue 1 en fin de saison ? \u201cCe serait un miracle\u201d, explique Acherchour\"\/>16:22OL : Lyon dans le top 4 de Ligue 1 en fin de saison ? \u201cCe serait un miracle\u201d, explique Acherchour<\/a><a href=\"https:\/\/rmcsport.bfmtv.com\/replay-emissions\/after-foot\/video-losc-ce-que-fait-olivier-letang-a-lille-est-tres-tres-fort-souligne-diaz_VN-202509020859.html\" title=\"LOSC : \u201cCe que fait Olivier L\u00e9tang \u00e0 Lille est tr\u00e8s tr\u00e8s fort\u201d, souligne Diaz\" rel=\"nofollow noopener\" target=\"_blank\"><img class=\"lozad\"  width=\"16\" height=\"9\" alt=\"LOSC : \u201cCe que fait Olivier L\u00e9tang \u00e0 Lille est tr\u00e8s tr\u00e8s fort\u201d, souligne Diaz\"\/>en lectureLOSC : \u201cCe que fait Olivier L\u00e9tang \u00e0 Lille est tr\u00e8s tr\u00e8s fort\u201d, souligne Diaz<\/a><a href=\"https:\/\/rmcsport.bfmtv.com\/replay-emissions\/after-foot\/video-om-le-debut-de-saison-de-balerdi-est-cataclysmique-estime-acherchour_VN-202509020851.html\" title=\"OM : \u201cLe d\u00e9but de saison de Balerdi est cataclysmique\u201d, estime Acherchour\" rel=\"nofollow noopener\" target=\"_blank\"><img class=\"lozad\"  width=\"16\" height=\"9\" alt=\"OM : \u201cLe d\u00e9but de saison de Balerdi est cataclysmique\u201d, estime Acherchour\"\/>11:46OM : \u201cLe d\u00e9but de saison de Balerdi est cataclysmique\u201d, estime Acherchour<\/a><a href=\"https:\/\/rmcsport.bfmtv.com\/football\/ligue-1\/video-mercato-strasbourg-fausse-le-championnat-faut-il-durcir-les-regles-de-la-multipropriete_VN-202509020256.html\" title=\"Mercato : &quot;Strasbourg fausse le championnat&quot;... faut-il durcir les r\u00e8gles de la multipropri\u00e9t\u00e9 ? \" rel=\"nofollow noopener\" target=\"_blank\"><img class=\"lozad\"  width=\"16\" height=\"9\" alt=\"Mercato : &quot;Strasbourg fausse le championnat&quot;... faut-il durcir les r\u00e8gles de la multipropri\u00e9t\u00e9 ? \"\/>12:52Mercato : \u00ab\u00a0Strasbourg fausse le championnat\u00a0\u00bb&#8230; faut-il durcir les r\u00e8gles de la multipropri\u00e9t\u00e9 ?<\/a><a href=\"https:\/\/rmcsport.bfmtv.com\/replay-emissions\/after-foot\/video-rennes-le-match-face-a-angers-est-inadmissible-lache-riolo_VN-202509010895.html\" title=\"Rennes : &quot;Le match face \u00e0 Angers est inadmissible&quot;, l\u00e2che Riolo\" rel=\"nofollow noopener\" target=\"_blank\"><img class=\"lozad\"  width=\"16\" height=\"9\" alt=\"Rennes : &quot;Le match face \u00e0 Angers est inadmissible&quot;, l\u00e2che Riolo\"\/>10:20Rennes : \u00ab\u00a0Le match face \u00e0 Angers est inadmissible\u00a0\u00bb, l\u00e2che Riolo<\/a><a href=\"https:\/\/rmcsport.bfmtv.com\/replay-emissions\/after-foot\/video-ol-je-n-ai-pas-compris-la-gestion-du-cas-mikautadze-reconnait-acherchour_VN-202509010888.html\" title=\"OL : &quot;Je n&#039;ai pas compris la gestion du cas Mikautadze&quot;, reconna\u00eet Acherchour\" rel=\"nofollow noopener\" target=\"_blank\"><img class=\"lozad\"  width=\"16\" height=\"9\" alt=\"OL : &quot;Je n'ai pas compris la gestion du cas Mikautadze&quot;, reconna\u00eet Acherchour\"\/>8:58OL : \u00ab\u00a0Je n&rsquo;ai pas compris la gestion du cas Mikautadze\u00a0\u00bb, reconna\u00eet Acherchour<\/a><a href=\"https:\/\/rmcsport.bfmtv.com\/replay-emissions\/after-foot\/video-om-des-annees-qu-on-n-a-pas-eu-un-effectif-aussi-fort-analyse-riolo_VN-202509010874.html\" title=\"OM : &quot;Des ann\u00e9es qu&#039;on n&#039;a pas eu un effectif aussi fort&quot;, analyse Riolo\" rel=\"nofollow noopener\" target=\"_blank\"><img class=\"lozad\"  width=\"16\" height=\"9\" alt=\"OM : &quot;Des ann\u00e9es qu'on n'a pas eu un effectif aussi fort&quot;, analyse Riolo\"\/>9:42OM : \u00ab\u00a0Des ann\u00e9es qu&rsquo;on n&rsquo;a pas eu un effectif aussi fort\u00a0\u00bb, analyse Riolo<\/a><a href=\"https:\/\/rmcsport.bfmtv.com\/replay-emissions\/after-foot\/video-milan-ac-le-meilleur-mercato-de-serie-a_VN-202509010860.html\" title=\"Milan AC : Le meilleur mercato de Serie A ?\" rel=\"nofollow noopener\" target=\"_blank\"><img class=\"lozad\"  width=\"16\" height=\"9\" alt=\"Milan AC : Le meilleur mercato de Serie A ?\"\/>9:24Milan AC : Le meilleur mercato de Serie A ?<\/a><a href=\"https:\/\/rmcsport.bfmtv.com\/replay-emissions\/after-foot\/video-depassee-par-la-premier-league-la-bundesliga-devient-elle-un-championnat-de-formation_VN-202509010845.html\" title=\"D\u00e9pass\u00e9e par la Premier League, la Bundesliga devient-elle un championnat de formation ?\" rel=\"nofollow noopener\" target=\"_blank\"><img class=\"lozad\"  width=\"16\" height=\"9\" alt=\"D\u00e9pass\u00e9e par la Premier League, la Bundesliga devient-elle un championnat de formation ?\"\/>7:58D\u00e9pass\u00e9e par la Premier League, la Bundesliga devient-elle un championnat de formation ?<\/a><a href=\"https:\/\/rmcsport.bfmtv.com\/replay-emissions\/after-foot\/video-liverpool-ils-ont-tue-le-game-decryptage-d-un-mercato-xxl_VN-202509010837.html\" title=\"Liverpool : &quot;Ils ont tu\u00e9 le game&quot;, d\u00e9cryptage d&#039;un mercato XXL\" rel=\"nofollow noopener\" target=\"_blank\"><img class=\"lozad\"  width=\"16\" height=\"9\" alt=\"Liverpool : &quot;Ils ont tu\u00e9 le game&quot;, d\u00e9cryptage d'un mercato XXL\"\/>9:19Liverpool : \u00ab\u00a0Ils ont tu\u00e9 le game\u00a0\u00bb, d\u00e9cryptage d&rsquo;un mercato XXL<\/a><a href=\"https:\/\/rmcsport.bfmtv.com\/replay-emissions\/after-foot\/video-manchester-united-encore-une-saison-en-enfer_VN-202509010827.html\" title=\"Manchester United : Encore une saison en enfer ?\" rel=\"nofollow noopener\" target=\"_blank\"><img class=\"lozad\"  width=\"16\" height=\"9\" alt=\"Manchester United : Encore une saison en enfer ?\"\/>9:44Manchester United : Encore une saison en enfer ?<\/a><a href=\"https:\/\/rmcsport.bfmtv.com\/replay-emissions\/after-foot\/video-bayer-leverkusen-son-autoritarisme-a-pose-probleme-ten-hag-les-raisons-d-un-echec_VN-202509010807.html\" title=\"Bayer Leverkusen : &quot;Son autoritarisme a pos\u00e9 probl\u00e8me&quot; Ten Hag, les raisons d&#039;un \u00e9chec\" rel=\"nofollow noopener\" target=\"_blank\"><img class=\"lozad\"  width=\"16\" height=\"9\" alt=\"Bayer Leverkusen : &quot;Son autoritarisme a pos\u00e9 probl\u00e8me&quot; Ten Hag, les raisons d'un \u00e9chec\"\/>6:16Bayer Leverkusen : \u00ab\u00a0Son autoritarisme a pos\u00e9 probl\u00e8me\u00a0\u00bb Ten Hag, les raisons d&rsquo;un \u00e9chec<\/a><a class=\"jumpToVideo\" target=\"_blank\"><img class=\"thumbnailPreview\"\/><\/a><\/p>\n","protected":false},"excerpt":{"rendered":"LOSC : \u201cCe que fait Olivier L\u00e9tang \u00e0 Lille est tr\u00e8s tr\u00e8s fort\u201d, souligne Diaz Sur le m\u00eame&hellip;\n","protected":false},"author":2,"featured_media":361727,"comment_status":"","ping_status":"","sticky":false,"template":"","format":"standard","meta":{"footnotes":""},"categories":[2815],"tags":[1111,11,1777,674,1011,27,811,1307,12,25],"class_list":{"0":"post-361726","1":"post","2":"type-post","3":"status-publish","4":"format-standard","5":"has-post-thumbnail","7":"category-lille","8":"tag-actu","9":"tag-actualites","10":"tag-eu","11":"tag-europe","12":"tag-fr","13":"tag-france","14":"tag-hauts-de-france","15":"tag-lille","16":"tag-news","17":"tag-republique-francaise"},"share_on_mastodon":{"url":"https:\/\/pubeurope.com\/@fr\/115136877324333143","error":""},"_links":{"self":[{"href":"https:\/\/www.europesays.com\/fr\/wp-json\/wp\/v2\/posts\/361726","targetHints":{"allow":["GET"]}}],"collection":[{"href":"https:\/\/www.europesays.com\/fr\/wp-json\/wp\/v2\/posts"}],"about":[{"href":"https:\/\/www.europesays.com\/fr\/wp-json\/wp\/v2\/types\/post"}],"author":[{"embeddable":true,"href":"https:\/\/www.europesays.com\/fr\/wp-json\/wp\/v2\/users\/2"}],"replies":[{"embeddable":true,"href":"https:\/\/www.europesays.com\/fr\/wp-json\/wp\/v2\/comments?post=361726"}],"version-history":[{"count":0,"href":"https:\/\/www.europesays.com\/fr\/wp-json\/wp\/v2\/posts\/361726\/revisions"}],"wp:featuredmedia":[{"embeddable":true,"href":"https:\/\/www.europesays.com\/fr\/wp-json\/wp\/v2\/media\/361727"}],"wp:attachment":[{"href":"https:\/\/www.europesays.com\/fr\/wp-json\/wp\/v2\/media?parent=361726"}],"wp:term":[{"taxonomy":"category","embeddable":true,"href":"https:\/\/www.europesays.com\/fr\/wp-json\/wp\/v2\/categories?post=361726"},{"taxonomy":"post_tag","embeddable":true,"href":"https:\/\/www.europesays.com\/fr\/wp-json\/wp\/v2\/tags?post=361726"}],"curies":[{"name":"wp","href":"https:\/\/api.w.org\/{rel}","templated":true}]}}