{"id":361729,"date":"2025-09-02T21:42:10","date_gmt":"2025-09-02T21:42:10","guid":{"rendered":"https:\/\/www.europesays.com\/fr\/361729\/"},"modified":"2025-09-02T21:42:10","modified_gmt":"2025-09-02T21:42:10","slug":"ce-que-lon-sait-de-lassaillant-qui-a-blesse-cinq-personnes","status":"publish","type":"post","link":"https:\/\/www.europesays.com\/fr\/361729\/","title":{"rendered":"ce que l&rsquo;on sait de l&rsquo;assaillant qui a bless\u00e9 cinq personnes"},"content":{"rendered":"<p class=\"mb-4 text-lg md:leading-8 break-words\">\u00c0 Marseille, c&rsquo;est le choc. Dans\u00a0l&rsquo;apr\u00e8s-midi du mardi\u00a02\u00a0septembre, un homme arm\u00e9 d&rsquo;un couteau s&rsquo;en est pris \u00e0 plusieurs personnes dans un h\u00f4tel du quartier Belsunce de la cit\u00e9 phoc\u00e9enne, situ\u00e9 \u00e0 une dizaine de minutes du Vieux-Port. Au cours de cette violente agression, cinq personnes ont \u00e9t\u00e9 bless\u00e9es &#8211;\u00a0pour certaines d&rsquo;entre elles dans un \u00e9tat grave &#8211;\u00a0avant que le suspect ne soit neutralis\u00e9 par les forces de l&rsquo;ordre.<\/p>\n<p class=\"mb-4 text-lg md:leading-8 break-words\">L&rsquo;assaillant, \u00e2g\u00e9 de\u00a035\u00a0ans et de nationalit\u00e9 tunisienne, r\u00e9sidait en France avec des papiers\u00a0en r\u00e8gle. Il \u00e9tait connu des services du renseignement territorial, mais \u00ab\u00a0pas pour radicalisation\u00a0\u00bb, pr\u00e9cise une source proche du dossier au Point. Son profil renvoie plut\u00f4t \u00e0 un parcours marqu\u00e9 par des ant\u00e9c\u00e9dents judiciaires de droit commun et, surtout, par de lourds troubles psychiatriques.<\/p>\n<p class=\"mb-4 text-lg md:leading-8 break-words\">Quelques heures apr\u00e8s les faits, dans la soir\u00e9e, Bruno Retailleau s&rsquo;est rendu sur place o\u00f9 il a tenu une conf\u00e9rence de presse pour pr\u00e9ciser encore davantage le contexte de l&rsquo;attaque. L&rsquo;assaillant, serait n\u00e9 en\u00a01990\u00a0en Tunisie, d&rsquo;apr\u00e8s le locataire de Beauvau qui a \u00e9galement indiqu\u00e9\u00a0que le suspect avait tenu, quelques jours auparavant,\u00a0des propos\u00a0\u00ab\u00a0antis\u00e9mites, prof\u00e9r\u00e9s devant la mosqu\u00e9e de S\u00e8te\u00a0\u00bb.\u00a0\u00ab\u00a0Le mobile semble \u00eatre un motif priv\u00e9, une question de loyer non pay\u00e9\u00a0\u00bb\u00a0et\u00a0\u00ab\u00a0le motif de radicalisation semble \u00e9cart\u00e9\u00a0\u00bb, a ensuite expliqu\u00e9 le ministre de l&rsquo;Int\u00e9rieur, confirmant les \u00e9l\u00e9ments avanc\u00e9s plus t\u00f4t par le procureur de la R\u00e9publique de Marseille, Nicolas Be [&#8230;] <a href=\"https:\/\/www.lepoint.fr\/societe\/ce-que-l-on-sait-de-l-assaillant-qui-a-blesse-cinq-personnes-dans-une-attaque-au-couteau-a-marseille-02-09-2025-2597616_23.php\" rel=\"nofollow noopener\" target=\"_blank\" data-ylk=\"slk:Lire la suite;elm:context_link;itc:0;sec:content-canvas\" class=\"link \">Lire la suite<\/a><\/p>\n","protected":false},"excerpt":{"rendered":"\u00c0 Marseille, c&rsquo;est le choc. Dans\u00a0l&rsquo;apr\u00e8s-midi du mardi\u00a02\u00a0septembre, un homme arm\u00e9 d&rsquo;un couteau s&rsquo;en est pris \u00e0 plusieurs&hellip;\n","protected":false},"author":2,"featured_media":361730,"comment_status":"","ping_status":"","sticky":false,"template":"","format":"standard","meta":{"footnotes":""},"categories":[2814],"tags":[1111,11,1013,1777,674,3160,1011,27,884,12,3764,882,25],"class_list":{"0":"post-361729","1":"post","2":"type-post","3":"status-publish","4":"format-standard","5":"has-post-thumbnail","7":"category-marseille","8":"tag-actu","9":"tag-actualites","10":"tag-bruno-retailleau","11":"tag-eu","12":"tag-europe","13":"tag-forces-de-lordre","14":"tag-fr","15":"tag-france","16":"tag-marseille","17":"tag-news","18":"tag-procureur-de-la-republique","19":"tag-provence-alpes-cote-dazur","20":"tag-republique-francaise"},"share_on_mastodon":{"url":"https:\/\/pubeurope.com\/@fr\/115136885171671129","error":""},"_links":{"self":[{"href":"https:\/\/www.europesays.com\/fr\/wp-json\/wp\/v2\/posts\/361729","targetHints":{"allow":["GET"]}}],"collection":[{"href":"https:\/\/www.europesays.com\/fr\/wp-json\/wp\/v2\/posts"}],"about":[{"href":"https:\/\/www.europesays.com\/fr\/wp-json\/wp\/v2\/types\/post"}],"author":[{"embeddable":true,"href":"https:\/\/www.europesays.com\/fr\/wp-json\/wp\/v2\/users\/2"}],"replies":[{"embeddable":true,"href":"https:\/\/www.europesays.com\/fr\/wp-json\/wp\/v2\/comments?post=361729"}],"version-history":[{"count":0,"href":"https:\/\/www.europesays.com\/fr\/wp-json\/wp\/v2\/posts\/361729\/revisions"}],"wp:featuredmedia":[{"embeddable":true,"href":"https:\/\/www.europesays.com\/fr\/wp-json\/wp\/v2\/media\/361730"}],"wp:attachment":[{"href":"https:\/\/www.europesays.com\/fr\/wp-json\/wp\/v2\/media?parent=361729"}],"wp:term":[{"taxonomy":"category","embeddable":true,"href":"https:\/\/www.europesays.com\/fr\/wp-json\/wp\/v2\/categories?post=361729"},{"taxonomy":"post_tag","embeddable":true,"href":"https:\/\/www.europesays.com\/fr\/wp-json\/wp\/v2\/tags?post=361729"}],"curies":[{"name":"wp","href":"https:\/\/api.w.org\/{rel}","templated":true}]}}