{"id":361731,"date":"2025-09-02T21:43:10","date_gmt":"2025-09-02T21:43:10","guid":{"rendered":"https:\/\/www.europesays.com\/fr\/361731\/"},"modified":"2025-09-02T21:43:10","modified_gmt":"2025-09-02T21:43:10","slug":"grand-lyon-ecosystem-et-trusk-dressent-le-bilan-dune-premiere-annee-de-collecte-delectromenager","status":"publish","type":"post","link":"https:\/\/www.europesays.com\/fr\/361731\/","title":{"rendered":"Grand Lyon : ecosystem et TRUSK dressent le bilan d\u2019une premi\u00e8re ann\u00e9e de collecte d\u2019\u00e9lectrom\u00e9nager"},"content":{"rendered":"<p>                                                        <img loading=\"lazy\" decoding=\"async\" width=\"2048\" height=\"1536\" src=\"data:image\/svg+xml,%3Csvg%20xmlns=\" http:=\"\" class=\"thumb img-responsive m-x-auto block w-full\" alt=\"lyon entreprises je donne mon \u00e9lectrom\u00e9nager\" caption=\"\" data-lazy-src=\"https:\/\/www.europesays.com\/fr\/wp-content\/uploads\/2025\/09\/lyon-entreprises-je-donne-mon-electromenage-scaled.jpg\"\/><\/p>\n<p class=\"ez-toc-title ez-toc-toggle\" style=\"cursor: pointer\">Sommaire &amp; acc\u00e8s rapide<\/p>\n<p><a href=\"#\" class=\"ez-toc-pull-right ez-toc-btn ez-toc-btn-xs ez-toc-btn-default ez-toc-toggle\" aria-label=\"Toggle Table of Content\">Toggle<\/a><\/p>\n<p><strong>Depuis 2024, l\u2019\u00e9co-organisme ecosystem et l\u2019op\u00e9rateur logistique TRUSK proposent aux habitants des 58 communes de la M\u00e9tropole de Lyon un service gratuit de collecte \u00e0 domicile des gros \u00e9lectrom\u00e9nagers. Apr\u00e8s une ann\u00e9e d\u2019activit\u00e9, les r\u00e9sultats confirment l\u2019efficacit\u00e9 de ce mod\u00e8le de r\u00e9emploi et de recyclage.<\/strong><\/p>\n<p>Un service gratuit et accessible<\/p>\n<p>Le dispositif jedonnemonelectromenager permet aux particuliers de prendre rendez-vous pour la collecte de leurs gros appareils usag\u00e9s, parmi une liste de 12 \u00e9quipements \u00e9ligibles (r\u00e9frig\u00e9rateurs, lave-linge, micro-ondes, etc.). Les collectes sont assur\u00e9es du lundi au samedi, entre 7h et 20h, directement au domicile des habitants de la M\u00e9tropole du Grand Lyon.<\/p>\n<p>Les \u00e9quipes de TRUSK prennent en charge le transport jusqu\u2019\u00e0 la plateforme de valorisation des encombrants d\u2019ILO\u00c9, \u00e0 Villeurbanne. Chaque appareil fait l\u2019objet d\u2019un diagnostic pour d\u00e9terminer son potentiel de r\u00e9emploi.<\/p>\n<p>Pr\u00e8s de 14 000 appareils collect\u00e9s en un an<\/p>\n<p>En douze mois, 9 800 collectes ont \u00e9t\u00e9 r\u00e9alis\u00e9es, repr\u00e9sentant 13 700 appareils r\u00e9cup\u00e9r\u00e9s. Environ 20 % d\u2019entre eux, jug\u00e9s en bon \u00e9tat, ont \u00e9t\u00e9 confi\u00e9s \u00e0 Envie Rh\u00f4ne-Alpes, partenaire de l\u2019\u00e9conomie sociale et solidaire, pour \u00eatre r\u00e9par\u00e9s puis remis en vente \u00e0 prix solidaire. Les autres appareils sont d\u00e9pollu\u00e9s et recycl\u00e9s dans le respect des normes environnementales.<\/p>\n<p>Une logistique adapt\u00e9e aux zones urbaines<\/p>\n<p>Ce service r\u00e9pond \u00e0 une probl\u00e9matique sp\u00e9cifique des grandes villes : la difficult\u00e9 pour les m\u00e9nages, notamment en appartement ou sans v\u00e9hicule, de d\u00e9poser leurs appareils usag\u00e9s. Gr\u00e2ce \u00e0 l\u2019intervention des \u00ab Truskers \u00bb, transporteurs partenaires, la collecte est effectu\u00e9e dans des conditions qui pr\u00e9servent au maximum les chances de r\u00e9emploi.<\/p>\n<p>Un partenariat au service de l\u2019environnement<\/p>\n<p>Pour ecosystem, agr\u00e9\u00e9 par les pouvoirs publics, l\u2019objectif est clair : prolonger la dur\u00e9e de vie des \u00e9quipements \u00e9lectriques et \u00e9lectroniques en soutenant leur r\u00e9paration et leur r\u00e9emploi, et \u00e0 d\u00e9faut, assurer leur d\u00e9pollution et leur recyclage. De son c\u00f4t\u00e9, TRUSK, acteur majeur de la logistique urbaine depuis 2016, met son expertise du dernier kilom\u00e8tre au service d\u2019une op\u00e9ration \u00e0 impact environnemental fort.<\/p>\n<p>\u00ab Les premiers r\u00e9sultats confirment l\u2019efficacit\u00e9 du mod\u00e8le de collecte que nous avons d\u00e9ploy\u00e9 \u00bb, souligne Sarah Gimenez Fauvety, directrice g\u00e9n\u00e9rale de TRUSK. Pour Auriane Sz\u00fccs, cheffe de projet chez ecosystem, \u00ab la collecte pr\u00e9cautionneuse favorise le r\u00e9emploi et donne une seconde vie aux appareils \u00bb.<\/p>\n","protected":false},"excerpt":{"rendered":"Sommaire &amp; acc\u00e8s rapide Toggle Depuis 2024, l\u2019\u00e9co-organisme ecosystem et l\u2019op\u00e9rateur logistique TRUSK proposent aux habitants des 58&hellip;\n","protected":false},"author":2,"featured_media":361732,"comment_status":"","ping_status":"","sticky":false,"template":"","format":"standard","meta":{"footnotes":""},"categories":[1889],"tags":[1111,11,2430,1777,674,1011,27,2428,12,25],"class_list":{"0":"post-361731","1":"post","2":"type-post","3":"status-publish","4":"format-standard","5":"has-post-thumbnail","7":"category-lyon","8":"tag-actu","9":"tag-actualites","10":"tag-auvergne-rhone-alpes","11":"tag-eu","12":"tag-europe","13":"tag-fr","14":"tag-france","15":"tag-lyon","16":"tag-news","17":"tag-republique-francaise"},"share_on_mastodon":{"url":"https:\/\/pubeurope.com\/@fr\/115136889150540032","error":""},"_links":{"self":[{"href":"https:\/\/www.europesays.com\/fr\/wp-json\/wp\/v2\/posts\/361731","targetHints":{"allow":["GET"]}}],"collection":[{"href":"https:\/\/www.europesays.com\/fr\/wp-json\/wp\/v2\/posts"}],"about":[{"href":"https:\/\/www.europesays.com\/fr\/wp-json\/wp\/v2\/types\/post"}],"author":[{"embeddable":true,"href":"https:\/\/www.europesays.com\/fr\/wp-json\/wp\/v2\/users\/2"}],"replies":[{"embeddable":true,"href":"https:\/\/www.europesays.com\/fr\/wp-json\/wp\/v2\/comments?post=361731"}],"version-history":[{"count":0,"href":"https:\/\/www.europesays.com\/fr\/wp-json\/wp\/v2\/posts\/361731\/revisions"}],"wp:featuredmedia":[{"embeddable":true,"href":"https:\/\/www.europesays.com\/fr\/wp-json\/wp\/v2\/media\/361732"}],"wp:attachment":[{"href":"https:\/\/www.europesays.com\/fr\/wp-json\/wp\/v2\/media?parent=361731"}],"wp:term":[{"taxonomy":"category","embeddable":true,"href":"https:\/\/www.europesays.com\/fr\/wp-json\/wp\/v2\/categories?post=361731"},{"taxonomy":"post_tag","embeddable":true,"href":"https:\/\/www.europesays.com\/fr\/wp-json\/wp\/v2\/tags?post=361731"}],"curies":[{"name":"wp","href":"https:\/\/api.w.org\/{rel}","templated":true}]}}