{"id":361733,"date":"2025-09-02T21:44:12","date_gmt":"2025-09-02T21:44:12","guid":{"rendered":"https:\/\/www.europesays.com\/fr\/361733\/"},"modified":"2025-09-02T21:44:12","modified_gmt":"2025-09-02T21:44:12","slug":"%f0%9f%87%ab%f0%9f%87%b7-lyon-une-policiere-en-civil-agressee-pour-une-cigarette-retrouve-et-fait-interpeller-son-agresseur-clandestin-police-realites","status":"publish","type":"post","link":"https:\/\/www.europesays.com\/fr\/361733\/","title":{"rendered":"\ud83c\uddeb\ud83c\uddf7 Lyon. Une polici\u00e8re en civil agress\u00e9e pour une cigarette retrouve et fait interpeller son agresseur clandestin \u2013 Police &#038; R\u00e9alit\u00e9s"},"content":{"rendered":"<p>\u00c0 Lyon, une polici\u00e8re en civil a \u00e9t\u00e9 agress\u00e9e pour une cigarette t\u00f4t le 2 septembre. L\u2019assaillant, un G\u00e9orgien ivre et en situation irr\u00e9guli\u00e8re, a \u00e9t\u00e9 arr\u00eat\u00e9 apr\u00e8s l\u2019intervention des forces de l\u2019ordre.<\/p>\n<p><img loading=\"lazy\" data-recalc-dims=\"1\" decoding=\"async\" width=\"640\" height=\"405\" data-attachment-id=\"178001\" data-permalink=\"https:\/\/policeetrealites.com\/police-bac-policier-investigation\/\" data-orig-file=\"https:\/\/i0.wp.com\/policeetrealites.com\/wp-content\/uploads\/2021\/07\/police-bac-policier-investigation.jpg?fit=870%2C551&amp;ssl=1\" data-orig-size=\"870,551\" data-comments-opened=\"0\" data-image-meta=\"{&quot;aperture&quot;:&quot;0&quot;,&quot;credit&quot;:&quot;&quot;,&quot;camera&quot;:&quot;&quot;,&quot;caption&quot;:&quot;&quot;,&quot;created_timestamp&quot;:&quot;0&quot;,&quot;copyright&quot;:&quot;&quot;,&quot;focal_length&quot;:&quot;0&quot;,&quot;iso&quot;:&quot;0&quot;,&quot;shutter_speed&quot;:&quot;0&quot;,&quot;title&quot;:&quot;&quot;,&quot;orientation&quot;:&quot;0&quot;}\" data-image-title=\"POLICE BAC POLICIER INVESTIGATION\" data-image-description=\"\" data-image-caption=\"\" data-medium-file=\"https:\/\/i0.wp.com\/policeetrealites.com\/wp-content\/uploads\/2021\/07\/police-bac-policier-investigation.jpg?fit=300%2C190&amp;ssl=1\" data-large-file=\"https:\/\/i0.wp.com\/policeetrealites.com\/wp-content\/uploads\/2021\/07\/police-bac-policier-investigation.jpg?fit=640%2C405&amp;ssl=1\" src=\"https:\/\/www.europesays.com\/fr\/wp-content\/uploads\/2025\/09\/police-bac-policier-investigation.jpg\" alt=\"\" class=\"wp-image-178001\"\/><\/p>\n<p>Une agression au petit matin<\/p>\n<p class=\"p3\">Mardi 2 septembre, vers 5 heures du matin, une polici\u00e8re en civil qui se rendait \u00e0 son travail \u00e0 Lyon a \u00e9t\u00e9 violemment agress\u00e9e. Selon les informations de <a href=\"https:\/\/actu.fr\/auvergne-rhone-alpes\/lyon_69123\/lyon-il-agresse-la-mauvaise-personne-la-policiere-en-civil-lui-fait-regretter_63104000.html\" target=\"_blank\" rel=\"noreferrer noopener nofollow\">France Info<\/a>, elle circulait \u00e0 trottinette sur le quai du G\u00e9n\u00e9ral-Sarrail lorsqu\u2019un homme l\u2019a abord\u00e9e pour demander une cigarette. Face \u00e0 son refus, il lui a ass\u00e9n\u00e9 un coup violent au thorax.<\/p>\n<p>Retrouvailles et menaces au couteau<\/p>\n<p class=\"p3\">D\u00e9termin\u00e9e \u00e0 ne pas en rester l\u00e0, la fonctionnaire est parvenue \u00e0 localiser son agresseur, accompagn\u00e9e d\u2019un t\u00e9moin. Mais rue Pierre-Corneille, l\u2019homme a sorti un couteau et l\u2019a menac\u00e9e, aggravant encore les faits.<\/p>\n<p>Interpellation rapide de l\u2019agresseur<\/p>\n<p class=\"p3\">Alert\u00e9, un \u00e9quipage de police est rapidement intervenu. L\u2019agresseur, un ressortissant g\u00e9orgien en situation irr\u00e9guli\u00e8re, ivre sur la voie publique, a \u00e9t\u00e9 interpell\u00e9 puis plac\u00e9 en garde \u00e0 vue.<\/p>\n<p>Soutien du syndicat policier<\/p>\n<p class=\"p3\">L\u2019affaire a suscit\u00e9 la r\u00e9action du syndicat Alliance Police Nationale 69, qui a exprim\u00e9 son indignation et apport\u00e9 son soutien \u00e0 la polici\u00e8re agress\u00e9e.<\/p>\n<blockquote class=\"wp-block-quote is-layout-flow wp-block-quote-is-layout-flow\">\n<p>\u00ab La r\u00e9alit\u00e9 du terrain sur la m\u00e9tropole lyonnaise est insupportable \u00bb, a d\u00e9nonc\u00e9 le syndicat.<\/p>\n<\/blockquote>\n<p>Une nouvelle agression contre les forces de l\u2019ordre<\/p>\n<p class=\"p3\">Cette attaque s\u2019inscrit dans un contexte de violences r\u00e9p\u00e9t\u00e9es contre les policiers, y compris en dehors de leurs heures de service. Le parquet devra d\u00e9cider des suites judiciaires \u00e0 donner dans cette affaire.<\/p>\n<p>(Merci Yann Bourguignon)<\/p>\n<p>J\u2019aime \u00e7a\u00a0:<\/p>\n<p>J\u2019aime chargement\u2026<\/p>\n<p><a class=\"sd-link-color\"\/><\/p>\n<p>\tEn savoir plus sur Police &amp; R\u00e9alit\u00e9s<\/p>\n<p class=\"has-text-align-center\" style=\"margin-top:10px;margin-bottom:10px;font-size:15px\">Subscribe to get the latest posts sent to your email.<\/p>\n<p>\t\tContinue Reading<\/p>\n","protected":false},"excerpt":{"rendered":"\u00c0 Lyon, une polici\u00e8re en civil a \u00e9t\u00e9 agress\u00e9e pour une cigarette t\u00f4t le 2 septembre. L\u2019assaillant, un&hellip;\n","protected":false},"author":2,"featured_media":163496,"comment_status":"","ping_status":"","sticky":false,"template":"","format":"standard","meta":{"footnotes":""},"categories":[1889],"tags":[1111,11,2430,1777,674,1011,27,2428,12,25],"class_list":{"0":"post-361733","1":"post","2":"type-post","3":"status-publish","4":"format-standard","5":"has-post-thumbnail","7":"category-lyon","8":"tag-actu","9":"tag-actualites","10":"tag-auvergne-rhone-alpes","11":"tag-eu","12":"tag-europe","13":"tag-fr","14":"tag-france","15":"tag-lyon","16":"tag-news","17":"tag-republique-francaise"},"share_on_mastodon":{"url":"https:\/\/pubeurope.com\/@fr\/115136892902792983","error":""},"_links":{"self":[{"href":"https:\/\/www.europesays.com\/fr\/wp-json\/wp\/v2\/posts\/361733","targetHints":{"allow":["GET"]}}],"collection":[{"href":"https:\/\/www.europesays.com\/fr\/wp-json\/wp\/v2\/posts"}],"about":[{"href":"https:\/\/www.europesays.com\/fr\/wp-json\/wp\/v2\/types\/post"}],"author":[{"embeddable":true,"href":"https:\/\/www.europesays.com\/fr\/wp-json\/wp\/v2\/users\/2"}],"replies":[{"embeddable":true,"href":"https:\/\/www.europesays.com\/fr\/wp-json\/wp\/v2\/comments?post=361733"}],"version-history":[{"count":0,"href":"https:\/\/www.europesays.com\/fr\/wp-json\/wp\/v2\/posts\/361733\/revisions"}],"wp:featuredmedia":[{"embeddable":true,"href":"https:\/\/www.europesays.com\/fr\/wp-json\/wp\/v2\/media\/163496"}],"wp:attachment":[{"href":"https:\/\/www.europesays.com\/fr\/wp-json\/wp\/v2\/media?parent=361733"}],"wp:term":[{"taxonomy":"category","embeddable":true,"href":"https:\/\/www.europesays.com\/fr\/wp-json\/wp\/v2\/categories?post=361733"},{"taxonomy":"post_tag","embeddable":true,"href":"https:\/\/www.europesays.com\/fr\/wp-json\/wp\/v2\/tags?post=361733"}],"curies":[{"name":"wp","href":"https:\/\/api.w.org\/{rel}","templated":true}]}}