{"id":361734,"date":"2025-09-02T21:46:14","date_gmt":"2025-09-02T21:46:14","guid":{"rendered":"https:\/\/www.europesays.com\/fr\/361734\/"},"modified":"2025-09-02T21:46:14","modified_gmt":"2025-09-02T21:46:14","slug":"lecole-reduite-a-du-scroll-inquietude-face-a-la-numerisation-des-manuels-scolaires-en-ile-de-france","status":"publish","type":"post","link":"https:\/\/www.europesays.com\/fr\/361734\/","title":{"rendered":"\u00ab\u00a0L&rsquo;\u00e9cole r\u00e9duite \u00e0 du scroll\u00a0\u00bb : inqui\u00e9tude face \u00e0 la num\u00e9risation des manuels scolaires en Ile-de-France"},"content":{"rendered":"<ul class=\"jsx-862013697 ArticleChapo__List\">\n<li class=\"jsx-862013697 ArticleChapo__List_Item flex\">Val\u00e9rie P\u00e9cresse a annonc\u00e9 mettre \u00e0 disposition des lyc\u00e9ens franciliens un portail unique, proposant une cinquantaine de manuels num\u00e9riques.<\/li>\n<li class=\"jsx-862013697 ArticleChapo__List_Item flex\">Plus de 500 professeurs, \u00e9crivains et \u00e9diteurs s&rsquo;en inqui\u00e8tent dans une tribune publi\u00e9e mardi par \u00ab\u00a0Le Monde\u00a0\u00bb.<\/li>\n<li class=\"jsx-862013697 ArticleChapo__List_Item flex\">Selon eux, le remplacement progressif des manuels par cette plateforme num\u00e9rique va conduire \u00e0 une \u00ab\u00a0\u00e9cole sans boussole, r\u00e9duite \u00e0 du scroll\u00a0\u00bb.<\/li>\n<\/ul>\n<p data-module=\"article-paragraph\" class=\"jsx-3046738180 Paragraph\">\u00ab\u00a0Ce n&rsquo;est plus un chemin d&rsquo;apprentissage, mais un puzzle \u00e9clat\u00e9 o\u00f9 chaque \u00e9l\u00e8ve est livr\u00e9 \u00e0 lui-m\u00eame\u00a0\u00bb. Plus de 500 professeurs, \u00e9crivains et \u00e9diteurs s&rsquo;alarment, dans une tribune publi\u00e9e mardi par <a href=\"https:\/\/www.lemonde.fr\/societe\/article\/2025\/09\/02\/l-eradication-du-manuel-scolaire-comme-repere-partage-est-une-erreur-pedagogique-sociale-et-democratique_6638080_3224.html\" rel=\"nofollow noopener\" target=\"_blank\">Le Monde<\/a>, du remplacement progressif en Ile-de-France des manuels scolaires par une plateforme num\u00e9rique. Les auteurs de la tribune regrettent que \u00ab\u00a0ce basculement n&rsquo;ait fait l&rsquo;objet d&rsquo;aucun d\u00e9bat public\u00a0\u00bb : \u00ab\u00a0Il s&rsquo;est impos\u00e9 en silence, sans demander l&rsquo;avis des enseignants, sans \u00e9couter les parents et sans tenir compte des \u00e9l\u00e8ves\u00a0\u00bb.<\/p>\n<p data-module=\"article-paragraph\" class=\"jsx-3046738180 Paragraph Paragraph__End\">Pour eux, la plateforme unique est \u00ab\u00a0une mosa\u00efque de fragments sans hi\u00e9rarchie ni structuration\u00a0\u00bb. \u00ab\u00a0Plus de fil conducteur, plus de vision d&rsquo;ensemble, plus de rep\u00e8res : c&rsquo;est l&rsquo;\u00e9cole sans boussole, r\u00e9duite \u00e0 du scroll\u00a0\u00bb, estiment les signataires.\u00a0<\/p>\n<p>\u00ab\u00a0Une erreur p\u00e9dagogique\u00a0\u00bb<\/p>\n<p data-module=\"article-paragraph\" class=\"jsx-3046738180 Paragraph\">\u00ab\u00a0Nous ne sommes ni nostalgiques, ni technophobes. Mais nous affirmons que l&rsquo;\u00e9radication du manuel scolaire comme rep\u00e8re partag\u00e9 est une erreur p\u00e9dagogique, sociale et d\u00e9mocratique\u00a0\u00bb, pr\u00e9cisent-ils encore. La tribune appelle donc \u00ab\u00a0\u00e0 un moratoire sur les plateformes uniques, \u00e0 une \u00e9valuation ind\u00e9pendante de leurs effets, \u00e0 la reconnaissance du manuel \u2013 enrichi du num\u00e9rique \u2013 comme colonne vert\u00e9brale de l&rsquo;apprentissage, de qualit\u00e9 et d&rsquo;\u00e9galit\u00e9\u00a0\u00bb.<\/p>\n<p data-module=\"article-paragraph\" class=\"jsx-3046738180 Paragraph Paragraph__End\">Parmi les quelque 530 signataires ayant approuv\u00e9 le texte mardi matin figurent des dirigeants de maisons d&rsquo;\u00e9dition de manuels, de professeurs de lyc\u00e9es, ainsi que des \u00e9crivains comme Aur\u00e9lie Valognes et Sorj Chalandon ou l&rsquo;animateur St\u00e9phane Bern.<\/p>\n<p><a href=\"https:\/\/www.tf1info.fr\/education\/rentree-scolaire-dans-quel-cas-peut-on-demander-un-changement-de-classe-pour-son-enfant-2392231.html\" rel=\"noopener\" class=\"jsx-3308031228 Link flex\" target=\"_blank\"><img decoding=\"async\" src=\"https:\/\/www.europesays.com\/fr\/wp-content\/uploads\/2025\/09\/rentree-scolaire-2359-a52b93-0@1x.jpeg\" alt=\"Getty Images\" loading=\"lazy\" importance=\"low\" fetchpriority=\"low\" class=\"\" aria-hidden=\"true\"\/><\/p>\n<p class=\"jsx-3657663356 ReadMoreArticle__Title\">Lire aussi<\/p>\n<p class=\"jsx-3657663356\">Rentr\u00e9e scolaire : dans quel cas peut-on demander un changement de classe pour son enfant ? <\/p>\n<p><\/a><\/p>\n<p data-module=\"article-paragraph\" class=\"jsx-3046738180 Paragraph\">Cette mobilisation fait suite \u00e0 l&rsquo;annonce par la pr\u00e9sidente de la r\u00e9gion, Val\u00e9rie P\u00e9cresse (LR), de mettre \u00e0 disposition des lyc\u00e9ens un portail unique, Pearltrees, proposant une cinquantaine de manuels num\u00e9riques dit \u00ab\u00a0libres\u00a0\u00bb, qui fonctionnent avec l&rsquo;intelligence artificielle. Celle-ci a justifi\u00e9 cette mesure par le fait que les traditionnels manuels d&rsquo;\u00e9diteurs \u00ab\u00a0n&rsquo;\u00e9taient pas souvent ouverts par les \u00e9l\u00e8ves\u00a0\u00bb et que \u00ab\u00a0deux tiers des enseignants\u00a0\u00bb \u00e9taient \u00ab\u00a0aujourd&rsquo;hui utilisateurs de manuels libres\u00a0\u00bb.<\/p>\n<p data-module=\"article-paragraph\" class=\"jsx-3046738180 Paragraph Paragraph__End\">\u00ab\u00a0Le choix a \u00e9t\u00e9 fait par le conseil d&rsquo;administration de chaque \u00e9tablissement : soit garder le papier, soit passer au num\u00e9rique. Ceux qui sont pass\u00e9s au num\u00e9rique l&rsquo;ont fait, je pense, pour des raisons qui tiennent au fait qu&rsquo;aujourd&rsquo;hui, les \u00e9l\u00e8ves font leurs devoirs sur le num\u00e9rique\u00a0\u00bb, avait-elle insist\u00e9 lors d&rsquo;une conf\u00e9rence de presse la semaine derni\u00e8re, pr\u00e9cisant qu&rsquo;il y avait \u00ab\u00a0la moiti\u00e9 des lyc\u00e9es en Ile-de-France o\u00f9 les \u00e9l\u00e8ves ont tous leurs manuels en papier\u00a0\u00bb.<\/p>\n<p>La r\u00e9daction de TF1info avec AFP<\/p>\n","protected":false},"excerpt":{"rendered":"Val\u00e9rie P\u00e9cresse a annonc\u00e9 mettre \u00e0 disposition des lyc\u00e9ens franciliens un portail unique, proposant une cinquantaine de manuels&hellip;\n","protected":false},"author":2,"featured_media":361735,"comment_status":"","ping_status":"","sticky":false,"template":"","format":"standard","meta":{"footnotes":""},"categories":[1592],"tags":[1111,11,1921,1124,1126,1777,674,1011,27,662,1922,2633,12,626,10918,25,15901,18875,2328,133,17501],"class_list":{"0":"post-361734","1":"post","2":"type-post","3":"status-publish","4":"format-standard","5":"has-post-thumbnail","7":"category-ile-de-france","8":"tag-actu","9":"tag-actualites","10":"tag-article-video","11":"tag-college","12":"tag-education-nationale","13":"tag-eu","14":"tag-europe","15":"tag-fr","16":"tag-france","17":"tag-ile-de-france","18":"tag-info","19":"tag-lycee","20":"tag-news","21":"tag-paris","22":"tag-rentree-scolaire","23":"tag-republique-francaise","24":"tag-scolarite-ecole","25":"tag-stephane-bern","26":"tag-valerie-pecresse","27":"tag-video","28":"tag-video-famille-et-education"},"share_on_mastodon":{"url":"https:\/\/pubeurope.com\/@fr\/115136900988303343","error":""},"_links":{"self":[{"href":"https:\/\/www.europesays.com\/fr\/wp-json\/wp\/v2\/posts\/361734","targetHints":{"allow":["GET"]}}],"collection":[{"href":"https:\/\/www.europesays.com\/fr\/wp-json\/wp\/v2\/posts"}],"about":[{"href":"https:\/\/www.europesays.com\/fr\/wp-json\/wp\/v2\/types\/post"}],"author":[{"embeddable":true,"href":"https:\/\/www.europesays.com\/fr\/wp-json\/wp\/v2\/users\/2"}],"replies":[{"embeddable":true,"href":"https:\/\/www.europesays.com\/fr\/wp-json\/wp\/v2\/comments?post=361734"}],"version-history":[{"count":0,"href":"https:\/\/www.europesays.com\/fr\/wp-json\/wp\/v2\/posts\/361734\/revisions"}],"wp:featuredmedia":[{"embeddable":true,"href":"https:\/\/www.europesays.com\/fr\/wp-json\/wp\/v2\/media\/361735"}],"wp:attachment":[{"href":"https:\/\/www.europesays.com\/fr\/wp-json\/wp\/v2\/media?parent=361734"}],"wp:term":[{"taxonomy":"category","embeddable":true,"href":"https:\/\/www.europesays.com\/fr\/wp-json\/wp\/v2\/categories?post=361734"},{"taxonomy":"post_tag","embeddable":true,"href":"https:\/\/www.europesays.com\/fr\/wp-json\/wp\/v2\/tags?post=361734"}],"curies":[{"name":"wp","href":"https:\/\/api.w.org\/{rel}","templated":true}]}}