{"id":361744,"date":"2025-09-02T21:51:11","date_gmt":"2025-09-02T21:51:11","guid":{"rendered":"https:\/\/www.europesays.com\/fr\/361744\/"},"modified":"2025-09-02T21:51:11","modified_gmt":"2025-09-02T21:51:11","slug":"contrairement-a-la-russie-pourquoi-israel-nest-pas-sanctionne-par-luefa-et-la-fifa-lequipe","status":"publish","type":"post","link":"https:\/\/www.europesays.com\/fr\/361744\/","title":{"rendered":"Contrairement \u00e0 la Russie, pourquoi Isra\u00ebl n&#039;est pas sanctionn\u00e9 par l&#039;UEFA et la FIFA &#8211; L&#039;\u00c9quipe"},"content":{"rendered":"<ol>\n<li><a href=\"https:\/\/news.google.com\/rss\/articles\/CBMizAFBVV95cUxQZTdKSm4ydkFkYW5qZy1yaGdweFk1S1gxUnU3UG83eG5jWXJXbE8wSE5MUXhnX0czUk9rc1ZfRmFLbU82eVZRYV9Oa0Nidk5adXREVXNSR2RzQUdXekRqb1U4ZkQ5M1Y4TGF3NjRBWGZfc1RENTJ2TVNvcDlaSUdMRmhjd3cyR2lFbTA2a1diaE9DU3NNMFNzUXlwdGJfcmdvVV9UdkEtZHlWNnVaNUhDNU1pWDRaTVRyV2FpR01zRmlqektNZElrS3AzX3E?oc=5\" target=\"_blank\" rel=\"nofollow noopener\">Contrairement \u00e0 la Russie, pourquoi Isra\u00ebl n&rsquo;est pas sanctionn\u00e9 par l&rsquo;UEFA et la FIFA<\/a>&nbsp;&nbsp;L&rsquo;\u00c9quipe<\/li>\n<li><a href=\"https:\/\/news.google.com\/rss\/articles\/CBMiogFBVV95cUxQcDNWd0p3RTZfTWxlOF93Vm9vaGxhbjhJQU92eUtLeVNMNTdhZmFLXzB5TVdGWG5xdWpMLUg2Z1BEOEp6WWVPX2JuRnlEVW1udTVpbXgzZVFtTTlmWnlmZUZaOW5YejJhQ2VZSzlJZDB1ejlYdHFfV1g0ZktwZF9zWjhOYm82UXphVVRXdWJVbklVZndBQ2Fzc2E1M0hhamhWV3c?oc=5\" target=\"_blank\" rel=\"nofollow noopener\">Le match Italie-Isra\u00ebl est-il incertain ? Les protagonistes s&rsquo;expriment.<\/a>&nbsp;&nbsp;Gazeta Express<\/li>\n<li><a href=\"https:\/\/news.google.com\/rss\/articles\/CBMi2gFBVV95cUxQdmF4Nm9Rcll1Q2NLWGNmQjNUcG11eElTaXdVcmZSUENhaXRmUWFMMTg3V0xfTHg5VGNnQzdsOURJVmowdk1TbHZyREFQcFlPQl9zQm9JMlpxZmJPT0Zka2hPSlBZbnh6RHNSajVUUEl4M3F3NWZDSHVDczBBY2VQaXBMblJtX042QnZPVmRsWVVIcWtqQl94dlltakJNc19TMkloeWNsTGwzeE5IdHQwcDV2XzZ5M0MyZE1YRm5QNnM0N1BSOFQtOGxFX2JQdGdiODlpRk8yYWhDZw?oc=5\" target=\"_blank\" rel=\"nofollow noopener\">Billets pour Isra\u00ebl vs Italie \u00e0 Debrecen \u2013 Qualifications Coupe du Monde 2026 au Stade Nagyerdei<\/a>&nbsp;&nbsp;Karlobag.eu<\/li>\n<li><a href=\"https:\/\/news.google.com\/rss\/articles\/CBMi4AFBVV95cUxPTGNGTGhoY1BHMlhTa0NBaEw2Si02amttOVhSd1lIN3BXaDY0WGMtc1ZDbERRUjZSNE9kSnFoTWpfb01TUGFnRENDdTQyb2NXdFB3WTYxcks3TnJDVDR2c0N0d09QNmQ3aGhQY24yN3hUcEdBMDA5a0RTSFRoa21mcEl3TjE4TzV3RTFUZWRLSVVqUWRvem1BNHdzcVoyS1p3UDFzSjhjd1B2Uko4WkFoX2t3bHBqemlYYk5zdVlFQzJLVjA0RlJCOFRncGpVN0RWM0QzSWRTZC1ZSnNCZGg5Tg?oc=5\" target=\"_blank\" rel=\"nofollow noopener\">L&rsquo;ambassade de Russie critique Abodi : \u00ab L&rsquo;Italie applique un double standard aux athl\u00e8tes. \u00bb<\/a>&nbsp;&nbsp;Agenzia Nova<\/li>\n<li><a href=\"https:\/\/news.google.com\/rss\/articles\/CBMipgFBVV95cUxNdnplRTIxYlBBeGNIaGFZQWQtYm9rOG5lX1lEY3FmdVdTcTE0QXRZNlJ3RWNUREpPOVlOM1M5NXNmS1hyYUlaMk5tdHFHZWg1VTdSdy1mcUs1UHVZdVFaZjhXN2RGZEhKZEl0dnFrdi05azZOOE1NYzAzQTYwTk0yeHF4bExuVVpRZ1R4MDZRaGpvcE9uQmQzY253WHkxamhZX0wwLXZB?oc=5\" target=\"_blank\" rel=\"nofollow noopener\">Isra\u00ebl-Norv\u00e8ge : pol\u00e9mique avant le coup d\u2019envoi des \u00e9liminatoires<\/a>&nbsp;&nbsp;IsraJ<\/li>\n<\/ol>\n","protected":false},"excerpt":{"rendered":"Contrairement \u00e0 la Russie, pourquoi Isra\u00ebl n&rsquo;est pas sanctionn\u00e9 par l&rsquo;UEFA et la FIFA&nbsp;&nbsp;L&rsquo;\u00c9quipe Le match Italie-Isra\u00ebl est-il&hellip;\n","protected":false},"author":2,"featured_media":361745,"comment_status":"","ping_status":"","sticky":false,"template":"","format":"standard","meta":{"footnotes":""},"categories":[1591],"tags":[11,1887,12,1885,1886,132],"class_list":{"0":"post-361744","1":"post","2":"type-post","3":"status-publish","4":"format-standard","5":"has-post-thumbnail","7":"category-russie","8":"tag-actualites","9":"tag-federation-de-russie","10":"tag-news","11":"tag-russia","12":"tag-russian-federation","13":"tag-russie"},"share_on_mastodon":{"url":"https:\/\/pubeurope.com\/@fr\/115136920536969488","error":""},"_links":{"self":[{"href":"https:\/\/www.europesays.com\/fr\/wp-json\/wp\/v2\/posts\/361744","targetHints":{"allow":["GET"]}}],"collection":[{"href":"https:\/\/www.europesays.com\/fr\/wp-json\/wp\/v2\/posts"}],"about":[{"href":"https:\/\/www.europesays.com\/fr\/wp-json\/wp\/v2\/types\/post"}],"author":[{"embeddable":true,"href":"https:\/\/www.europesays.com\/fr\/wp-json\/wp\/v2\/users\/2"}],"replies":[{"embeddable":true,"href":"https:\/\/www.europesays.com\/fr\/wp-json\/wp\/v2\/comments?post=361744"}],"version-history":[{"count":0,"href":"https:\/\/www.europesays.com\/fr\/wp-json\/wp\/v2\/posts\/361744\/revisions"}],"wp:featuredmedia":[{"embeddable":true,"href":"https:\/\/www.europesays.com\/fr\/wp-json\/wp\/v2\/media\/361745"}],"wp:attachment":[{"href":"https:\/\/www.europesays.com\/fr\/wp-json\/wp\/v2\/media?parent=361744"}],"wp:term":[{"taxonomy":"category","embeddable":true,"href":"https:\/\/www.europesays.com\/fr\/wp-json\/wp\/v2\/categories?post=361744"},{"taxonomy":"post_tag","embeddable":true,"href":"https:\/\/www.europesays.com\/fr\/wp-json\/wp\/v2\/tags?post=361744"}],"curies":[{"name":"wp","href":"https:\/\/api.w.org\/{rel}","templated":true}]}}