{"id":361746,"date":"2025-09-02T21:52:12","date_gmt":"2025-09-02T21:52:12","guid":{"rendered":"https:\/\/www.europesays.com\/fr\/361746\/"},"modified":"2025-09-02T21:52:12","modified_gmt":"2025-09-02T21:52:12","slug":"donald-trump-se-dit-tres-decu-par-vladimir-poutine-apres-labsence-de-progres-a-lissue-de-la-rencontre-dalaska-mais-nannonce-pas-de-sanctions","status":"publish","type":"post","link":"https:\/\/www.europesays.com\/fr\/361746\/","title":{"rendered":"Donald Trump se dit \u00ab\u00a0tr\u00e8s d\u00e9\u00e7u\u00a0\u00bb par Vladimir Poutine apr\u00e8s l&rsquo;absence de progr\u00e8s \u00e0 l&rsquo;issue de la rencontre d&rsquo;Alaska, mais n&rsquo;annonce pas de sanctions"},"content":{"rendered":"\n<p class=\"c-chapo \">\n  \u00ab\u00a0Nous avions une super relation\u00a0\u00bb, a d\u00e9clar\u00e9 mardi Donald Trump lors d&rsquo;une interview \u00e0 la radio avec le pr\u00e9sentateur Scott Jennings.\n<\/p>\n<p>            lire plus tard<\/p>\n<p id=\"dialog__title\" class=\"dialog__title\">Pour sauvegarder cet article, connectez-vous ou cr\u00e9ez un compte franceinfo<\/p>\n<p class=\"dialog__description\">Sans paiement. Sans abonnement.<\/p>\n<p>        Fermer la fen\u00eatre d\u2019activation des notifications France Info<\/p>\n<p>            cr\u00e9er votre compte<\/p>\n<p>            se connecter<\/p>\n<p>        Fermer la fen\u00eatre de pr\u00e9sentation<\/p>\n<p>    <img loading=\"lazy\" decoding=\"async\" class=\"signature__image lazyload\" width=\"100\" height=\"100\" data- alt=\"\" src=\"https:\/\/www.europesays.com\/fr\/wp-content\/uploads\/2025\/05\/64a68815cd1a7_placeholder-36b69ec8.png\"\/><\/p>\n<p>    Publi\u00e9 le 02\/09\/2025 22:00<\/p>\n<p>        Temps de lecture : 1min<\/p>\n<p>    <img decoding=\"async\"  alt=\"Le pr\u00e9sident am\u00e9ricain Donald Trump marche avec le pr\u00e9sident russe Vladimir Poutine, lors du sommet du G20 \u00e0 Osaka, au Japon, le 28 juin 2019. (BRENDAN SMIALOWSKI \/ AFP)\" width=\"432\" height=\"243\" src=\"https:\/\/www.europesays.com\/fr\/wp-content\/uploads\/2025\/09\/000-1hx8aq-68b74c3eb41ac422226066.jpg\" fetchpriority=\"high\"\/><\/p>\n<p>      Le pr\u00e9sident am\u00e9ricain Donald Trump marche avec le pr\u00e9sident russe Vladimir Poutine, lors du sommet du G20 \u00e0 Osaka, au Japon, le 28 juin 2019. (BRENDAN SMIALOWSKI \/ AFP)<\/p>\n<p>Le pr\u00e9sident am\u00e9ricain, Donald Trump, s&rsquo;est d\u00e9clar\u00e9, mardi 2 septembre, \u00ab\u00a0tr\u00e8s d\u00e9\u00e7u\u00a0\u00bb par son homologue russe, Vladimir Poutine, <a href=\"https:\/\/www.franceinfo.fr\/monde\/europe\/manifestations-en-ukraine\/sommet-sur-l-ukraine-donald-trump-et-vladimir-poutine-evoquent-des-progres-sans-faire-d-annonces-apres-leur-rencontre-en-alaska_7437961.html\" rel=\"nofollow noopener\" target=\"_blank\">apr\u00e8s que leur rencontre en Alaska<\/a> n&rsquo;a abouti \u00e0 aucun progr\u00e8s substantiel sur une issue \u00e0 la guerre en Ukraine. \u00ab\u00a0Nous avions une super relation\u00a0\u00bb, a affirm\u00e9 Donald Trump lors d&rsquo;une interview \u00e0 la radio avec le pr\u00e9sentateur Scott Jennings, et d&rsquo;ajouter : \u00ab\u00a0(&#8230;) Des milliers de personnes meurent, c&rsquo;est une guerre qui n&rsquo;a aucun sens.\u00a0\u00bb<\/p>\n<p>Le pr\u00e9sident de 79 ans n&rsquo;a cependant pas pr\u00e9cis\u00e9 si sa d\u00e9ception se traduirait par des cons\u00e9quences sur la Russie, malgr\u00e9 son <a href=\"https:\/\/www.franceinfo.fr\/monde\/europe\/manifestations-en-ukraine\/guerre-en-ukraine-retour-en-cinq-dates-sur-les-multiples-revirements-de-donald-trump-face-a-volodymyr-zelensky-et-vladimir-poutine_7441240.html\" rel=\"nofollow noopener\" target=\"_blank\">ultimatum de deux semaines donn\u00e9 \u00e0 Moscou<\/a> et qui doit arriver \u00e0 \u00e9ch\u00e9ance plus tard cette semaine.<\/p>\n<p>Il a d\u00e9clar\u00e9 en outre ne pas \u00eatre inquiet d&rsquo;une potentielle alliance entre la Russie et la Chine, peu apr\u00e8s une rencontre entre Vladimir Poutine et Xi Jinping \u00e0 P\u00e9kin mardi, \u00e0 la veille d&rsquo;un d\u00e9fil\u00e9 militaire g\u00e9ant. \u00ab\u00a0Je ne suis pas pr\u00e9occup\u00e9 du tout\u00a0\u00bb, a affirm\u00e9 Donald Trump. \u00ab\u00a0Nous avons les forces militaires les plus puissantes au monde, de loin et ils n&rsquo;utiliseraient jamais leurs forces militaires contre nous. Croyez-moi, ce serait la pire chose qu&rsquo;il puisse jamais faire\u00a0\u00bb, a-t-il ajout\u00e9.<\/p>\n","protected":false},"excerpt":{"rendered":"\u00ab\u00a0Nous avions une super relation\u00a0\u00bb, a d\u00e9clar\u00e9 mardi Donald Trump lors d&rsquo;une interview \u00e0 la radio avec le&hellip;\n","protected":false},"author":2,"featured_media":361747,"comment_status":"","ping_status":"","sticky":false,"template":"","format":"standard","meta":{"footnotes":""},"categories":[1590],"tags":[11,1777,674,12,220],"class_list":{"0":"post-361746","1":"post","2":"type-post","3":"status-publish","4":"format-standard","5":"has-post-thumbnail","7":"category-ukraine","8":"tag-actualites","9":"tag-eu","10":"tag-europe","11":"tag-news","12":"tag-ukraine"},"share_on_mastodon":{"url":"https:\/\/pubeurope.com\/@fr\/115136924919574044","error":""},"_links":{"self":[{"href":"https:\/\/www.europesays.com\/fr\/wp-json\/wp\/v2\/posts\/361746","targetHints":{"allow":["GET"]}}],"collection":[{"href":"https:\/\/www.europesays.com\/fr\/wp-json\/wp\/v2\/posts"}],"about":[{"href":"https:\/\/www.europesays.com\/fr\/wp-json\/wp\/v2\/types\/post"}],"author":[{"embeddable":true,"href":"https:\/\/www.europesays.com\/fr\/wp-json\/wp\/v2\/users\/2"}],"replies":[{"embeddable":true,"href":"https:\/\/www.europesays.com\/fr\/wp-json\/wp\/v2\/comments?post=361746"}],"version-history":[{"count":0,"href":"https:\/\/www.europesays.com\/fr\/wp-json\/wp\/v2\/posts\/361746\/revisions"}],"wp:featuredmedia":[{"embeddable":true,"href":"https:\/\/www.europesays.com\/fr\/wp-json\/wp\/v2\/media\/361747"}],"wp:attachment":[{"href":"https:\/\/www.europesays.com\/fr\/wp-json\/wp\/v2\/media?parent=361746"}],"wp:term":[{"taxonomy":"category","embeddable":true,"href":"https:\/\/www.europesays.com\/fr\/wp-json\/wp\/v2\/categories?post=361746"},{"taxonomy":"post_tag","embeddable":true,"href":"https:\/\/www.europesays.com\/fr\/wp-json\/wp\/v2\/tags?post=361746"}],"curies":[{"name":"wp","href":"https:\/\/api.w.org\/{rel}","templated":true}]}}