{"id":361752,"date":"2025-09-02T21:55:15","date_gmt":"2025-09-02T21:55:15","guid":{"rendered":"https:\/\/www.europesays.com\/fr\/361752\/"},"modified":"2025-09-02T21:55:15","modified_gmt":"2025-09-02T21:55:15","slug":"le-stockage-de-gaz-en-allemagne-est-inferieur-a-la-moyenne-saisonniere","status":"publish","type":"post","link":"https:\/\/www.europesays.com\/fr\/361752\/","title":{"rendered":"Le stockage de gaz en Allemagne est inf\u00e9rieur \u00e0 la moyenne saisonni\u00e8re"},"content":{"rendered":"<p>\n    Graphique de la semaine de DWS. Le mod\u00e8le d&rsquo;approvisionnement post-russe privil\u00e9gie la flexibilit\u00e9 plut\u00f4t que le stockage pr\u00e9coce.\n  <\/p>\n<p><img loading=\"lazy\" decoding=\"async\" data-entity-type=\"file\" data-entity-uuid=\"1eabdf54-317b-4c11-8030-b603addb4d23\" height=\"696\" src=\"https:\/\/www.europesays.com\/fr\/wp-content\/uploads\/2025\/09\/Allemagne_Gas_Reserves_Lubmin_Nordstream_2_Sept_2022_Keystone_535073270_highres.jpg\" width=\"1300\"\/><br \/>\n\u00a9Keystone<\/p>\n<p>\u00a0<\/p>\n<p>A quelques semaines seulement du d\u00e9but de la saison de chauffage, les niveaux de stockage de gaz en Allemagne suscitent des interrogations. A 69% de leur capacit\u00e9 fin ao\u00fbt, les stocks sont bien en dessous de la moyenne saisonni\u00e8re sur dix ans, qui est d&rsquo;environ 82%, et atteignent leur plus bas niveau pour cette p\u00e9riode de l&rsquo;ann\u00e9e depuis 2015, \u00e0 l&rsquo;exception de l&rsquo;ann\u00e9e de crise 2021. Les pays voisins sont dans une position plus favorable: la France et la Pologne sont proches de 80%, l&rsquo;Autriche \u00e0 77% et la Belgique en t\u00eate avec 90%.1 Pourquoi ce d\u00e9ficit et quelles sont ses cons\u00e9quences pour l&rsquo;\u00e9conomie?<\/p>\n<p>Plusieurs facteurs entrent en jeu. Premi\u00e8rement, les conditions \u00e9conomiques du stockage ont chang\u00e9. Avec quatre terminaux flottants de gaz naturel liqu\u00e9fi\u00e9 (GNL) d\u00e9sormais en service en Allemagne, le gaz peut \u00eatre import\u00e9 de mani\u00e8re plus flexible tout au long de l&rsquo;ann\u00e9e, ce qui r\u00e9duit l&rsquo;int\u00e9r\u00eat de remplir les stocks \u00e0 l&rsquo;avance. Deuxi\u00e8mement, l&rsquo;arr\u00eat complet des flux gaziers russes via l&rsquo;Ukraine depuis janvier a modifi\u00e9 de mani\u00e8re permanente la composition de l&rsquo;approvisionnement europ\u00e9en. Si l&rsquo;Europe s&rsquo;est diversifi\u00e9e en important du GNL des Etats-Unis et du Qatar et du gaz par gazoduc de Norv\u00e8ge, la concurrence pour les cargaisons reste intense, en particulier avec l&rsquo;Asie et d\u00e9sormais l&rsquo;Egypte qui intensifient leurs importations de GNL. Cela maintient les prix estivaux \u00e0 un niveau \u00e9lev\u00e9, \u00e9rodant l&rsquo;avantage saisonnier traditionnel des injections bon march\u00e9.<\/p>\n<p class=\"exerge\">Les espoirs d&rsquo;un cessez-le-feu entre l&rsquo;Ukraine et la Russie ont bri\u00e8vement fait baisser les prix, mais l&rsquo;optimisme d\u00e9clinant et les nouvelles menaces de sanctions ont invers\u00e9 cette tendance.<\/p>\n<p>La g\u00e9opolitique ajoute une autre couche d&rsquo;incertitude. Les espoirs d&rsquo;un cessez-le-feu entre l&rsquo;Ukraine et la Russie ont bri\u00e8vement fait baisser les prix au d\u00e9but du mois, mais l&rsquo;optimisme d\u00e9clinant et les nouvelles menaces de sanctions ont invers\u00e9 cette tendance. Les contrats \u00e0 terme de r\u00e9f\u00e9rence sur le gaz europ\u00e9en se n\u00e9gocient \u00e0 pr\u00e8s de 33 euros\/MWh, toujours au-dessus des normes d&rsquo;avant la crise, et la volatilit\u00e9 reste \u00e9lev\u00e9e. Toute perturbation, telle que la r\u00e9cente interruption impr\u00e9vue de l&rsquo;approvisionnement en GNL de la Norv\u00e8ge, peut rapidement se r\u00e9percuter sur le march\u00e9.<\/p>\n<p class=\"exerge-left\"><strong>Les niveaux de stockage de gaz en Allemagne sont actuellement bien inf\u00e9rieurs \u00e0 la moyenne sur dix ans pour le mois d&rsquo;ao\u00fbt, qui est de 82%<\/strong><\/p>\n<p><img loading=\"lazy\" decoding=\"async\" src=\"https:\/\/www.europesays.com\/fr\/wp-content\/uploads\/2025\/09\/20250902_DWS_Graph_Semaine.png\" data-entity-uuid=\"a85965c5-3816-42a2-803c-4ee1c73cbaab\" data-entity-type=\"file\" width=\"605\" height=\"403\"\/><br \/>\u00a0<\/p>\n<p>Pour l&rsquo;\u00e9conomie, le stockage de gaz est plus qu&rsquo;un simple indicateur technique; c&rsquo;est un tampon contre les chocs. De faibles stocks augmentent le risque de flamb\u00e9e des prix pendant les vagues de froid, ce qui pourrait mettre sous pression les m\u00e9nages et les industries \u00e0 forte consommation d&rsquo;\u00e9nergie. \u00abLa hausse des co\u00fbts \u00e9nerg\u00e9tiques alimente l&rsquo;inflation, complique la politique mon\u00e9taire et p\u00e8se sur la croissance. Cependant, nous pr\u00e9voyons que les prix du gaz naturel continueront de baisser pour passer sous la barre des 25 euros\/MWh, non pas en raison de l&rsquo;approvisionnement par gazoduc russe, mais plut\u00f4t en raison de primes de risque beaucoup plus faibles. Les r\u00e9formes dans le secteur de l&rsquo;\u00e9nergie pourraient r\u00e9duire encore davantage les prix de l&rsquo;\u00e9nergie\u00bb, explique Martin Moryson, responsable mondial de l&rsquo;\u00e9conomie chez DWS. Cela pourrait soutenir la production industrielle allemande, m\u00eame si toutes les productions industrielles \u00e0 forte intensit\u00e9 \u00e9nerg\u00e9tique ne reprendront pas.<\/p>\n<p>Pour l&rsquo;instant, la diversification des voies d&rsquo;approvisionnement et la robustesse des infrastructures GNL offrent une certaine marge de man\u0153uvre, mais si l&rsquo;hiver s&rsquo;av\u00e8re rude ou si les march\u00e9s mondiaux du GNL se resserrent davantage, l&rsquo;Europe pourrait devoir surench\u00e9rir sur l&rsquo;Asie pour s&rsquo;assurer des cargaisons de GNL, ce qui aurait un co\u00fbt. Les semaines \u00e0 venir seront d\u00e9cisives pour d\u00e9terminer le niveau de s\u00e9curit\u00e9 de l&rsquo;approvisionnement en gaz de l&rsquo;Allemagne \u00e0 l&rsquo;approche de l&rsquo;hiver.<\/p>\n<p>\u00a0<\/p>\n<p class=\"note-bas\">1 Toutes les donn\u00e9es, sauf indication contraire, proviennent de Bloomberg Finance L.P. au 25 ao\u00fbt 2025.<\/p>\n","protected":false},"excerpt":{"rendered":"Graphique de la semaine de DWS. Le mod\u00e8le d&rsquo;approvisionnement post-russe privil\u00e9gie la flexibilit\u00e9 plut\u00f4t que le stockage pr\u00e9coce.&hellip;\n","protected":false},"author":2,"featured_media":361753,"comment_status":"","ping_status":"","sticky":false,"template":"","format":"standard","meta":{"footnotes":""},"categories":[1587],"tags":[11,672,1804,1805,1803,1777,674,1801,12,1802],"class_list":{"0":"post-361752","1":"post","2":"type-post","3":"status-publish","4":"format-standard","5":"has-post-thumbnail","7":"category-allemagne","8":"tag-actualites","9":"tag-allemagne","10":"tag-bundesrepublik-deutschland","11":"tag-de","12":"tag-deutschland","13":"tag-eu","14":"tag-europe","15":"tag-germany","16":"tag-news","17":"tag-republique-federale-dallemagne"},"share_on_mastodon":{"url":"https:\/\/pubeurope.com\/@fr\/115136936304310045","error":""},"_links":{"self":[{"href":"https:\/\/www.europesays.com\/fr\/wp-json\/wp\/v2\/posts\/361752","targetHints":{"allow":["GET"]}}],"collection":[{"href":"https:\/\/www.europesays.com\/fr\/wp-json\/wp\/v2\/posts"}],"about":[{"href":"https:\/\/www.europesays.com\/fr\/wp-json\/wp\/v2\/types\/post"}],"author":[{"embeddable":true,"href":"https:\/\/www.europesays.com\/fr\/wp-json\/wp\/v2\/users\/2"}],"replies":[{"embeddable":true,"href":"https:\/\/www.europesays.com\/fr\/wp-json\/wp\/v2\/comments?post=361752"}],"version-history":[{"count":0,"href":"https:\/\/www.europesays.com\/fr\/wp-json\/wp\/v2\/posts\/361752\/revisions"}],"wp:featuredmedia":[{"embeddable":true,"href":"https:\/\/www.europesays.com\/fr\/wp-json\/wp\/v2\/media\/361753"}],"wp:attachment":[{"href":"https:\/\/www.europesays.com\/fr\/wp-json\/wp\/v2\/media?parent=361752"}],"wp:term":[{"taxonomy":"category","embeddable":true,"href":"https:\/\/www.europesays.com\/fr\/wp-json\/wp\/v2\/categories?post=361752"},{"taxonomy":"post_tag","embeddable":true,"href":"https:\/\/www.europesays.com\/fr\/wp-json\/wp\/v2\/tags?post=361752"}],"curies":[{"name":"wp","href":"https:\/\/api.w.org\/{rel}","templated":true}]}}