{"id":361754,"date":"2025-09-02T21:56:13","date_gmt":"2025-09-02T21:56:13","guid":{"rendered":"https:\/\/www.europesays.com\/fr\/361754\/"},"modified":"2025-09-02T21:56:13","modified_gmt":"2025-09-02T21:56:13","slug":"combien-dannees-les-europeens-vivent-ils-en-bonne-sante-en-moyenne","status":"publish","type":"post","link":"https:\/\/www.europesays.com\/fr\/361754\/","title":{"rendered":"Combien d&rsquo;ann\u00e9es les Europ\u00e9ens vivent-ils en bonne sant\u00e9 en moyenne ?"},"content":{"rendered":"<p class=\"mb-4 text-lg md:leading-8 break-words\">Dans l&rsquo;Union europ\u00e9enne, le nombre moyen d&rsquo;ann\u00e9es de vie en bonne sant\u00e9 en 2023 \u00e9tait de 63,3 ans pour les femmes et de 62,8 ans pour les hommes.<\/p>\n<p class=\"mb-4 text-lg md:leading-8 break-words\">Selon les derni\u00e8res donn\u00e9es d&rsquo;Eurostat, cette dur\u00e9e repr\u00e9sente environ trois quarts et quatre cinqui\u00e8mes de l&rsquo;esp\u00e9rance de vie totale pour les femmes et les hommes respectivement.<\/p>\n<p class=\"mb-4 text-lg md:leading-8 break-words\">Ces donn\u00e9es permettent de d\u00e9terminer si les ann\u00e9es de vie suppl\u00e9mentaires gagn\u00e9es gr\u00e2ce \u00e0 l&rsquo;augmentation de la long\u00e9vit\u00e9 sont pass\u00e9es en bonne ou en mauvaise sant\u00e9.<\/p>\n<p class=\"mb-4 text-lg md:leading-8 break-words\">Toutefois, ces chiffres peuvent \u00eatre subjectifs dans une certaine mesure, car ils d\u00e9pendent de la perception qu&rsquo;ont les personnes interrog\u00e9es de la sant\u00e9 ainsi que de leur milieu social et culturel.<\/p>\n<p>Dans quel pays l&rsquo;\u00e9cart hommes-femmes est-il le plus important ?<\/p>\n<p class=\"mb-4 text-lg md:leading-8 break-words\">C&rsquo;est \u00e0 Malte, en Italie et en Su\u00e8de que les hommes vivent le plus longtemps en bonne sant\u00e9, tandis que la Lettonie, l&rsquo;Estonie et la Slovaquie se situent \u00e0 l&rsquo;autre extr\u00e9mit\u00e9 du classement.<\/p>\n<p class=\"mb-4 text-lg md:leading-8 break-words\">Chez les femmes, c&rsquo;est \u00e9galement \u00e0 Malte que le nombre d&rsquo;ann\u00e9es en bonne sant\u00e9 est le plus \u00e9lev\u00e9, suivie par la Bulgarie et l&rsquo;Italien, tandis qu&rsquo;il est le plus faible en Lettonie, au Danemark et en Finlande.<\/p>\n<p class=\"mb-4 text-lg md:leading-8 break-words\">Dans l&rsquo;ensemble de l&rsquo;UE, l&rsquo;esp\u00e9rance de vie est de 84 ans pour les femmes et de pr\u00e8s de 79 ans pour les hommes.<\/p>\n<p class=\"mb-4 text-lg md:leading-8 break-words\">Mais en prenant en compte l&rsquo;esp\u00e9rance de vie inf\u00e9rieure pour les hommes, ils passent g\u00e9n\u00e9ralement une plus grande partie de leur vie sans limitation d&rsquo;activit\u00e9 que les femmes.<\/p>\n<p class=\"mb-4 text-lg md:leading-8 break-words\">En 2023, la moyenne d&rsquo;ann\u00e9es de vie en bonne sant\u00e9 \u00e9tait plus \u00e9lev\u00e9 pour les femmes que pour les hommes dans 17 pays de l&rsquo;Union europ\u00e9enne.<\/p>\n<p class=\"mb-4 text-lg md:leading-8 break-words\">Bien que la diff\u00e9rence entre les sexes soit g\u00e9n\u00e9ralement faible, les femmes en Bulgarie, en Slov\u00e9nie, en Lituanie, en Estonie et en Lettonie vivent en moyenne trois ann\u00e9es en bonne sant\u00e9 de plus que les hommes.<\/p>\n","protected":false},"excerpt":{"rendered":"Dans l&rsquo;Union europ\u00e9enne, le nombre moyen d&rsquo;ann\u00e9es de vie en bonne sant\u00e9 en 2023 \u00e9tait de 63,3 ans&hellip;\n","protected":false},"author":2,"featured_media":361755,"comment_status":"","ping_status":"","sticky":false,"template":"","format":"standard","meta":{"footnotes":""},"categories":[1586],"tags":[11,6332,1777,674,1011,27,12502,49094,45082,12,49711,25],"class_list":{"0":"post-361754","1":"post","2":"type-post","3":"status-publish","4":"format-standard","5":"has-post-thumbnail","7":"category-europe","8":"tag-actualites","9":"tag-bonne-sante","10":"tag-eu","11":"tag-europe","12":"tag-fr","13":"tag-france","14":"tag-lesperance-de-vie","15":"tag-lunion-europeenne-2","16":"tag-les-hommes","17":"tag-news","18":"tag-pays-de-lunion-europeenne-2","19":"tag-republique-francaise"},"share_on_mastodon":{"url":"https:\/\/pubeurope.com\/@fr\/115136940447870532","error":""},"_links":{"self":[{"href":"https:\/\/www.europesays.com\/fr\/wp-json\/wp\/v2\/posts\/361754","targetHints":{"allow":["GET"]}}],"collection":[{"href":"https:\/\/www.europesays.com\/fr\/wp-json\/wp\/v2\/posts"}],"about":[{"href":"https:\/\/www.europesays.com\/fr\/wp-json\/wp\/v2\/types\/post"}],"author":[{"embeddable":true,"href":"https:\/\/www.europesays.com\/fr\/wp-json\/wp\/v2\/users\/2"}],"replies":[{"embeddable":true,"href":"https:\/\/www.europesays.com\/fr\/wp-json\/wp\/v2\/comments?post=361754"}],"version-history":[{"count":0,"href":"https:\/\/www.europesays.com\/fr\/wp-json\/wp\/v2\/posts\/361754\/revisions"}],"wp:featuredmedia":[{"embeddable":true,"href":"https:\/\/www.europesays.com\/fr\/wp-json\/wp\/v2\/media\/361755"}],"wp:attachment":[{"href":"https:\/\/www.europesays.com\/fr\/wp-json\/wp\/v2\/media?parent=361754"}],"wp:term":[{"taxonomy":"category","embeddable":true,"href":"https:\/\/www.europesays.com\/fr\/wp-json\/wp\/v2\/categories?post=361754"},{"taxonomy":"post_tag","embeddable":true,"href":"https:\/\/www.europesays.com\/fr\/wp-json\/wp\/v2\/tags?post=361754"}],"curies":[{"name":"wp","href":"https:\/\/api.w.org\/{rel}","templated":true}]}}