{"id":361762,"date":"2025-09-02T22:00:15","date_gmt":"2025-09-02T22:00:15","guid":{"rendered":"https:\/\/www.europesays.com\/fr\/361762\/"},"modified":"2025-09-02T22:00:15","modified_gmt":"2025-09-02T22:00:15","slug":"dans-les-coulisses-du-plus-grand-tribunal-pour-enfants-de-france","status":"publish","type":"post","link":"https:\/\/www.europesays.com\/fr\/361762\/","title":{"rendered":"dans les coulisses du plus grand tribunal pour enfants de France"},"content":{"rendered":"<p>            lire plus tard<\/p>\n<p id=\"dialog__title\" class=\"dialog__title\">Pour sauvegarder cet article, connectez-vous ou cr\u00e9ez un compte franceinfo<\/p>\n<p class=\"dialog__description\">Sans paiement. Sans abonnement.<\/p>\n<p>        Fermer la fen\u00eatre d\u2019activation des notifications France Info<\/p>\n<p>            cr\u00e9er votre compte<\/p>\n<p>            se connecter<\/p>\n<p>        Fermer la fen\u00eatre de pr\u00e9sentation<\/p>\n<p>    Publi\u00e9 le 02\/09\/2025 23:11<\/p>\n<p>        Temps de lecture : 5min &#8211; vid\u00e9o : 13min<\/p>\n<p>    <img decoding=\"async\" class=\"francetv-player-wrapper__image\" alt=\"Bobigny : dans les coulisses du plus grand tribunal pour enfants de France\"  width=\"432\" height=\"243\" src=\"https:\/\/www.europesays.com\/fr\/wp-content\/uploads\/2025\/09\/bkjhbj-68b75d0b55830471360883.png\" fetchpriority=\"high\"\/><\/p>\n<p>              Bobigny : dans les coulisses du plus grand tribunal pour enfants de France<br \/>\n                    (France 2)<\/p>\n<p>      13min<\/p>\n<p>\n  Chaque ann\u00e9e, des milliers de mineurs passent devant le tribunal pour enfants en France pour des actes de violence, de vol ou de d\u00e9gradations. Le tribunal de Bobigny illustre les enjeux de la justice des mineurs : trouver le juste \u00e9quilibre entre sanction et accompagnement \u00e9ducatif pour pr\u00e9venir la r\u00e9cidive.\n<\/p>\n<p><strong>Ce texte correspond \u00e0 une partie de la retranscription du reportage ci-dessus. Cliquez sur la vid\u00e9o pour la regarder en int\u00e9gralit\u00e9.<\/strong><\/p>\n<p>Derni\u00e8re minute avant l\u2019audience, les plus longues pour ce jeune pr\u00e9venu de 16 ans que nous appellerons Thomas. \u00ab\u00a0Je suis au tribunal aujourd&rsquo;hui parce qu&rsquo;avec mes amis, on a essay\u00e9 de taper quelqu&rsquo;un. C&rsquo;est parce que cette personne avait essay\u00e9 de frapper un pote \u00e0 moi. Et moi, \u00e7a m&rsquo;a touch\u00e9, et c&rsquo;est tout\u00a0\u00bb, raconte-t-il. Thomas est accus\u00e9 d&rsquo;avoir pris part \u00e0 une rixe il y a un an et d&rsquo;avoir port\u00e9 un coup au visage d\u2019un autre mineur de 15 ans.<\/p>\n<p>C\u2019est sa premi\u00e8re affaire. La juge pour enfants qu\u2019il va rencontrer avec son avocate pourrait le condamner \u00e0 un an et demi de prison ferme. Pendant 30 minutes, Thomas va s&rsquo;expliquer devant la juge, puis il conna\u00eetra sa sanction.<\/p>\n<p>Bobigny, en Seine-Saint-Denis. <a href=\"https:\/\/www.franceinfo.fr\/societe\/enfance-et-adolescence\/prostitution-des-mineurs-il-faut-s-attaquer-au-grand-banditisme-sur-le-proxenetisme-lance-l-ancien-president-du-tribunal-pour-enfants-de-bobigny_7220535.html\" target=\"_self\" rel=\"noopener noreferrer nofollow\" data-tooltip-url=\"https:\/\/www.franceinfo.fr\/societe\/enfance-et-adolescence\/prostitution-des-mineurs-il-faut-s-attaquer-au-grand-banditisme-sur-le-proxenetisme-lance-l-ancien-president-du-tribunal-pour-enfants-de-bobigny_7220535.html\">Le plus grand tribunal pour enfants de France<\/a>. Chaque ann\u00e9e, pour 16 juges, ce sont 2 700 mineurs qui sont poursuivis : outrages, vols, d\u00e9gradations, violences\u2026 toutes les infractions et d\u00e9lits sont jug\u00e9s entre ces murs.<\/p>\n<p>Aujourd&rsquo;hui, le tribunal ouvre ses portes pour d\u00e9couvrir les d\u00e9linquants mais aussi les parents derri\u00e8re ces affaires. La question qui se pose est r\u00e9currente : la justice des mineurs parvient-elle \u00e0 rattraper ces adolescents tomb\u00e9s dans la d\u00e9linquance ? Avec quelle sanction ? Quelle efficacit\u00e9 ? Faut-il plus de fermet\u00e9 envers ceux qui seront les adultes de demain ?<\/p>\n<p>Pour Thomas, c\u2019est la deuxi\u00e8me audience en six mois. D\u2019abord jug\u00e9 coupable, il avait \u00e9t\u00e9 pris en charge par une \u00e9ducatrice. Aujourd&rsquo;hui, c\u2019est l\u2019heure du bilan et de sa sanction. Apr\u00e8s quelques questions, la magistrate interroge l\u2019empathie du mineur. Elle cherche \u00e0 le mettre dans la peau de ses victimes. \u00ab\u00a0Je pense qu&rsquo;il y a une vraie m\u00e9connaissance de ce qu\u2019est le traumatisme. Les victimes, quand vous les \u00e9coutez, ce sont des \u00e9v\u00e9nements qui vont les marquer toute une vie\u2026 Je vois bien qu&rsquo;il y a un d\u00e9but de chemin qui a \u00e9t\u00e9 fait sur votre responsabilit\u00e9, mais il n&rsquo;est fait qu&rsquo;\u00e0 moiti\u00e9\u00a0\u00bb, explique-t-elle \u00e0 Thomas.<\/p>\n<p>Vient ensuite le tour de l\u2019\u00e9ducatrice. Thomas a manqu\u00e9 deux rendez-vous sur quatre, mais il semble dispos\u00e9 \u00e0 \u00e9voluer. \u00ab\u00a0C\u2019est un jeune qui reste quand m\u00eame dans les \u00e9changes. Je n\u2019ai pas vu de probl\u00e8me de comportement ou d\u2019opposition. Sur sa r\u00e9flexion sur les faits, il porte en tout cas une certaine responsabilit\u00e9. Il sait comment il aurait pu \u00e9viter cette situation-l\u00e0\u00a0\u00bb, affirme-t-elle \u00e0 la magistrate.<\/p>\n<p>Apr\u00e8s 30 minutes d\u2019audience, la sanction tombe. Thomas s\u2019en sort avec un stage de citoyennet\u00e9 et doit continuer \u00e0 voir son \u00e9ducatrice une fois par mois pendant un an et demi. L\u2019objectif : \u00e9viter la r\u00e9cidive. Son stage de citoyennet\u00e9 est pr\u00e9vu en octobre et depuis le jugement, il a assist\u00e9 \u00e0 chacun de ses rendez-vous.<\/p>\n<p>\u00c9duquer et accompagner plut\u00f4t que r\u00e9primer est un pilier de la justice des mineurs en France. Johanna Belac, juge pour enfants depuis cinq ans, insiste : \u00ab\u00a0Il n\u2019y a pas meilleure solution pour sortir des adolescents de la d\u00e9linquance\u2026 Quand on privil\u00e9gie l\u2019\u00e9ducatif et qu\u2019on a des \u00e9ducateurs pour le faire, c\u2019est ce qui fonctionne dans la majorit\u00e9 des cas.\u00a0\u00bb<\/p>\n<p>En un an, les juges pour enfants de Bobigny ont envoy\u00e9 133 mineurs en d\u00e9tention. Myrtis Vinas-Roudi\u00e8res, autre juge pour enfants, constate que la prison reste un dernier recours : \u00ab\u00a0Intuitivement, on peut penser qu\u2019il faut \u00eatre tr\u00e8s s\u00e9v\u00e8re, mais ce n\u2019est pas parce qu\u2019un mineur est emprisonn\u00e9 que le probl\u00e8me est r\u00e9gl\u00e9\u2026 Quand on est en prison, c\u2019est d\u00e9j\u00e0 trop tard.\u00a0\u00bb<\/p>\n<p>Le m\u00eame jour, un autre mineur de 15 ans compara\u00eet pour la premi\u00e8re fois pour des faits graves : menaces au couteau, violences et racket. La juge conna\u00eet d\u00e9j\u00e0 cet adolescent, victime de violences intrafamiliales depuis son enfance. Malgr\u00e9 la gravit\u00e9 des faits, elle choisit un stage de citoyennet\u00e9 et un suivi \u00e9ducatif et psychologique.<\/p>\n<p>La justice des mineurs en France assume ainsi un double r\u00f4le : prot\u00e9ger et sanctionner. S\u2019il r\u00e9cidive, l\u2019adolescent encourt jusqu\u2019\u00e0 3 ans et demi de prison ferme. Mais gr\u00e2ce \u00e0 la collaboration avec les professionnels, la sanction reste mesur\u00e9e et \u00e9ducative, donnant une chance r\u00e9elle \u00e0 ces jeunes de retrouver le droit chemin.<\/p>\n","protected":false},"excerpt":{"rendered":"lire plus tard Pour sauvegarder cet article, connectez-vous ou cr\u00e9ez un compte franceinfo Sans paiement. Sans abonnement. Fermer&hellip;\n","protected":false},"author":2,"featured_media":361763,"comment_status":"","ping_status":"","sticky":false,"template":"","format":"standard","meta":{"footnotes":""},"categories":[4],"tags":[11,1011,27,12,25],"class_list":{"0":"post-361762","1":"post","2":"type-post","3":"status-publish","4":"format-standard","5":"has-post-thumbnail","7":"category-france","8":"tag-actualites","9":"tag-fr","10":"tag-france","11":"tag-news","12":"tag-republique-francaise"},"share_on_mastodon":{"url":"https:\/\/pubeurope.com\/@fr\/115136956297077339","error":""},"_links":{"self":[{"href":"https:\/\/www.europesays.com\/fr\/wp-json\/wp\/v2\/posts\/361762","targetHints":{"allow":["GET"]}}],"collection":[{"href":"https:\/\/www.europesays.com\/fr\/wp-json\/wp\/v2\/posts"}],"about":[{"href":"https:\/\/www.europesays.com\/fr\/wp-json\/wp\/v2\/types\/post"}],"author":[{"embeddable":true,"href":"https:\/\/www.europesays.com\/fr\/wp-json\/wp\/v2\/users\/2"}],"replies":[{"embeddable":true,"href":"https:\/\/www.europesays.com\/fr\/wp-json\/wp\/v2\/comments?post=361762"}],"version-history":[{"count":0,"href":"https:\/\/www.europesays.com\/fr\/wp-json\/wp\/v2\/posts\/361762\/revisions"}],"wp:featuredmedia":[{"embeddable":true,"href":"https:\/\/www.europesays.com\/fr\/wp-json\/wp\/v2\/media\/361763"}],"wp:attachment":[{"href":"https:\/\/www.europesays.com\/fr\/wp-json\/wp\/v2\/media?parent=361762"}],"wp:term":[{"taxonomy":"category","embeddable":true,"href":"https:\/\/www.europesays.com\/fr\/wp-json\/wp\/v2\/categories?post=361762"},{"taxonomy":"post_tag","embeddable":true,"href":"https:\/\/www.europesays.com\/fr\/wp-json\/wp\/v2\/tags?post=361762"}],"curies":[{"name":"wp","href":"https:\/\/api.w.org\/{rel}","templated":true}]}}