{"id":361764,"date":"2025-09-02T22:01:19","date_gmt":"2025-09-02T22:01:19","guid":{"rendered":"https:\/\/www.europesays.com\/fr\/361764\/"},"modified":"2025-09-02T22:01:19","modified_gmt":"2025-09-02T22:01:19","slug":"portes-ouvertes-a-cahors-golf-ce-samedi-6-septembre-2025-medialot","status":"publish","type":"post","link":"https:\/\/www.europesays.com\/fr\/361764\/","title":{"rendered":"Portes ouvertes \u00e0 Cahors Golf ce samedi 6 septembre 2025 \u2013 Medialot"},"content":{"rendered":"<p>\n                          <a href=\"https:\/\/mtechalu46.com\" rel=\"nofollow noopener\" target=\"_blank\"><img loading=\"lazy\" decoding=\"async\" alt=\"\" width=\"300\" height=\"38\" src=\"https:\/\/www.europesays.com\/fr\/wp-content\/uploads\/2025\/04\/GIF-MTECH.gif\" class=\"size-full wp-image-163888 aligncenter lazyload\"\/><\/a><br \/>\nElles se d\u00e9rouleront au practice de 14 h \u00e0 18 h.\u00a0<br \/>\n<a href=\"https:\/\/www.ecoutervoir.fr\" rel=\"nofollow noopener\" target=\"_blank\"><img loading=\"lazy\" decoding=\"async\" alt=\"\" width=\"300\" height=\"37\"  src=\"https:\/\/www.europesays.com\/fr\/wp-content\/uploads\/2025\/04\/ecouter-v-300x37.jpeg\" data- class=\"size-medium wp-image-163875 aligncenter lazyload\"\/><\/a><\/p>\n<p><a href=\"https:\/\/patrimoines.lot.fr\/accueil-portail.aspx?mtm_campaign=septembre_patrimoine&amp;mtm_source=Medialot&amp;mtm_cid=septembre_patrimoine&amp;mtm_placement=Medialot\" rel=\"nofollow noopener\" target=\"_blank\"><img loading=\"lazy\" decoding=\"async\" alt=\"\" width=\"300\" height=\"38\" src=\"https:\/\/www.europesays.com\/fr\/wp-content\/uploads\/2025\/09\/Pub-MediaLot-300-x-38-px-Site-Patrimoine-2025.jpg\" class=\"size-full wp-image-173249 aligncenter lazyload\"\/><\/a><\/p>\n<p>Ce samedi 6 septembre 2025, de 14 h \u00e0 18 h, l\u2019association Cahors Golf organise des portes ouvertes au practice situ\u00e9 1154 rue de la Rivi\u00e8re (apr\u00e8s le stade Lucien Desprats en direction du camping Rivi\u00e8re de Cabessut). L\u2019occasion de d\u00e9couvrir les plaisirs de la petite balle blanche en toute convivialit\u00e9.\u00a0<\/p>\n<p><a href=\"https:\/\/www.europesays.com\/fr\/wp-content\/uploads\/2025\/04\/medialot-300x38-5.jpg\"><img loading=\"lazy\" decoding=\"async\" alt=\"\" width=\"300\" height=\"38\" src=\"https:\/\/www.europesays.com\/fr\/wp-content\/uploads\/2025\/04\/medialot-300x38-5.jpg\" class=\"size-full wp-image-150487 aligncenter lazyload\"\/><\/a><br \/>\n<a href=\"https:\/\/chambert.com\/fr\/index.html\" rel=\"nofollow noopener\" target=\"_blank\"><img loading=\"lazy\" decoding=\"async\" alt=\"\" width=\"300\" height=\"38\" src=\"https:\/\/www.europesays.com\/fr\/wp-content\/uploads\/2025\/04\/chambert-2024-300x38-1.gif\" class=\"size-full wp-image-160827 aligncenter lazyload\"\/><\/a><br \/>\n<a href=\"https:\/\/www.lfccourtage.com\/\" rel=\"nofollow noopener\" target=\"_blank\"><img loading=\"lazy\" decoding=\"async\" alt=\"\" width=\"300\" height=\"38\" src=\"https:\/\/www.europesays.com\/fr\/wp-content\/uploads\/2025\/04\/lfc-courtage-bandeau-2.gif\" class=\"size-full wp-image-78799 aligncenter lazyload\"\/><\/a><\/p>\n<p>Photo DR<\/p>\n<p><a href=\"https:\/\/concessions.peugeot.fr\/cahors\" rel=\"nofollow noopener\" target=\"_blank\"><img loading=\"lazy\" decoding=\"async\" alt=\"\" width=\"300\" height=\"38\" src=\"https:\/\/www.europesays.com\/fr\/wp-content\/uploads\/2025\/04\/pub_GGB_s.gif\" class=\"size-full wp-image-128909 aligncenter lazyload\"\/><\/a><br \/>\n<a href=\"https:\/\/www.facebook.com\/IntermarcheCahors?locale=fr_FR\" target=\"_blank\" rel=\"noopener noreferrer nofollow\"><img loading=\"lazy\" decoding=\"async\" alt=\"\" width=\"300\" height=\"38\" src=\"https:\/\/www.europesays.com\/fr\/wp-content\/uploads\/2025\/04\/intermarche-V2.gif\" class=\"aligncenter wp-image-111517 size-full lazyload\"\/><\/a><br \/>\n<a href=\"https:\/\/www.assureur-cahors.fr\" rel=\"nofollow noopener\" target=\"_blank\"><img loading=\"lazy\" decoding=\"async\" alt=\"\" width=\"300\" height=\"38\" src=\"https:\/\/www.europesays.com\/fr\/wp-content\/uploads\/2025\/04\/300x38.gif\" class=\"size-full wp-image-141871 aligncenter lazyload\"\/><\/a><br \/>\n<a href=\"https:\/\/piscinesservices46.fr\" rel=\"nofollow noopener\" target=\"_blank\"><img loading=\"lazy\" decoding=\"async\" alt=\"\" width=\"300\" height=\"38\" src=\"https:\/\/www.europesays.com\/fr\/wp-content\/uploads\/2025\/04\/ps46-bandeau.gif\" class=\"size-full wp-image-146807 aligncenter lazyload\"\/><\/a><br \/>\nPartager\u00a0:<\/p>\n<ul>\n<li class=\"share-twitter\"><a href=\"https:\/\/twitter.com\/share\" class=\"twitter-share-button\" data-url=\"https:\/\/medialot.fr\/portes-ouvertes-a-cahors-golf-ce-samedi-6-septembre-2025\/\" data-text=\"Portes ouvertes \u00e0 Cahors Golf ce samedi 6 septembre 2025\" data-via=\"medialot46\" rel=\"nofollow noopener\" target=\"_blank\">Tweet<\/a><\/li>\n<li class=\"share-facebook\"\/>\n<li class=\"share-linkedin\"\/>\n<li class=\"share-jetpack-whatsapp\"><a rel=\"nofollow noopener noreferrer\" data-shared=\"\" class=\"share-jetpack-whatsapp sd-button\" href=\"https:\/\/medialot.fr\/portes-ouvertes-a-cahors-golf-ce-samedi-6-septembre-2025\/?share=jetpack-whatsapp\" target=\"_blank\" title=\"Cliquez pour partager sur WhatsApp\">WhatsApp<\/a><\/li>\n<li class=\"share-end\"\/><\/ul>\n<p>                        <script async src=\"https:\/\/platform.twitter.com\/widgets.js\" charset=\"utf-8\"><\/script><\/p>\n","protected":false},"excerpt":{"rendered":"Elles se d\u00e9rouleront au practice de 14 h \u00e0 18 h.\u00a0 Ce samedi 6 septembre 2025, de 14&hellip;\n","protected":false},"author":2,"featured_media":361765,"comment_status":"","ping_status":"","sticky":false,"template":"","format":"standard","meta":{"footnotes":""},"categories":[1418],"tags":[1011,27,1472,60],"class_list":{"0":"post-361764","1":"post","2":"type-post","3":"status-publish","4":"format-standard","5":"has-post-thumbnail","7":"category-golf","8":"tag-fr","9":"tag-france","10":"tag-golf","11":"tag-sports"},"share_on_mastodon":{"url":"https:\/\/pubeurope.com\/@fr\/115136960243517590","error":""},"_links":{"self":[{"href":"https:\/\/www.europesays.com\/fr\/wp-json\/wp\/v2\/posts\/361764","targetHints":{"allow":["GET"]}}],"collection":[{"href":"https:\/\/www.europesays.com\/fr\/wp-json\/wp\/v2\/posts"}],"about":[{"href":"https:\/\/www.europesays.com\/fr\/wp-json\/wp\/v2\/types\/post"}],"author":[{"embeddable":true,"href":"https:\/\/www.europesays.com\/fr\/wp-json\/wp\/v2\/users\/2"}],"replies":[{"embeddable":true,"href":"https:\/\/www.europesays.com\/fr\/wp-json\/wp\/v2\/comments?post=361764"}],"version-history":[{"count":0,"href":"https:\/\/www.europesays.com\/fr\/wp-json\/wp\/v2\/posts\/361764\/revisions"}],"wp:featuredmedia":[{"embeddable":true,"href":"https:\/\/www.europesays.com\/fr\/wp-json\/wp\/v2\/media\/361765"}],"wp:attachment":[{"href":"https:\/\/www.europesays.com\/fr\/wp-json\/wp\/v2\/media?parent=361764"}],"wp:term":[{"taxonomy":"category","embeddable":true,"href":"https:\/\/www.europesays.com\/fr\/wp-json\/wp\/v2\/categories?post=361764"},{"taxonomy":"post_tag","embeddable":true,"href":"https:\/\/www.europesays.com\/fr\/wp-json\/wp\/v2\/tags?post=361764"}],"curies":[{"name":"wp","href":"https:\/\/api.w.org\/{rel}","templated":true}]}}