{"id":361766,"date":"2025-09-02T22:03:11","date_gmt":"2025-09-02T22:03:11","guid":{"rendered":"https:\/\/www.europesays.com\/fr\/361766\/"},"modified":"2025-09-02T22:03:11","modified_gmt":"2025-09-02T22:03:11","slug":"cest-officiel-pour-axel-muller","status":"publish","type":"post","link":"https:\/\/www.europesays.com\/fr\/361766\/","title":{"rendered":"C\u2019est officiel pour Axel M\u00fcller !"},"content":{"rendered":"<p>C\u2019est officiel : l\u2019ailier international Argentin Axel M\u00fcller effectue son grand retour en France !<\/p>\n<p>Le joueur pass\u00e9 notamment par le Rugby Club Toulonnais a d\u00e9cid\u00e9 de s\u2019engager en faveur du club de Narbonne pour la saison 2025 \/ 2026.<\/p>\n<p>Le joueur de 31 ans est arriv\u00e9 \u00e0 Narbonne cette semaine.<\/p>\n<p><strong>Voici le communiqu\u00e9 du RCN :<\/strong><\/p>\n<p>\u00ab\u00a0Le Racing Club Narbonnais est heureux d\u2019annoncer l\u2019arriv\u00e9e d\u2019Axel M\u00fcller, ailier international argentin, qui portera les couleurs orange et noir pour cette saison 2025-2026.<\/p>\n<p>\u00c2g\u00e9 de 31 ans, Axel M\u00fcller arrive avec une solide exp\u00e9rience du haut niveau. Form\u00e9 en Argentine, pass\u00e9 par le rugby \u00e0 7 et le Top 14, il s\u2019est illustr\u00e9 par sa vitesse, sa puissance et sa capacit\u00e9 \u00e0 faire la diff\u00e9rence dans les duels. International \u00e0 XV, il a \u00e9galement repr\u00e9sent\u00e9 les\u00a0Pumas\u00a0lors de grandes comp\u00e9titions mondiales.<\/p>\n<p>Avec son profil explosif et son sens du jeu, Axel M\u00fcller viendra renforcer le secteur offensif du Racing. Sa polyvalence et son exp\u00e9rience apporteront une r\u00e9elle valeur ajout\u00e9e \u00e0 l\u2019effectif narbonnais.<\/p>\n<p>Bienvenue \u00e0 toi Axel, nous avons h\u00e2te de te voir fouler la pelouse du Parc des Sports et de l\u2019Amiti\u00e9 sous le maillot orange et noir !\u00a0\u00bb<\/p>\n","protected":false},"excerpt":{"rendered":"C\u2019est officiel : l\u2019ailier international Argentin Axel M\u00fcller effectue son grand retour en France ! Le joueur pass\u00e9&hellip;\n","protected":false},"author":2,"featured_media":361767,"comment_status":"","ping_status":"","sticky":false,"template":"","format":"standard","meta":{"footnotes":""},"categories":[1416],"tags":[1011,27,479,1468,60],"class_list":{"0":"post-361766","1":"post","2":"type-post","3":"status-publish","4":"format-standard","5":"has-post-thumbnail","7":"category-rugby","8":"tag-fr","9":"tag-france","10":"tag-rugby","11":"tag-rugby-football","12":"tag-sports"},"share_on_mastodon":{"url":"https:\/\/pubeurope.com\/@fr\/115136967714491230","error":""},"_links":{"self":[{"href":"https:\/\/www.europesays.com\/fr\/wp-json\/wp\/v2\/posts\/361766","targetHints":{"allow":["GET"]}}],"collection":[{"href":"https:\/\/www.europesays.com\/fr\/wp-json\/wp\/v2\/posts"}],"about":[{"href":"https:\/\/www.europesays.com\/fr\/wp-json\/wp\/v2\/types\/post"}],"author":[{"embeddable":true,"href":"https:\/\/www.europesays.com\/fr\/wp-json\/wp\/v2\/users\/2"}],"replies":[{"embeddable":true,"href":"https:\/\/www.europesays.com\/fr\/wp-json\/wp\/v2\/comments?post=361766"}],"version-history":[{"count":0,"href":"https:\/\/www.europesays.com\/fr\/wp-json\/wp\/v2\/posts\/361766\/revisions"}],"wp:featuredmedia":[{"embeddable":true,"href":"https:\/\/www.europesays.com\/fr\/wp-json\/wp\/v2\/media\/361767"}],"wp:attachment":[{"href":"https:\/\/www.europesays.com\/fr\/wp-json\/wp\/v2\/media?parent=361766"}],"wp:term":[{"taxonomy":"category","embeddable":true,"href":"https:\/\/www.europesays.com\/fr\/wp-json\/wp\/v2\/categories?post=361766"},{"taxonomy":"post_tag","embeddable":true,"href":"https:\/\/www.europesays.com\/fr\/wp-json\/wp\/v2\/tags?post=361766"}],"curies":[{"name":"wp","href":"https:\/\/api.w.org\/{rel}","templated":true}]}}