{"id":361770,"date":"2025-09-02T22:05:27","date_gmt":"2025-09-02T22:05:27","guid":{"rendered":"https:\/\/www.europesays.com\/fr\/361770\/"},"modified":"2025-09-02T22:05:27","modified_gmt":"2025-09-02T22:05:27","slug":"laurore-vitre-sanctionnee-par-la-federation-le-club-reagit","status":"publish","type":"post","link":"https:\/\/www.europesays.com\/fr\/361770\/","title":{"rendered":"l\u2019Aurore Vitr\u00e9 sanctionn\u00e9e par la f\u00e9d\u00e9ration, le club r\u00e9agit"},"content":{"rendered":"<p>            Par<br \/>\n        <strong><br \/>\n            <a href=\"https:\/\/actu.fr\/auteur\/maxime-turberville\" title=\"Consulter tous les articles de Maxime Turberville\" target=\"_blank\" rel=\"noopener\">Maxime Turberville<\/a><br \/>\n        <\/strong><\/p>\n<p>        Publi\u00e9 le<\/p>\n<p>            10 janv. 2025 \u00e0 17h13        <\/p>\n<p>Le couperet est tomb\u00e9 ce <a href=\"https:\/\/actu.fr\/bretagne\/fougeres_35115\/basket-la-federation-francaise-sanctionne-fougeres-et-vitre-nationale-1_62099790.html\" target=\"_blank\" rel=\"noopener\">vendredi 10\u00a0janvier 2025<\/a>. La commission de contr\u00f4le de gestion de la <b>F\u00e9d\u00e9ration fran\u00e7aise de basket-ball <\/b>(FFBB) a sanctionn\u00e9<b> l\u2019Aurore Vitr\u00e9 Basket Bretagne<\/b> d\u2019une p\u00e9nalit\u00e9 de<b> 2\u2009000\u00a0euros<\/b> et <b>d\u2019un point de retrait<\/b>.<\/p>\n<p class=\" wall-content\">Une d\u00e9cision qui n\u2019est pas vraiment une surprise puisque les difficult\u00e9s de l\u2019AVBB \u00e9taient connues. En <a href=\"https:\/\/actu.fr\/bretagne\/vitre_35360\/vitre-le-club-de-basket-en-difficulte-financiere-sa-presidente-repond_61345630.html\" target=\"_blank\" rel=\"noopener\">juillet\u00a02024<\/a>, nous relations la situation d\u00e9licate du <b>club de N1M<\/b>.<\/p>\n<p>Plusieurs points relev\u00e9s par la commission<\/p>\n<p class=\" wall-content\">La commission a motiv\u00e9 sa d\u00e9cision au sujet de plusieurs points\u2009: le \u00ab\u2009d\u00e9passement de l\u2019encadrement des charges de personnel sur la saison 2023\/24, le <b>non-respect du budget valid\u00e9<\/b> sur la saison 2023\/24, le non-respect de l\u2019obligation de constitution du fonds de r\u00e9serve sur la saison 2023\/24, la production de <b>documents incomplets, ou non fiables<\/b>, ou ne pr\u00e9sentant pas la r\u00e9alit\u00e9 de la situation financi\u00e8re du club\u2009\u00bb.<\/p>\n<p class=\" wall-content\">Apr\u00e8s l\u2019annonce de cette sanction, l\u2019AVBB <b>peut interjeter appel <\/b>\u00e0 l\u2019encontre des d\u00e9cisions de la commission de contr\u00f4le de gestion, dans un d\u00e9lai de dix jours ouvrables \u00e0 compter de la date de r\u00e9ception de la d\u00e9cision.<\/p>\n<p>La r\u00e9action du club<\/p>\n<p class=\" wall-content\">L\u2019AVBB a r\u00e9agi \u00e0 cette d\u00e9cision dans un communiqu\u00e9 \u00e0 retrouver sur ses <a href=\"https:\/\/www.facebook.com\/AVBB35\" target=\"_blank\" rel=\"noopener\">r\u00e9seaux sociaux<\/a>.<\/p>\n<p>Vid\u00e9os : en ce moment sur Actu<\/p>\n<p class=\" wall-content\">\u00ab\u00a0Nous ne r\u00e9unissons pas encore le niveau exig\u00e9 par les instances du fonds de r\u00e9serve obligatoire, afin d\u2019assurer la p\u00e9rennit\u00e9 du projet.<\/p>\n<p class=\" wall-content\">Soyez assur\u00e9s que les dirigeants sont \u00e0 pied d\u2019\u0153uvre pour continuer, dans un contexte plus difficile pour tous, \u00e0 am\u00e9liorer la situation financi\u00e8re de l\u2019AVBB en vue de reconstituer ce fonds de r\u00e9serve.\u00a0\u00bb<\/p>\n<p>Votre r\u00e9gion, votre actu !<\/p>\n<p>Recevez chaque jour les infos qui comptent pour vous.<\/p>\n<p>\t<a href=\"https:\/\/actu.fr\/newsletter\" class=\"ac-btn ac-btn--corner ac-btn--medium ac-btn--blue800\" target=\"_blank\" rel=\"noopener\">S&rsquo;incrire<\/a><\/p>\n<p class=\" wall-content\">Le club ajoute\u2009:<\/p>\n<blockquote class=\"ac-article-quote wall-content\">\n<p>Nous tenons \u00e0 remercier nos b\u00e9n\u00e9voles pour leur investissement humain tout au long de ces saisons. Merci \u00e9galement \u00e0 nos partenaires publics et priv\u00e9s pour leur soutien indispensable \u00e0 notre projet. Le staff sportif est \u00e0 pied d\u2019\u0153uvre pour d\u00e9fendre les couleurs du club, ils auront besoin plus que jamais de votre soutien.<\/p>\n<\/blockquote>\n<p class=\" wall-content\">L\u2019AVBB pr\u00e9cise que l\u2019\u00e9quipe de <b>Fabien Calvez <\/b>a pour objectif d\u2019accrocher la poule haute. \u00ab\u2009Votre soutien \u00e0 chaque rencontre sera d\u2019autant plus d\u00e9terminant pour surmonter les d\u00e9fis qui se pr\u00e9senteront en 2025\u2009\u00bb, conclut le club.<\/p>\n<p class=\" wall-content\">Personnalisez votre actualit\u00e9 en ajoutant vos villes et m\u00e9dias en favori avec <a href=\"https:\/\/moncompte.actu.fr\" title=\"D\u00e9couvez Mon Actu\" rel=\"nofollow noopener\" data-trk=\"{&quot;cta&quot;:{&quot;action&quot;:&quot;https:\\\/\\\/moncompte.actu.fr&quot;,&quot;category&quot;:&quot;mon compte&quot;,&quot;from&quot;:&quot;article footer&quot;,&quot;name&quot;:&quot;Mon actu&quot;,&quot;type&quot;:&quot;cta&quot;}}\" target=\"_blank\">Mon Actu<\/a>.<\/p>\n","protected":false},"excerpt":{"rendered":"Par Maxime Turberville Publi\u00e9 le 10 janv. 2025 \u00e0 17h13 Le couperet est tomb\u00e9 ce vendredi 10\u00a0janvier 2025.&hellip;\n","protected":false},"author":2,"featured_media":361771,"comment_status":"","ping_status":"","sticky":false,"template":"","format":"standard","meta":{"footnotes":""},"categories":[1414],"tags":[27426,1465,1464,1011,27,60],"class_list":{"0":"post-361770","1":"post","2":"type-post","3":"status-publish","4":"format-standard","5":"has-post-thumbnail","7":"category-basket","8":"tag-aurore-basket","9":"tag-basket","10":"tag-basketball","11":"tag-fr","12":"tag-france","13":"tag-sports"},"share_on_mastodon":{"url":"https:\/\/pubeurope.com\/@fr\/115136975765735862","error":""},"_links":{"self":[{"href":"https:\/\/www.europesays.com\/fr\/wp-json\/wp\/v2\/posts\/361770","targetHints":{"allow":["GET"]}}],"collection":[{"href":"https:\/\/www.europesays.com\/fr\/wp-json\/wp\/v2\/posts"}],"about":[{"href":"https:\/\/www.europesays.com\/fr\/wp-json\/wp\/v2\/types\/post"}],"author":[{"embeddable":true,"href":"https:\/\/www.europesays.com\/fr\/wp-json\/wp\/v2\/users\/2"}],"replies":[{"embeddable":true,"href":"https:\/\/www.europesays.com\/fr\/wp-json\/wp\/v2\/comments?post=361770"}],"version-history":[{"count":0,"href":"https:\/\/www.europesays.com\/fr\/wp-json\/wp\/v2\/posts\/361770\/revisions"}],"wp:featuredmedia":[{"embeddable":true,"href":"https:\/\/www.europesays.com\/fr\/wp-json\/wp\/v2\/media\/361771"}],"wp:attachment":[{"href":"https:\/\/www.europesays.com\/fr\/wp-json\/wp\/v2\/media?parent=361770"}],"wp:term":[{"taxonomy":"category","embeddable":true,"href":"https:\/\/www.europesays.com\/fr\/wp-json\/wp\/v2\/categories?post=361770"},{"taxonomy":"post_tag","embeddable":true,"href":"https:\/\/www.europesays.com\/fr\/wp-json\/wp\/v2\/tags?post=361770"}],"curies":[{"name":"wp","href":"https:\/\/api.w.org\/{rel}","templated":true}]}}