{"id":361772,"date":"2025-09-02T22:06:17","date_gmt":"2025-09-02T22:06:17","guid":{"rendered":"https:\/\/www.europesays.com\/fr\/361772\/"},"modified":"2025-09-02T22:06:17","modified_gmt":"2025-09-02T22:06:17","slug":"la-mission-audacieuse-pour-relancer-alex-rins-en-motogp","status":"publish","type":"post","link":"https:\/\/www.europesays.com\/fr\/361772\/","title":{"rendered":"la mission audacieuse pour relancer Alex Rins en MotoGP"},"content":{"rendered":"<p><img decoding=\"async\" src=\"https:\/\/www.europesays.com\/fr\/wp-content\/uploads\/2025\/09\/68b6a3b11b9285d8a301c72e_GnG_1254667_HiRes.jpeg\" alt=\"L'effort port\u00e9 par Dovizioso afin de sauver la saison MotoGP de Yamaha\"\/><\/p>\n<p>Depuis plusieurs saisons, <a href=\"https:\/\/www.yamaha-motor.eu\/fr\/fr\/\" target=\"_blank\" rel=\"noopener\">Yamaha<\/a> fait face \u00e0 de nombreux d\u00e9fis en MotoGP, notamment avec la difficile adaptation d\u2019Alex Rins dans l\u2019\u00e9quipe d\u2019usine. En 2024, le constructeur japonais cherche \u00e0 transformer une collaboration d\u00e9cevante en une r\u00e9ussite, en s\u2019appuyant sur l\u2019expertise singuli\u00e8re d\u2019Andrea Dovizioso. Cet article explore la situation complexe de Yamaha, la strat\u00e9gie de d\u00e9veloppement autour de Rins, le r\u00f4le d\u00e9cisif de Dovizioso et les perspectives d\u2019avenir avec la nouvelle Moto V4 tant attendue.<\/p>\n<p>\ud83c\udfcd\ufe0f Un partenariat sous tension : Alex Rins chez Yamaha<\/p>\n<p>Alex Rins, vainqueur en MotoGP avec Suzuki et LCR Honda, a rejoint Yamaha en 2024, succ\u00e9dant \u00e0 Franco Morbidelli. Malheureusement, le d\u00e9but de cette aventure a \u00e9t\u00e9 compliqu\u00e9. D\u00e8s les premiers tours de roue, Rins a pein\u00e9 \u00e0 s\u2019acclimater \u00e0 la Yamaha face \u00e0 un Fabio Quartararo toujours performant et ultra-adapt\u00e9 \u00e0 la M1. De plus, Rins a port\u00e9 le poids d\u2019une grave blessure subie \u00e0 Mugello en 2023, freinant sa progression physique et mentale.<\/p>\n<p><img decoding=\"async\" src=\"https:\/\/www.europesays.com\/fr\/wp-content\/uploads\/2025\/09\/68b6a3b21b9285d8a301c7ce_GnG_1252307_HiRes.jpeg\" class=\"kg-image\" alt=\"L'effort port\u00e9 par Dovizioso afin de sauver la saison MotoGP de Yamaha\"\/><\/p>\n<p>Le contraste est flagrant : 45 points pour Rins contre 109 pour Quartararo en championnat. Aucun d\u00e9part devant son co\u00e9quipier en 14 courses. Malgr\u00e9 une volont\u00e9 affich\u00e9e de se rapprocher de l\u2019ex-champion du monde et des efforts constants, les r\u00e9sultats tardent \u00e0 venir. La situation, stable contractuellement jusqu\u2019en 2026, semblait menacer d\u2019un divorce anticip\u00e9 d\u2019apr\u00e8s certaines rumeurs \u2013 \u00e9cart\u00e9es depuis par la direction de Yamaha.<\/p>\n<p><img decoding=\"async\" src=\"https:\/\/www.europesays.com\/fr\/wp-content\/uploads\/2025\/09\/68b6a3b21b9285d8a301c7c8_Hungary-qualifying-H2H.png\" class=\"kg-image\" alt=\"L'effort port\u00e9 par Dovizioso afin de sauver la saison MotoGP de Yamaha\"\/><\/p>\n<p>Cependant, la volont\u00e9 de l\u2019\u00e9quipe de faire progresser Alex Rins ne s\u2019est jamais d\u00e9mentie. Yamaha mise sur un \u00e9cosyst\u00e8me solide autour de l\u2019Espagnol, soutenu par des ing\u00e9nieurs, des techniciens d\u00e9vou\u00e9s et, depuis cette ann\u00e9e, par un certain Andrea Dovizioso, v\u00e9ritable l\u00e9gende de la discipline.<\/p>\n<p>\ud83d\udd27 Le d\u00e9fi technique : changer pour gagner<\/p>\n<p>Yamaha se confronte \u00e0 un d\u00e9fi d\u2019envergure : adapter la M1, avec son moteur quatre cylindres en ligne, au style de pilotage tr\u00e8s coul\u00e9 d\u2019Alex Rins, alors que la moto exige une approche plus incisive. Rins a longtemps esp\u00e9r\u00e9 amener la machine vers ses pr\u00e9f\u00e9rences mais a fini par reconna\u00eetre que le d\u00e9veloppement men\u00e9 notamment par Quartararo ne lui laissait d&rsquo;autre choix que d&rsquo;ajuster ses propres m\u00e9thodes.<\/p>\n<p><img decoding=\"async\" src=\"https:\/\/www.europesays.com\/fr\/wp-content\/uploads\/2025\/09\/68b6a3b21b9285d8a301c7c2_GnG_1252362_HiRes.jpeg\" class=\"kg-image\" alt=\"L'effort port\u00e9 par Dovizioso afin de sauver la saison MotoGP de Yamaha\"\/><\/p>\n<p>Pendant pr\u00e8s d\u2019un an et demi, il a essay\u00e9 tant bien que mal de faire \u00e9voluer l\u2019ensemble \u2013 r\u00e9glages, ch\u00e2ssis, \u00e9lectronique \u2013 vers davantage de fluidit\u00e9. Sans succ\u00e8s. Jusqu\u2019au Grand Prix d\u2019Autriche o\u00f9, \u00e0 coup de conseils techniques et d\u2019accompagnement rapproch\u00e9 de son chef m\u00e9canicien David Munoz <b>et<\/b> surtout de Dovizioso, Rins a commenc\u00e9 \u00e0 transformer radicalement sa fa\u00e7on de piloter.<\/p>\n<p>Le travail a port\u00e9 sur la g\u00e9om\u00e9trie des virages : il s\u2019agit d\u00e9sormais de quitter sa tendance \u00e0 arrondir les trajectoires fa\u00e7on \u00ab\u00a0U\u00a0\u00bb pour adopter le style plus \u00ab\u00a0V\u00a0\u00bb de Quartararo, plus agressif et abrupt. Cette mue n\u2019est pas naturelle pour Rins : \u00ab\u00a0Changer une mani\u00e8re de piloter acquise sur plusieurs ann\u00e9es n\u2019est jamais intuitif ni facile, surtout en comp\u00e9tition de haut niveau\u00a0\u00bb, confie-t-il.<\/p>\n<p><img decoding=\"async\" src=\"https:\/\/www.europesays.com\/fr\/wp-content\/uploads\/2025\/09\/68b6a3b21b9285d8a301c7d4_arins_2025_motogp_balaton_vaclavduskajr_5613.jpeg\" class=\"kg-image\" alt=\"L'effort port\u00e9 par Dovizioso afin de sauver la saison MotoGP de Yamaha\"\/><\/p>\n<p>Cette profonde transformation technique vise donc \u00e0 aligner davantage son pilotage sur celui de Quartararo : attendre plus longtemps avant d&rsquo;entrer en courbe, freiner plus tard, ajuster la ligne \u2013 tout en g\u00e9rant les limitations des pneumatiques. Si les progr\u00e8s demeurent en Autriche, Rins reste en retrait d\u00e8s que les conditions changent ou en situation de pression forte, comme r\u00e9cemment sur le trac\u00e9 hongrois.<\/p>\n<p>\ud83d\udca1 Andrea Dovizioso : le conseiller miracle de Yamaha<\/p>\n<p>Depuis son arriv\u00e9e comme pilote d\u2019essai et conseiller en performance, <a href=\"https:\/\/www.andreadovizioso.com\/fr\/\" target=\"_blank\" rel=\"noopener\">Andrea Dovizioso<\/a> joue un r\u00f4le cl\u00e9 dans la r\u00e9orientation de Rins. Fort de son exp\u00e9rience de triple vice-champion du monde MotoGP, il n\u2019apporte pas seulement une expertise technique aiguis\u00e9e, mais \u00e9galement un regard externe permettant \u00e0 Yamaha de repenser sa m\u00e9thode de travail.<\/p>\n<p><img decoding=\"async\" src=\"https:\/\/www.europesays.com\/fr\/wp-content\/uploads\/2025\/09\/68b6a3b21b9285d8a301c7c5_GnG_1253972_HiRes.jpeg\" class=\"kg-image\" alt=\"L'effort port\u00e9 par Dovizioso afin de sauver la saison MotoGP de Yamaha\"\/><\/p>\n<p>Son accompagnement a permis de d\u00e9crypter les diff\u00e9rences fondamentales entre les machines, et d\u2019inspirer la confiance n\u00e9cessaire \u00e0 Rins pour modifier en profondeur son pilotage. Gr\u00e2ce \u00e0 Dovizioso, le dialogue autour de la moto s\u2019est enrichi : mesures de t\u00e9l\u00e9m\u00e9trie, analyse comparative avec Quartararo, doubl\u00e9e d\u2019un suivi psychologique et physique inestimable. L\u2019Italien favorise la transition d\u00e9licate entre l\u2019attente d\u2019une machine sur-mesure et la r\u00e9alit\u00e9 du paddock.<\/p>\n<p>Ce soutien a ouvert de nouvelles perspectives au sein de l\u2019\u00e9quipe Yamaha. Les techniciens sont d\u00e9sormais plus r\u00e9ceptifs aux retours du duo Rins-Dovizioso, dynamisant la recherche de solutions tant m\u00e9caniques qu\u2019humaines dans un contexte o\u00f9 chaque d\u00e9tail compte. Le discours officiel est rassurant : tous croient \u00e0 la r\u00e9ussite de cette transformation, conscients qu&rsquo;elle peut conditionner l\u2019avenir m\u00eame du projet Yamaha MotoGP.<\/p>\n<p>\ud83d\ude80 Yamaha V4 : un pari technologique pour l\u2019avenir<\/p>\n<p>Au-del\u00e0 de l\u2019adaptation humaine et technique, le grand virage s\u2019annonce du c\u00f4t\u00e9 du futur <a href=\"https:\/\/www.yamaha-motor.eu\/fr\/fr\/motorcycles\/supersport\/yzf-r1m\/\" target=\"_blank\" rel=\"noopener\">mod\u00e8le V4 de Yamaha<\/a>, promis lors des essais \u00e0 venir \u00e0 Misano. Un changement radical en perspective qui s&rsquo;accompagne d&rsquo;une nouvelle dynamique de travail. Lors de sa premi\u00e8re prise en main, ce mod\u00e8le V4 sera confi\u00e9 \u00e0 August\u00f3 Fernandez, avant qu\u2019Alex Rins et ses \u00e9quipiers ne l\u2019essaient lors du test d\u2019apr\u00e8s-course.<\/p>\n<p><img decoding=\"async\" src=\"https:\/\/www.europesays.com\/fr\/wp-content\/uploads\/2025\/09\/68b6a3b21b9285d8a301c7d1_GnG_1041934_HiRes.jpeg\" class=\"kg-image\" alt=\"L'effort port\u00e9 par Dovizioso afin de sauver la saison MotoGP de Yamaha\"\/><\/p>\n<p>L\u2019introduction de cette machine, pens\u00e9e comme une rupture technologique, est vue comme l\u2019opportunit\u00e9 de r\u00e9v\u00e9ler l\u2019authentique potentiel de Rins. Elle pourrait lui permettre de retrouver des sensations d\u00e9j\u00e0 \u00e9prouv\u00e9es chez Suzuki avec le GSX-RR, un quatre cylindres en ligne, mais aussi lors de son court passage sur la Honda RC213V, dot\u00e9e d\u2019un V4, o\u00f9 il avait su faire parler sa vitesse et son adaptation, jusqu\u2019\u00e0 sa blessure.<\/p>\n<p>La Yamaha V4 incarne les espoirs de la marque d\u2019Iwata de combler l\u2019\u00e9cart technique avec ses rivaux mais aussi de lib\u00e9rer ses pilotes de contraintes sur-le-champ, tout en ouvrant un champ des possibles pour Rins. Si certains s\u2019adaptent instantan\u00e9ment \u00e0 la nouveaut\u00e9, d\u2019autres demanderont plus de temps. Rien n\u2019est \u00e9crit d\u2019avance, mais l\u2019optimisme est de mise dans le box Yamaha.<\/p>\n<p>\u26a1 Un futur \u00e0 construire ensemble<\/p>\n<p>L\u2019heure est \u00e0 la mobilisation chez Yamaha. La synergie entre technologie, ressources humaines et accompagnement d\u2019experts comme Dovizioso peut transformer ce qui ressemblait \u00e0 une impasse en une source intarissable de progr\u00e8s. La constance d\u2019Alex Rins, sa capacit\u00e9 \u00e0 se remettre en question et \u00e0 \u00e9voluer, conjugu\u00e9e \u00e0 l\u2019arriv\u00e9e d\u2019une moto plus adapt\u00e9e \u00e0 son style, permet aux supporters comme \u00e0 l\u2019\u00e9quipe d\u2019esp\u00e9rer une nouvelle \u00e8re.<\/p>\n<p>La r\u00e9ussite passera par la poursuite de ce travail collectif, guid\u00e9 par une foi in\u00e9branlable en la possibilit\u00e9 de se r\u00e9inventer, aussi bien pour les individus que pour la machine. La saison 2024 s&rsquo;annonce charni\u00e8re, et les prochains mois diront si la greffe de l\u2019exp\u00e9rience Dovizioso, la mutation du pilotage de Rins et la r\u00e9volution technologique du V4 ouvriront la voie vers de nouveaux sommets pour Yamaha en MotoGP.<\/p>\n<p>Face \u00e0 l\u2019adversit\u00e9, seule la passion, alli\u00e9e \u00e0 l\u2019innovation et \u00e0 l\u2019esprit d\u2019\u00e9quipe, forge les vraies victoires.<\/p>\n<p>Comme Yamaha r\u00eave de grand retour, qui n\u2019a jamais fantasm\u00e9 sur une Porsche 911 Carrera\u202f? Pour concr\u00e9tiser l\u2019achat ou explorer le leasing, <a href=\"https:\/\/www.joinsteer.com\" target=\"_blank\" rel=\"noopener\">Joinsteer<\/a> propose des solutions sur mesure, alliant plaisir et s\u00e9curit\u00e9 automobile.<\/p>\n","protected":false},"excerpt":{"rendered":"Depuis plusieurs saisons, Yamaha fait face \u00e0 de nombreux d\u00e9fis en MotoGP, notamment avec la difficile adaptation d\u2019Alex&hellip;\n","protected":false},"author":2,"featured_media":361773,"comment_status":"","ping_status":"","sticky":false,"template":"","format":"standard","meta":{"footnotes":""},"categories":[1413],"tags":[1011,27,1457,1456,60],"class_list":{"0":"post-361772","1":"post","2":"type-post","3":"status-publish","4":"format-standard","5":"has-post-thumbnail","7":"category-moto","8":"tag-fr","9":"tag-france","10":"tag-moto","11":"tag-motocycle","12":"tag-sports"},"share_on_mastodon":{"url":"https:\/\/pubeurope.com\/@fr\/115136979770276781","error":""},"_links":{"self":[{"href":"https:\/\/www.europesays.com\/fr\/wp-json\/wp\/v2\/posts\/361772","targetHints":{"allow":["GET"]}}],"collection":[{"href":"https:\/\/www.europesays.com\/fr\/wp-json\/wp\/v2\/posts"}],"about":[{"href":"https:\/\/www.europesays.com\/fr\/wp-json\/wp\/v2\/types\/post"}],"author":[{"embeddable":true,"href":"https:\/\/www.europesays.com\/fr\/wp-json\/wp\/v2\/users\/2"}],"replies":[{"embeddable":true,"href":"https:\/\/www.europesays.com\/fr\/wp-json\/wp\/v2\/comments?post=361772"}],"version-history":[{"count":0,"href":"https:\/\/www.europesays.com\/fr\/wp-json\/wp\/v2\/posts\/361772\/revisions"}],"wp:featuredmedia":[{"embeddable":true,"href":"https:\/\/www.europesays.com\/fr\/wp-json\/wp\/v2\/media\/361773"}],"wp:attachment":[{"href":"https:\/\/www.europesays.com\/fr\/wp-json\/wp\/v2\/media?parent=361772"}],"wp:term":[{"taxonomy":"category","embeddable":true,"href":"https:\/\/www.europesays.com\/fr\/wp-json\/wp\/v2\/categories?post=361772"},{"taxonomy":"post_tag","embeddable":true,"href":"https:\/\/www.europesays.com\/fr\/wp-json\/wp\/v2\/tags?post=361772"}],"curies":[{"name":"wp","href":"https:\/\/api.w.org\/{rel}","templated":true}]}}