{"id":361774,"date":"2025-09-02T22:07:20","date_gmt":"2025-09-02T22:07:20","guid":{"rendered":"https:\/\/www.europesays.com\/fr\/361774\/"},"modified":"2025-09-02T22:07:20","modified_gmt":"2025-09-02T22:07:20","slug":"comment-deschamps-aborde-sa-derniere-saison-en-bleu","status":"publish","type":"post","link":"https:\/\/www.europesays.com\/fr\/361774\/","title":{"rendered":"comment Deschamps aborde sa derni\u00e8re saison en Bleu"},"content":{"rendered":"<p><strong>R\u00c9CIT &#8211; <\/strong>Le s\u00e9lectionneur lance son ultime campagne avec l\u2019\u00e9quipe de France, sans d\u00e9voiler aucun signe d\u2019usure, de stress ou d\u2019inqui\u00e9tude.<\/p>\n<p class=\"fig-paragraph\">Dimanche 8\u00a0juin 2025. L\u2019\u00e9quipe de France vient de battre l\u2019Allemagne (0-2) pour la troisi\u00e8me place du Final Four de la Ligue des nations. Dans le vestiaire, \u00e0 Stuttgart,\u00a0<a href=\"http:\/\/www.lefigaro.fr\/sports\/football\/ligue-des-nations\/son-avenir-apres-les-bleus-zidane-mbappe-les-verites-de-didier-deschamps-au-figaro-20250213\" target=\"_blank\" data-fig-type=\"Article\" rel=\"noopener\" data-gtm-custom-categorie=\"navigation\" data-gtm-custom-action=\"crossclick\" data-gtm-custom-label=\"Contextuel\" data-gtm-event=\"customEventSPE\" data-fig-domain=\"LEFIGARO\">Didier Deschamps<\/a>\u00a0sait que ses troupes, apr\u00e8s une ann\u00e9e \u00e0 rallonge, ne pensent qu\u2019aux vacances ou \u00e0 quelques jours de repos avant de partir aux \u00c9tats-Unis disputer le Mondial des clubs. Avant de les laisser filer, le s\u00e9lectionneur souhaite faire passer un message. Il insiste sur la rentr\u00e9e avec le d\u00e9but des qualifications \u00e0\u00a0<a href=\"http:\/\/www.lefigaro.fr\/sports\/football\/equipe-de-france\/coupe-du-monde-mercato-vie-apres-la-selection-les-mots-de-deschamps-avant-la-rentree-des-bleus-20250901\" target=\"_blank\" data-fig-type=\"NewsFlash\" rel=\"noopener\" data-gtm-custom-categorie=\"navigation\" data-gtm-custom-action=\"crossclick\" data-gtm-custom-label=\"Contextuel\" data-gtm-event=\"customEventSPE\" data-fig-domain=\"LEFIGARO\">la Coupe du monde 2026<\/a>\u00a0et fait r\u00e9f\u00e9rence \u00e0 son cas personnel avec l\u2019\u00e9limination de la s\u00e9lection en 1993 face \u00e0 la Bulgarie alors que toute la France voyait les Bleus d\u00e9j\u00e0 aux \u00c9tats-Unis.<\/p>\n<p class=\"fig-paragraph\">Deschamps, titulaire ce soir-l\u00e0, \u00e9voque la soir\u00e9e cataclysmique du 17\u00a0novembre, l\u2019exc\u00e8s de confiance,\u00a0<a href=\"http:\/\/www.lefigaro.fr\/musique\/50-ans-apres-l-ete-indien-jonathan-dassin-se-debat-avec-l-heritage-paternel-20250606\" target=\"_blank\" data-fig-type=\"Article\" rel=\"noopener\" data-gtm-custom-categorie=\"navigation\" data-gtm-custom-action=\"crossclick\" data-gtm-custom-label=\"Contextuel\" data-gtm-event=\"customEventSPE\" data-fig-domain=\"LEFIGARO\">Joe Dassin<\/a>\u00a0et L\u2019Am\u00e9rique dans la sono du Parc des Princes. L\u2019id\u00e9e est, d\u00e9j\u00e0, de sensibiliser son groupe contre toute forme de rel\u00e2chement pour aborder avec s\u00e9rieux les rendez-vous face \u00e0 l\u2019Ukraine (ce vendredi en Pologne)\u2026<\/p>\n<p class=\"fig-premium-paywall__infos\">\n        Cet article est r\u00e9serv\u00e9 aux abonn\u00e9s.        Il vous reste 85% \u00e0 d\u00e9couvrir.\n    <\/p>\n<p>                <img  data- alt=\"Le Figaro\" class=\"fig-img--complete fig-img\"\/><\/p>\n<p class=\"fig-premium-paywall__title\">Vente Flash<\/p>\n<p class=\"fig-premium-paywall__subtitle\">4,99\u20ac par mois pendant 12 mois. Sans engagement<\/p>\n<p class=\"fig-premium-paywall__connect\">\n                D\u00e9j\u00e0 abonn\u00e9\u00a0?                <a class=\"fig-premium-paywall__connect-link\" href=\"https:\/\/connect.lefigaro.fr\/login?client=horizon_web&amp;type=main&amp;redirect_uri=https%3A%2F%2Fwww.lefigaro.fr%2Fsports%2Ffootball%2Fequipe-de-france%2Fil-veut-sortir-par-la-grande-porte-comment-deschamps-aborde-sa-derniere-saison-en-bleu-20250902\" data-js-gtm=\"{&quot;customCategorie&quot;: &quot;conversion&quot;, &quot;customAction&quot;: &quot;before_Landing_Connexion_paywall_auto&quot;, &quot;customLabel&quot;: &quot;bGVmaWdhcm8uZnJfXzFmMDg3ZTk1LTQ3OGEtNmUyNi04NDk0LWZiYjdjYThlOWY4NV9fQXJ0aWNsZQ==_\u00abIl veut sortir par la grande porte\u00bb\u00a0: comment Deschamps aborde sa derni\u00e8re saison en Bleu_319&quot;, &quot;customIDSPE&quot;: &quot;bGVmaWdhcm8uZnJfXzFmMDg3ZTk1LTQ3OGEtNmUyNi04NDk0LWZiYjdjYThlOWY4NV9fQXJ0aWNsZQ==&quot;, &quot;event&quot;: &quot;customEventSPE&quot;}\" target=\"_blank\" rel=\"noopener\"><br \/>\n                    Connectez-vous<br \/>\n                <\/a>\n            <\/p>\n","protected":false},"excerpt":{"rendered":"R\u00c9CIT &#8211; Le s\u00e9lectionneur lance son ultime campagne avec l\u2019\u00e9quipe de France, sans d\u00e9voiler aucun signe d\u2019usure, de&hellip;\n","protected":false},"author":2,"featured_media":361775,"comment_status":"","ping_status":"","sticky":false,"template":"","format":"standard","meta":{"footnotes":""},"categories":[1412],"tags":[20532,1451,1452,1453,1454,1455,1011,27,6477,60,24863],"class_list":{"0":"post-361774","1":"post","2":"type-post","3":"status-publish","4":"format-standard","5":"has-post-thumbnail","7":"category-f1","8":"tag-didier-deschamps","9":"tag-f1","10":"tag-formula-1","11":"tag-formula1","12":"tag-formule-1","13":"tag-formule1","14":"tag-fr","15":"tag-france","16":"tag-kylian-mbappe","17":"tag-sports","18":"tag-zinedine-zidane"},"share_on_mastodon":{"url":"https:\/\/pubeurope.com\/@fr\/115136983468060673","error":""},"_links":{"self":[{"href":"https:\/\/www.europesays.com\/fr\/wp-json\/wp\/v2\/posts\/361774","targetHints":{"allow":["GET"]}}],"collection":[{"href":"https:\/\/www.europesays.com\/fr\/wp-json\/wp\/v2\/posts"}],"about":[{"href":"https:\/\/www.europesays.com\/fr\/wp-json\/wp\/v2\/types\/post"}],"author":[{"embeddable":true,"href":"https:\/\/www.europesays.com\/fr\/wp-json\/wp\/v2\/users\/2"}],"replies":[{"embeddable":true,"href":"https:\/\/www.europesays.com\/fr\/wp-json\/wp\/v2\/comments?post=361774"}],"version-history":[{"count":0,"href":"https:\/\/www.europesays.com\/fr\/wp-json\/wp\/v2\/posts\/361774\/revisions"}],"wp:featuredmedia":[{"embeddable":true,"href":"https:\/\/www.europesays.com\/fr\/wp-json\/wp\/v2\/media\/361775"}],"wp:attachment":[{"href":"https:\/\/www.europesays.com\/fr\/wp-json\/wp\/v2\/media?parent=361774"}],"wp:term":[{"taxonomy":"category","embeddable":true,"href":"https:\/\/www.europesays.com\/fr\/wp-json\/wp\/v2\/categories?post=361774"},{"taxonomy":"post_tag","embeddable":true,"href":"https:\/\/www.europesays.com\/fr\/wp-json\/wp\/v2\/tags?post=361774"}],"curies":[{"name":"wp","href":"https:\/\/api.w.org\/{rel}","templated":true}]}}