{"id":361776,"date":"2025-09-02T22:08:11","date_gmt":"2025-09-02T22:08:11","guid":{"rendered":"https:\/\/www.europesays.com\/fr\/361776\/"},"modified":"2025-09-02T22:08:11","modified_gmt":"2025-09-02T22:08:11","slug":"vuelta-tour-despagne-parcours-profil-la-11e-etape-une-mini-classique","status":"publish","type":"post","link":"https:\/\/www.europesays.com\/fr\/361776\/","title":{"rendered":"Vuelta. Tour d&rsquo;Espagne &#8211; Parcours, profil&#8230; La 11e \u00e9tape, une mini classique !"},"content":{"rendered":"<p>La 11e \u00e9tape de <a href=\"https:\/\/www.cyclismactu.net\/..\/news-tour-d-espagne-route-jay-vine-10e-etape-jonas-vingegaard-chipe-rouge-traeen-89931.html\" target=\"_blank\" rel=\"nofollow noopener\"><strong>La Vuelta<\/strong><\/a> propose un parcours exigeant de 167 kilom\u00e8tres autour de Bilbao, au c\u0153ur des collines verdoyantes du Pays Basque. Les coureurs arpenteront de courtes mont\u00e9es raides, dans un trac\u00e9 qui rappelle la<strong> Clasica San Sebastian<\/strong> ou le <strong>Circuit de Getxo<\/strong>. Le d\u00e9part verra le peloton affronter l\u2019Alto de Laukiz, suivi du Puerto de San Pelayo, avant une portion vallonn\u00e9e menant au Balc\u00f3n de Bizkaia et \u00e0 l\u2019Alto de Morga. Apr\u00e8s la double ascension de l\u2019Alto del Vivero (4,3km \u00e0 7,9%) et l\u2019Alto de Pike (2,1km \u00e0 9,2%), moment cl\u00e9 de la course, les coureurs termineront sur Bilbao.<\/p>\n<p>Vid\u00e9o &#8211; Jonas Vingegaard, maillot rouge de cette Vuelta Lire la suite de l&rsquo;article&#13;<\/p>\n<p>\u00a0<\/p>\n<p>&#13;<br \/>\nBataille entre les favoris ?&#13;<\/p>\n<p>Sur un tel parcours, le sc\u00e9nario semble difficile \u00e0 pr\u00e9voir. Une \u00e9chapp\u00e9e compos\u00e9e de solides baroudeurs comme <strong>Jay Vine<\/strong> (UAE Team Emirates XRG), <strong>Marco Frigo<\/strong> (Israel-Premier Tech) ou <strong>Pablo Castrillo<\/strong> (Movistar) pourraient se jouer la gagne. Mais le trac\u00e9 pourrait \u00e9galement donner envie \u00e0 certaines \u00e9quipes de favoris de mettre la pagaille. Dans ce cas, les meilleurs coureurs du classement g\u00e9n\u00e9ral comme<strong> Jonas Vingegaard<\/strong> (Visma | Lease a Bike), <strong>Joao Almeida <\/strong>(UAE Team Emirates XRG) ou<strong> Tom Pidcock <\/strong>(Q36.5) pourraient lever les bras \u00e0 Bilbao.<\/p>\n<p>&#13;<\/p>\n<p>\u00a0<\/p>\n<p>&#13;<br \/>\nLe parcours de la 11e \u00e9tape&#13;<\/p>\n<p>&#8211; Mercredi 3 septembre \u2013 <strong>\u00c9tape 11<\/strong> : Bilbao &#8211; Bilbao \/ 167 km\u00a0&#8211;\u00a03178m D+<\/p>\n<p>&#13;<\/p>\n<p><img decoding=\"async\" src=\"https:\/\/www.europesays.com\/fr\/wp-content\/uploads\/2025\/09\/LaVuelta2025_11.jpg\" style=\"max-width:100%;max-height:100%;\" alt=\"image\" loading=\"lazy\"\/><\/p>\n<p>&#13;<\/p>\n<p>\u00a0<\/p>\n<p>&#13;<br \/>\nTour d&rsquo;Espagne &#8211; Classement g\u00e9n\u00e9ral provisoire apr\u00e8s la 11\u00e8 \u00e9tape<\/p>\n","protected":false},"excerpt":{"rendered":"La 11e \u00e9tape de La Vuelta propose un parcours exigeant de 167 kilom\u00e8tres autour de Bilbao, au c\u0153ur&hellip;\n","protected":false},"author":2,"featured_media":361777,"comment_status":"","ping_status":"","sticky":false,"template":"","format":"standard","meta":{"footnotes":""},"categories":[1411],"tags":[1154,207,1011,27,209,60,3318,208],"class_list":{"0":"post-361776","1":"post","2":"type-post","3":"status-publish","4":"format-standard","5":"has-post-thumbnail","7":"category-cyclisme","8":"tag-cycling","9":"tag-cyclisme","10":"tag-fr","11":"tag-france","12":"tag-route","13":"tag-sports","14":"tag-tour-d","15":"tag-velo"},"share_on_mastodon":{"url":"https:\/\/pubeurope.com\/@fr\/115136987399383500","error":""},"_links":{"self":[{"href":"https:\/\/www.europesays.com\/fr\/wp-json\/wp\/v2\/posts\/361776","targetHints":{"allow":["GET"]}}],"collection":[{"href":"https:\/\/www.europesays.com\/fr\/wp-json\/wp\/v2\/posts"}],"about":[{"href":"https:\/\/www.europesays.com\/fr\/wp-json\/wp\/v2\/types\/post"}],"author":[{"embeddable":true,"href":"https:\/\/www.europesays.com\/fr\/wp-json\/wp\/v2\/users\/2"}],"replies":[{"embeddable":true,"href":"https:\/\/www.europesays.com\/fr\/wp-json\/wp\/v2\/comments?post=361776"}],"version-history":[{"count":0,"href":"https:\/\/www.europesays.com\/fr\/wp-json\/wp\/v2\/posts\/361776\/revisions"}],"wp:featuredmedia":[{"embeddable":true,"href":"https:\/\/www.europesays.com\/fr\/wp-json\/wp\/v2\/media\/361777"}],"wp:attachment":[{"href":"https:\/\/www.europesays.com\/fr\/wp-json\/wp\/v2\/media?parent=361776"}],"wp:term":[{"taxonomy":"category","embeddable":true,"href":"https:\/\/www.europesays.com\/fr\/wp-json\/wp\/v2\/categories?post=361776"},{"taxonomy":"post_tag","embeddable":true,"href":"https:\/\/www.europesays.com\/fr\/wp-json\/wp\/v2\/tags?post=361776"}],"curies":[{"name":"wp","href":"https:\/\/api.w.org\/{rel}","templated":true}]}}