{"id":361778,"date":"2025-09-02T22:09:18","date_gmt":"2025-09-02T22:09:18","guid":{"rendered":"https:\/\/www.europesays.com\/fr\/361778\/"},"modified":"2025-09-02T22:09:18","modified_gmt":"2025-09-02T22:09:18","slug":"mercato-direction-la-turquie-pour-tanguy-coulibaly","status":"publish","type":"post","link":"https:\/\/www.europesays.com\/fr\/361778\/","title":{"rendered":"[Mercato] Direction la Turquie pour Tanguy Coulibaly ?"},"content":{"rendered":"<p>Alors que le mercato fran\u00e7ais a ferm\u00e9 ses portes hier soir en France, les d\u00e9parts vers d\u2019autres pays peuvent toujours avoir lieu. En effet, le march\u00e9 des transferts est encore ouvert dont de nombreux pas, dont la Suisse, la Belgique, la Turquie ou encore l\u2019Arabie Saoudite. Nous ne sommes donc pas \u00e0 l\u2019abris de nouveaux d\u00e9parts dans l\u2019effectif du MHSC dans les prochains jours.<\/p>\n<p>A ce titre, d\u2019apr\u00e8s certains journalistes turcs, Tanguy Coulibaly pourrait bien mettre les voiles dans les prochaines heures. En effet, l\u2019ailier de Montpellier est annonc\u00e9 du c\u00f4t\u00e9 de Samsunspor, en premi\u00e8re division turque. Le club p\u00e8re de l\u2019USL Dunkerque jouera la Coupe d\u2019Europe cette saison apr\u00e8s avoir r\u00e9alis\u00e9 une saison 2024\/325 de haut vol en se hissant \u00e0 la troisi\u00e8me place du championnat devant le Besiktas, Basaksehir et Trabzonspor. Un projet qui se veut ambitieux et qui pourrait offrir \u00e0 notre joueur une belle exposition continentale.<\/p>\n<p>Certains m\u00e9dias turcs vont plus loin en affirmant qu\u2019au accord aurait d\u00e9j\u00e0 \u00e9t\u00e9 trouv\u00e9 et que le transfert sera annonc\u00e9 dans les prochaines heures. Cet accord permettrait au MHSC d\u2019empocher 1.5 M\u20ac. Il est difficile de juger la v\u00e9racit\u00e9 de cette information, tant nous savons que les sources provenant de Turquie ne sont pas toujours fiables concernant notre club, mais le transfert en lui-m\u00eame ne semble pas ridicule. Affaire \u00e0 suivre\u2026<\/p>\n","protected":false},"excerpt":{"rendered":"Alors que le mercato fran\u00e7ais a ferm\u00e9 ses portes hier soir en France, les d\u00e9parts vers d\u2019autres pays&hellip;\n","protected":false},"author":2,"featured_media":361779,"comment_status":"","ping_status":"","sticky":false,"template":"","format":"standard","meta":{"footnotes":""},"categories":[1410],"tags":[328,63,1011,27,1434,60],"class_list":{"0":"post-361778","1":"post","2":"type-post","3":"status-publish","4":"format-standard","5":"has-post-thumbnail","7":"category-football","8":"tag-a-la-une","9":"tag-football","10":"tag-fr","11":"tag-france","12":"tag-mercato","13":"tag-sports"},"share_on_mastodon":{"url":"https:\/\/pubeurope.com\/@fr\/115136991350027860","error":""},"_links":{"self":[{"href":"https:\/\/www.europesays.com\/fr\/wp-json\/wp\/v2\/posts\/361778","targetHints":{"allow":["GET"]}}],"collection":[{"href":"https:\/\/www.europesays.com\/fr\/wp-json\/wp\/v2\/posts"}],"about":[{"href":"https:\/\/www.europesays.com\/fr\/wp-json\/wp\/v2\/types\/post"}],"author":[{"embeddable":true,"href":"https:\/\/www.europesays.com\/fr\/wp-json\/wp\/v2\/users\/2"}],"replies":[{"embeddable":true,"href":"https:\/\/www.europesays.com\/fr\/wp-json\/wp\/v2\/comments?post=361778"}],"version-history":[{"count":0,"href":"https:\/\/www.europesays.com\/fr\/wp-json\/wp\/v2\/posts\/361778\/revisions"}],"wp:featuredmedia":[{"embeddable":true,"href":"https:\/\/www.europesays.com\/fr\/wp-json\/wp\/v2\/media\/361779"}],"wp:attachment":[{"href":"https:\/\/www.europesays.com\/fr\/wp-json\/wp\/v2\/media?parent=361778"}],"wp:term":[{"taxonomy":"category","embeddable":true,"href":"https:\/\/www.europesays.com\/fr\/wp-json\/wp\/v2\/categories?post=361778"},{"taxonomy":"post_tag","embeddable":true,"href":"https:\/\/www.europesays.com\/fr\/wp-json\/wp\/v2\/tags?post=361778"}],"curies":[{"name":"wp","href":"https:\/\/api.w.org\/{rel}","templated":true}]}}