{"id":361780,"date":"2025-09-02T22:10:08","date_gmt":"2025-09-02T22:10:08","guid":{"rendered":"https:\/\/www.europesays.com\/fr\/361780\/"},"modified":"2025-09-02T22:10:08","modified_gmt":"2025-09-02T22:10:08","slug":"je-voulais-rectifier-des-choses-audrey-crespo-mara-dans-quotidien-pour-evoquer-le-depart-tres-commente-de-thierry-ardisson-purepeople","status":"publish","type":"post","link":"https:\/\/www.europesays.com\/fr\/361780\/","title":{"rendered":"&quot;Je voulais rectifier des choses&quot; : Audrey Crespo-Mara dans Quotidien pour \u00e9voquer le d\u00e9part tr\u00e8s comment\u00e9 de Thierry Ardisson &#8211; Purepeople"},"content":{"rendered":"<ol>\n<li><a href=\"https:\/\/news.google.com\/rss\/articles\/CBMi-wFBVV95cUxPanhNMFJqWkI1V1dGaDBaUjZ2d2hIb1NBeUsyS3VjbGVyb3Y2WHVKeHJVd1paZ01RSTlnYWJBRGU0YlNQblM2UGhlbHNLZWpVWGtYUHIxcXN6dGIyZ1lYRmRFbVlpM3dYWUVxNDBoOVZaQk92S2x6akhtWE5zVG5QQWppdW0wbHgzdWVidG85aHNmSFNEaGVjcXJVeG5ldHlkUGV0UkRkY2VONWdnd0RKeUI2NThEZWNGQ0pBekZQd0NMbnpHV0hBcEZIMGM3VHU5aGRLNENjR21vT0djVUlvQ1FJZW11ZXFkang1R0dmclk3YlVScENhQWZsaw?oc=5\" target=\"_blank\" rel=\"nofollow noopener\">\u00ab\u00a0Je voulais rectifier des choses\u00a0\u00bb : Audrey Crespo-Mara dans Quotidien pour \u00e9voquer le d\u00e9part tr\u00e8s comment\u00e9 de Thierry Ardisson<\/a>&nbsp;&nbsp;Purepeople<\/li>\n<li><a href=\"https:\/\/news.google.com\/rss\/articles\/CBMisgFBVV95cUxOOVFfWXBSZXE2Ynp1dzlwT1p6YjRfYVVfZ2Zkdkg5b3RSaHNiMUJmNTMwNU9YOFVQYWFTUG5HVnpMcHp4dGQ5T0xXRjluVnk0OWF0SF9vNTFOUmFtUHJRcGJtcU1vcFEyZ3JlR1NvTGY2U25sb29rNTAybzQtR0kydmU3LVB3Q0ZHLXFQMmJmWS1jUlh4d1FMX1Y4S0loWERzMHVxbVpLLXBVcWdoaTZjNXp3?oc=5\" target=\"_blank\" rel=\"nofollow noopener\">\u00ab Cela a \u00e9t\u00e9 dur\u2026 \u00bb : le deuil difficile d\u2019Audrey Crespo-Mara<\/a>&nbsp;&nbsp;Le Point<\/li>\n<li><a href=\"https:\/\/news.google.com\/rss\/articles\/CBMifkFVX3lxTE5PSEtLcGFqUTgwU3pCeHp3V051TnZtOW51LXN4a210REk4UmVTT0tKdml1VGZKbk90eEdtd0Z0S3hwQ0tLaktIb3hLNF9OeHJhclFtbEE5VVNHV042cWVqb1o2ejhJUXZGOGdsdnlENjlDYmVKLWIyR3Y5VzY3QQ?oc=5\" target=\"_blank\" rel=\"nofollow noopener\">\u00ab\u00a0M\u00eame si on s&rsquo;en est foutu plein la gueule\u2026\u00a0\u00bb : Cyril Hanouna revient sur le d\u00e9c\u00e8s de Thierry Ardisson dans Tout beau, tout n9uf (VIDEO)<\/a>&nbsp;&nbsp;Yahoo Actualit\u00e9s<\/li>\n<li><a href=\"https:\/\/news.google.com\/rss\/articles\/CBMi8gFBVV95cUxOTU8wc0c3SzJsNlF2ak05al90ME9tdVVmdVFFWE9nNmk1Rm1SVDFQbE84MVFCVmNmMWlvYWQ2bklmRXpRcndtcU5RdlJnQzhXZmt5bHJMTWdwZFRSUkhxUGZ6bnJSRWdkYjc2Si02enlwVFZHTmNraUZJTjlENUs4dzI0VGFHOFdHdW5SMDQzQWstNE52UWpkc2tLNHBwZVU5TlJPQ2J6TFdSWTF0OElXUGw1bEpmcXdfY3VabU82X2RXZVc1ZGZYLVowSi1UMFZkeV9OMkF2MFNwcm1CcjVSLWRGSVlKZ1IteU1fOHlIOFpJZw?oc=5\" target=\"_blank\" rel=\"nofollow noopener\">\u00abUne s\u00e9dation profonde\u00bb : Audrey Crespo-Mara raconte les derniers instants de Thierry Ardisson dans \u00abQuotidien\u00bb<\/a>&nbsp;&nbsp;TV Magazine<\/li>\n<li><a href=\"https:\/\/news.google.com\/rss\/articles\/CBMimAJBVV95cUxNWHkwMXBzaGY5enB0ZFlpUmhjSjNsQkQtbVpFS1hoMTBncE9uQ0Z2S3JSVVVpaDEyczVaU2FPSTJzbWFnVm1wVER4MGhmSlpDNVVfaTA3TlhHNjhwQzBKRUVVaXY0Sjl2NHBGelNrWW82QVFwR3B3a1BhdXRFTDM5djlrbnU0NTVjYjVSQTBuXzd4SGhVcnlFSXEtdmx3S2VKa3BzSHZ6UVF6NUJOMlZvMnQ3QVEtMGdYN2pRMlgtTEppMUlUVFdVUkpyZlJPTXFULVZENGJocXU0QS1nOXlwU01RYTdncDdZaXlqbWV3ZDAtMWtsRktSWVhBYUVrbEg1TUYzYkJaYklNSTU1bktudUFJRjhYUkN3?oc=5\" target=\"_blank\" rel=\"nofollow noopener\">Christine Bravo revient sur sa relation mouvement\u00e9e avec Thierry Ardisson : \u00ab\u00a0\u00c9videmment, il n&rsquo;a pas \u00e9t\u00e9 clean&#8230;\u00a0\u00bb (VID\u00c9O)<\/a>&nbsp;&nbsp;T\u00e9l\u00e9 7 Jours<\/li>\n<\/ol>\n","protected":false},"excerpt":{"rendered":"\u00ab\u00a0Je voulais rectifier des choses\u00a0\u00bb : Audrey Crespo-Mara dans Quotidien pour \u00e9voquer le d\u00e9part tr\u00e8s comment\u00e9 de Thierry&hellip;\n","protected":false},"author":2,"featured_media":1445,"comment_status":"","ping_status":"","sticky":false,"template":"","format":"standard","meta":{"footnotes":""},"categories":[1359],"tags":[58,59,1011,27,973],"class_list":{"0":"post-361780","1":"post","2":"type-post","3":"status-publish","4":"format-standard","5":"has-post-thumbnail","7":"category-people","8":"tag-divertissement","9":"tag-entertainment","10":"tag-fr","11":"tag-france","12":"tag-people"},"share_on_mastodon":{"url":"https:\/\/pubeurope.com\/@fr\/115136995288090598","error":""},"_links":{"self":[{"href":"https:\/\/www.europesays.com\/fr\/wp-json\/wp\/v2\/posts\/361780","targetHints":{"allow":["GET"]}}],"collection":[{"href":"https:\/\/www.europesays.com\/fr\/wp-json\/wp\/v2\/posts"}],"about":[{"href":"https:\/\/www.europesays.com\/fr\/wp-json\/wp\/v2\/types\/post"}],"author":[{"embeddable":true,"href":"https:\/\/www.europesays.com\/fr\/wp-json\/wp\/v2\/users\/2"}],"replies":[{"embeddable":true,"href":"https:\/\/www.europesays.com\/fr\/wp-json\/wp\/v2\/comments?post=361780"}],"version-history":[{"count":0,"href":"https:\/\/www.europesays.com\/fr\/wp-json\/wp\/v2\/posts\/361780\/revisions"}],"wp:featuredmedia":[{"embeddable":true,"href":"https:\/\/www.europesays.com\/fr\/wp-json\/wp\/v2\/media\/1445"}],"wp:attachment":[{"href":"https:\/\/www.europesays.com\/fr\/wp-json\/wp\/v2\/media?parent=361780"}],"wp:term":[{"taxonomy":"category","embeddable":true,"href":"https:\/\/www.europesays.com\/fr\/wp-json\/wp\/v2\/categories?post=361780"},{"taxonomy":"post_tag","embeddable":true,"href":"https:\/\/www.europesays.com\/fr\/wp-json\/wp\/v2\/tags?post=361780"}],"curies":[{"name":"wp","href":"https:\/\/api.w.org\/{rel}","templated":true}]}}