{"id":361781,"date":"2025-09-02T22:11:18","date_gmt":"2025-09-02T22:11:18","guid":{"rendered":"https:\/\/www.europesays.com\/fr\/361781\/"},"modified":"2025-09-02T22:11:18","modified_gmt":"2025-09-02T22:11:18","slug":"la-photographe-letizia-battaglia-au-plus-pres-de-la-comedie-humaine-telerama","status":"publish","type":"post","link":"https:\/\/www.europesays.com\/fr\/361781\/","title":{"rendered":"La photographe Letizia Battaglia, au plus pr\u00e8s de la com\u00e9die humaine &#8211; T\u00e9l\u00e9rama"},"content":{"rendered":"<ol>\n<li><a href=\"https:\/\/news.google.com\/rss\/articles\/CBMiwgFBVV95cUxNRjZzZGZWbWtCRUFCTU00elNBWVRFaXhtalcyTTVDSmNMQ2dzREhVT1U3ZEh0Yk9iYk5TazZNQ1BLdUxLb2FfRzI5a29xalh2NnB1Z2c2MlNUQjR5M0duakp5MTdncTIwN2luN1lsWHRiS2dXSWlRMGVFazhfQy1pSmNnRjRkcTBvV01VSXZFVjdvZ0lkaXRSNFNkVkd5OFpETUlNUFpoaDhreUxNM2FxOFk0cWdRRHowZUNTWHpQQXlxQQ?oc=5\" target=\"_blank\" rel=\"nofollow noopener\">La photographe Letizia Battaglia, au plus pr\u00e8s de la com\u00e9die humaine<\/a>&nbsp;&nbsp;T\u00e9l\u00e9rama<\/li>\n<li><a href=\"https:\/\/news.google.com\/rss\/articles\/CBMimAJBVV95cUxNSzh4a2xET3VDSGxGUHBTWC00RHlfc0k3VGc3WW1KdkRRdHVzUGFENDZXOEJqNE5vc0wzMzdaYmhGUlprdTlBdEVJcmttT0xXM1VJZG43QUlyR25XaklEak9taFBPMTI0VUFqa1FGV1dfUW5qUHM0RG5KMUJyRVcwZlVIUjhHekFqTkVOYS1rODFuNFVISFA3eU1sZXZSeURRME5Zdl9GTnNnMmV0WVZjcVRCTEZKLWY0eFItLXd5VzZZamVnZnNiQnFSdGFYNkY5Z0loTE0xM3lJcTdkVXFrZXIxbUVUeGMta1pMM2tYbkNBUWVNczNsYTJyMXZPWFlNVFZYdUZxMktJNEY5OHd2elV5SzloMUwx?oc=5\" target=\"_blank\" rel=\"nofollow noopener\">Critique expo : Letizia Battaglia pour \u00ab\u00a0J&rsquo;ai toujours cherch\u00e9 la vie\u00a0\u00bb<\/a>&nbsp;&nbsp;Radio France<\/li>\n<li><a href=\"https:\/\/news.google.com\/rss\/articles\/CBMi5wFBVV95cUxOb3h1aVBDQm1FRXlnTEc0RGdkdlFENVVCWURBeGMxTnBPWUZSSk1zLUR3OWg4MXh2Q0Z5UkNkR09WVnpjTGtjUUJZclRUcUI5THB5RVZMV3plQU1LbUxBTk9VSVFPcHZyX1RVcm1XNElIcjdaNHJ5YjJ2bGhtckNZNVhMbTZPVUpnYmJJZUFadzd3Y0RtWm1HaE94cUVwREs3VEl4Z3d4X09XM0NCcWs1LVVnZFpqV0l0VWVZSV9scm5TRWZGcXRkYlNNd3Z6VWk5aGV6Z3RSam8xS0haSjhKVVhnaXVoMkU?oc=5\" target=\"_blank\" rel=\"nofollow noopener\">Invit\u00e9 culture &#8211; Rencontres d&rsquo;Arles: la photographe Camille L\u00e9v\u00eaque interroge la figure du p\u00e8re<\/a>&nbsp;&nbsp;RFI<\/li>\n<li><a href=\"https:\/\/news.google.com\/rss\/articles\/CBMiyAFBVV95cUxPZ1RSSnQzTGI5MzIyQldoV2VwRU41dEdUSVhfUDJGNm44N3MwaGMwZ2k2TVpxUTE1LTZoYjFpZHhtQTBCTUl6NUx4Ylc2bjhWNmVKb2U1OFN3NHI3MHB4MWdkOTAtYURXUzhXRTRkRUdYYWNWX3ZsX0tCelJqd25weWFyellMRWc2S25EaFV6NmdGM2ZRRHRBTlVPM05HLXRXLTFySjJyZHVONlhmVHhscUdYMFBRSEM2aER3T1poeVdnTjBjM0J6cA?oc=5\" target=\"_blank\" rel=\"nofollow noopener\">Aux Rencontres d\u2019Arles, la Sicile visc\u00e9rale de Letizia Battaglia<\/a>&nbsp;&nbsp;Courrier international<\/li>\n<li><a href=\"https:\/\/news.google.com\/rss\/articles\/CBMinwFBVV95cUxQSmotNXNHVFgwcVBTaWxHZzFDMklPUDE2RzJKYmc5U0lsVklnWTFlbEdtTFJsb00zRkYyNGFNdmMxblRBY3ZBVnI2cUhBTWRjSGNBUFpZRXk5aGswbGlIUHRXYThhdXZlTDVRenNnTXphSUFHM3V5NWdLZk1ZTXZUN2Y2QTA1T3p3MmtCMVJLeDF6RjRVNm84czVHbGdXQjg?oc=5\" target=\"_blank\" rel=\"nofollow noopener\">Arles | Jusqu\u2019au 5 octobre, les Rencontres de la Photographie se poursuivent<\/a>&nbsp;&nbsp;L&rsquo;art vues<\/li>\n<\/ol>\n","protected":false},"excerpt":{"rendered":"La photographe Letizia Battaglia, au plus pr\u00e8s de la com\u00e9die humaine&nbsp;&nbsp;T\u00e9l\u00e9rama Critique expo : Letizia Battaglia pour \u00ab\u00a0J&rsquo;ai&hellip;\n","protected":false},"author":2,"featured_media":361782,"comment_status":"","ping_status":"","sticky":false,"template":"","format":"standard","meta":{"footnotes":""},"categories":[1358],"tags":[1348,1384,1385,1386,58,59,1011,27],"class_list":{"0":"post-361781","1":"post","2":"type-post","3":"status-publish","4":"format-standard","5":"has-post-thumbnail","7":"category-arts-et-design","8":"tag-arts","9":"tag-arts-and-design","10":"tag-arts-et-design","11":"tag-design","12":"tag-divertissement","13":"tag-entertainment","14":"tag-fr","15":"tag-france"},"share_on_mastodon":{"url":"https:\/\/pubeurope.com\/@fr\/115136999173398389","error":""},"_links":{"self":[{"href":"https:\/\/www.europesays.com\/fr\/wp-json\/wp\/v2\/posts\/361781","targetHints":{"allow":["GET"]}}],"collection":[{"href":"https:\/\/www.europesays.com\/fr\/wp-json\/wp\/v2\/posts"}],"about":[{"href":"https:\/\/www.europesays.com\/fr\/wp-json\/wp\/v2\/types\/post"}],"author":[{"embeddable":true,"href":"https:\/\/www.europesays.com\/fr\/wp-json\/wp\/v2\/users\/2"}],"replies":[{"embeddable":true,"href":"https:\/\/www.europesays.com\/fr\/wp-json\/wp\/v2\/comments?post=361781"}],"version-history":[{"count":0,"href":"https:\/\/www.europesays.com\/fr\/wp-json\/wp\/v2\/posts\/361781\/revisions"}],"wp:featuredmedia":[{"embeddable":true,"href":"https:\/\/www.europesays.com\/fr\/wp-json\/wp\/v2\/media\/361782"}],"wp:attachment":[{"href":"https:\/\/www.europesays.com\/fr\/wp-json\/wp\/v2\/media?parent=361781"}],"wp:term":[{"taxonomy":"category","embeddable":true,"href":"https:\/\/www.europesays.com\/fr\/wp-json\/wp\/v2\/categories?post=361781"},{"taxonomy":"post_tag","embeddable":true,"href":"https:\/\/www.europesays.com\/fr\/wp-json\/wp\/v2\/tags?post=361781"}],"curies":[{"name":"wp","href":"https:\/\/api.w.org\/{rel}","templated":true}]}}