{"id":361783,"date":"2025-09-02T22:12:28","date_gmt":"2025-09-02T22:12:28","guid":{"rendered":"https:\/\/www.europesays.com\/fr\/361783\/"},"modified":"2025-09-02T22:12:28","modified_gmt":"2025-09-02T22:12:28","slug":"trieux-deux-rendez-vous-autour-des-livres-et-de-la-brocante","status":"publish","type":"post","link":"https:\/\/www.europesays.com\/fr\/361783\/","title":{"rendered":"Trieux. Deux rendez-vous autour des livres et de la brocante"},"content":{"rendered":"<p>La Trioth\u00e8que propose deux rendez-vous aux amateurs de lecture et de chine. Le vendredi 12\u00a0septembre, une s\u00e9ance de d\u00e9dicaces sera organis\u00e9e de 19\u00a0h \u00e0 20\u00a0h, salle Georges-Brassens \u00e0 la Maison pour tous. L\u2019\u00e9v\u00e8nement mettra \u00e9galement en valeur des cr\u00e9ations artisanales. Dimanche 14\u00a0septembre, une bourse aux livres se tiendra de 9\u00a0h \u00e0 17\u00a0h. Pour la premi\u00e8re fois, une mini-brocante sera int\u00e9gr\u00e9e \u00e0 l\u2019\u00e9v\u00e9nement.<\/p>\n<p class=\"note\">Entr\u00e9es gratuites. Tarifs exposants\u00a0: 5\u00a0\u20ac la table, 10\u00a0\u20ac de caution restitu\u00e9s en fin de journ\u00e9e. R\u00e9servations au 07\u00a089\u00a095\u00a020\u00a020.<\/p>\n","protected":false},"excerpt":{"rendered":"La Trioth\u00e8que propose deux rendez-vous aux amateurs de lecture et de chine. Le vendredi 12\u00a0septembre, une s\u00e9ance de&hellip;\n","protected":false},"author":2,"featured_media":361784,"comment_status":"","ping_status":"","sticky":false,"template":"","format":"standard","meta":{"footnotes":""},"categories":[1357],"tags":[1379,49713,58,15834,59,1011,27,1380,104,49712,1631],"class_list":{"0":"post-361783","1":"post","2":"type-post","3":"status-publish","4":"format-standard","5":"has-post-thumbnail","7":"category-livres","8":"tag-books","9":"tag-cc-coeur-du-pays-haut-54e","10":"tag-divertissement","11":"tag-edition-briey","12":"tag-entertainment","13":"tag-fr","14":"tag-france","15":"tag-livres","16":"tag-societe","17":"tag-trieux","18":"tag-vie-associative"},"share_on_mastodon":{"url":"https:\/\/pubeurope.com\/@fr\/115137003185205811","error":""},"_links":{"self":[{"href":"https:\/\/www.europesays.com\/fr\/wp-json\/wp\/v2\/posts\/361783","targetHints":{"allow":["GET"]}}],"collection":[{"href":"https:\/\/www.europesays.com\/fr\/wp-json\/wp\/v2\/posts"}],"about":[{"href":"https:\/\/www.europesays.com\/fr\/wp-json\/wp\/v2\/types\/post"}],"author":[{"embeddable":true,"href":"https:\/\/www.europesays.com\/fr\/wp-json\/wp\/v2\/users\/2"}],"replies":[{"embeddable":true,"href":"https:\/\/www.europesays.com\/fr\/wp-json\/wp\/v2\/comments?post=361783"}],"version-history":[{"count":0,"href":"https:\/\/www.europesays.com\/fr\/wp-json\/wp\/v2\/posts\/361783\/revisions"}],"wp:featuredmedia":[{"embeddable":true,"href":"https:\/\/www.europesays.com\/fr\/wp-json\/wp\/v2\/media\/361784"}],"wp:attachment":[{"href":"https:\/\/www.europesays.com\/fr\/wp-json\/wp\/v2\/media?parent=361783"}],"wp:term":[{"taxonomy":"category","embeddable":true,"href":"https:\/\/www.europesays.com\/fr\/wp-json\/wp\/v2\/categories?post=361783"},{"taxonomy":"post_tag","embeddable":true,"href":"https:\/\/www.europesays.com\/fr\/wp-json\/wp\/v2\/tags?post=361783"}],"curies":[{"name":"wp","href":"https:\/\/api.w.org\/{rel}","templated":true}]}}