{"id":361785,"date":"2025-09-02T22:13:11","date_gmt":"2025-09-02T22:13:11","guid":{"rendered":"https:\/\/www.europesays.com\/fr\/361785\/"},"modified":"2025-09-02T22:13:11","modified_gmt":"2025-09-02T22:13:11","slug":"matthieu-delormeau-annonce-pendant-toute-lemission-finalement-absent","status":"publish","type":"post","link":"https:\/\/www.europesays.com\/fr\/361785\/","title":{"rendered":"Matthieu Delormeau, annonc\u00e9 pendant toute l\u2019\u00e9mission, finalement absent"},"content":{"rendered":"<p>        <img decoding=\"async\" loading=\"lazy\" src=\"https:\/\/www.europesays.com\/fr\/wp-content\/uploads\/2025\/09\/b2d1b19_upload-1-gli0rftk4ysl-gzyk6oyw8aaqb5t.jfif.jpeg\"  width=\"728\" height=\"409\" alt=\"Matthieu Delormeau n\u2019est pas venu sur le plateau de \u00ab\u00a0Tout beau tout n9uf\u00a0\u00bb\u00a0ce mardi 2\u00a0septembre. (Photo d\u2019illustration de W9\u00a0le 1er septembre)\"\/>  <\/p>\n<p>W9\u00a0capture d\u2019\u00e9cran<\/p>\n<p>Matthieu Delormeau n\u2019est pas venu sur le plateau de \u00ab\u00a0Tout beau tout n9uf\u00a0\u00bb\u00a0ce mardi 2\u00a0septembre. (Photo d\u2019illustration de W9\u00a0le 1er septembre)<\/p>\n<p class=\"asset asset-text\">DIVERTISSEMENT &#8211; \u00ab\u00a0Demain, tu seras avec nous\u00a0\u00bb, avait promis lundi Cyril Hanouna \u00e0 l\u2019adresse de Matthieu Delormeau, et surtout des t\u00e9l\u00e9spectateurs. Lors de l\u2019\u00e9mission de rentr\u00e9e de\u00a0Tout beau tout n9uf, le\u00a0<a href=\"https:\/\/www.huffingtonpost.fr\/divertissement\/article\/cyril-hanouna-commence-tout-beau-tout-neuf-sur-w9-et-recoit-les-encouragements-de-son-ancien-patron_254266.html\" target=\"_blank\" rel=\"noopener\">nouveau programme<\/a>\u00a0de\u00a0<a href=\"https:\/\/www.huffingtonpost.fr\/divertissement\/article\/dans-tout-beau-tout-neuf-cyril-hanouna-fera-t-il-autre-chose-qu-un-touche-pas-a-mon-poste-bis_254072.html\" target=\"_blank\" rel=\"noopener\">Cyril Hanouna<\/a>\u00a0sur W9, l\u2019ex-pilier de la bande de\u00a0Touche pas \u00e0 mon poste, rattrap\u00e9 par des d\u00e9boires judiciaires, avait affirm\u00e9 qu\u2019il allait\u00a0raconter \u00ab\u00a0tout en d\u00e9tail\u00a0\u00bb ses probl\u00e8mes de drogue et tout sur ce qu\u2019il a \u00ab\u00a0v\u00e9cu pendant deux ans\u00a0\u00bb.<\/p>\n<p class=\"asset asset-text\">Forc\u00e9ment, apr\u00e8s un tel teasing, les t\u00e9l\u00e9spectateurs n\u2019attendaient que la venue et les confidences de Matthieu Delormeau ce mardi 2\u00a0septembre au soir. D\u2019autant que Cyril Hanouna n\u2019a fait que r\u00e9p\u00e9ter qu\u2019il allait arriver avant chaque coupure pub. Mais l\u2019ex-chroniqueur vedette de TPMP n\u2019est jamais entr\u00e9 sur le plateau de TBT9.<\/p>\n<p class=\"asset asset-text\">Celui qui a \u00e9t\u00e9 plac\u00e9 en garde \u00e0 vue \u00e0 deux reprises apr\u00e8s avoir \u00e9t\u00e9 arr\u00eat\u00e9 durant une transaction de coca\u00efne s\u2019est exprim\u00e9 apr\u00e8s la fin de l\u2019\u00e9mission sur le r\u00e9seau social X (ex-Twitter). \u00ab\u00a0Je r\u00e9pondrai \u00e0 toutes les questions demain\u00a0\u00bb, a \u00e9crit Matthieu Delormeau, avant de poursuivre\u00a0: \u00ab\u00a0Si je peux convaincre, UN adolescent de ne jamais toucher \u00e0 la drogue. Ce sera d\u00e9j\u00e0 une victoire. C\u2019est surtout \u00e0 leur m\u00e8re que j\u2019aimerais m\u2019adresser.\u00a0\u00bb<\/p>\n<p>    Un \u00ab\u00a0t\u00eate-\u00e0-t\u00eate\u00a0\u00bb mercredi\u00a0?    <\/p>\n<p class=\"asset asset-text\">Visiblement pas froiss\u00e9 de ne pas avoir pu s\u2019exprimer ce mardi soir, Matthieu Delormeau s\u2019adresse ensuite \u00e0 Cyril Hanouna dans sa publication\u00a0: \u00ab\u00a0on se retrouve en t\u00eate-\u00e0-t\u00eate demain sur TBT9\u00a0\u00bb.<\/p>\n<p> La lecture de ce contenu est susceptible d\u2019entra\u00eener un d\u00e9p\u00f4t de cookies de la part de l\u2019op\u00e9rateur tiers qui l\u2019h\u00e9berge. Compte-tenu des choix que vous avez exprim\u00e9s en mati\u00e8re de d\u00e9p\u00f4t de cookies, nous avons bloqu\u00e9 l\u2019affichage de ce contenu. Si vous souhaitez y acc\u00e9der, vous devez accepter la cat\u00e9gorie de cookies \u201cContenus tiers\u201d en cliquant sur le bouton ci-dessous. <\/p>\n<p> Lire la Vid\u00e9o        <\/p>\n<p class=\"asset asset-text\">Matthieu Delormeau ne s\u2019est en effet jamais exprim\u00e9 sur ses d\u00e9boires judiciaires ou son addiction \u00e0 la drogue depuis son d\u00e9part de C8\u00a0en 2023, mais il compte bien le faire chez Cyril Hanouna.<\/p>\n<p class=\"asset asset-text\">Lundi, en toute fin d\u2019\u00e9mission, il avait d\u00e9j\u00e0 commenc\u00e9 \u00e0 se confier\u00a0: \u00ab\u00a0Quand j\u2019entends aujourd\u2019hui qu\u2019on peut \u00e9ventuellement l\u00e9galiser le cannabis, j\u2019aimerais juste vous dire que dans les cures de drogue, en premi\u00e8re place c\u2019est l\u2019alcool, en second ce n\u2019est pas la coca\u00efne, mais c\u2019est le cannabis. \u00c7a fait des ravages. Entre 10\u00a0et 16\u00a0ans, \u00e7a te br\u00fble les neurones.\u00a0\u00bb<\/p>\n<p class=\"asset asset-text\">Mais Cyril Hanouna l\u2019avait coup\u00e9 dans sa lanc\u00e9e, avant de l\u2019embaucher en direct comme chroniqueur de l\u2019\u00e9mission\u00a0: \u00ab\u00a0Matthieu, (&#8230;)Tu nous raconteras tout. La seule info qu\u2019on va donner ce soir, c\u2019est que tu vas nous rejoindre dans cette nouvelle aventure.\u00a0\u00bb Le roi du teasing n\u2019a donc pas tenu promesse.<\/p>\n","protected":false},"excerpt":{"rendered":"W9\u00a0capture d\u2019\u00e9cran Matthieu Delormeau n\u2019est pas venu sur le plateau de \u00ab\u00a0Tout beau tout n9uf\u00a0\u00bb\u00a0ce mardi 2\u00a0septembre. (Photo&hellip;\n","protected":false},"author":2,"featured_media":361786,"comment_status":"","ping_status":"","sticky":false,"template":"","format":"standard","meta":{"footnotes":""},"categories":[1356],"tags":[1083,58,59,1011,27,7830,252,1364,2395],"class_list":{"0":"post-361785","1":"post","2":"type-post","3":"status-publish","4":"format-standard","5":"has-post-thumbnail","7":"category-television","8":"tag-cyril-hanouna","9":"tag-divertissement","10":"tag-entertainment","11":"tag-fr","12":"tag-france","13":"tag-matthieu-delormeau","14":"tag-television","15":"tag-tv","16":"tag-w9"},"share_on_mastodon":{"url":"https:\/\/pubeurope.com\/@fr\/115137007866569876","error":""},"_links":{"self":[{"href":"https:\/\/www.europesays.com\/fr\/wp-json\/wp\/v2\/posts\/361785","targetHints":{"allow":["GET"]}}],"collection":[{"href":"https:\/\/www.europesays.com\/fr\/wp-json\/wp\/v2\/posts"}],"about":[{"href":"https:\/\/www.europesays.com\/fr\/wp-json\/wp\/v2\/types\/post"}],"author":[{"embeddable":true,"href":"https:\/\/www.europesays.com\/fr\/wp-json\/wp\/v2\/users\/2"}],"replies":[{"embeddable":true,"href":"https:\/\/www.europesays.com\/fr\/wp-json\/wp\/v2\/comments?post=361785"}],"version-history":[{"count":0,"href":"https:\/\/www.europesays.com\/fr\/wp-json\/wp\/v2\/posts\/361785\/revisions"}],"wp:featuredmedia":[{"embeddable":true,"href":"https:\/\/www.europesays.com\/fr\/wp-json\/wp\/v2\/media\/361786"}],"wp:attachment":[{"href":"https:\/\/www.europesays.com\/fr\/wp-json\/wp\/v2\/media?parent=361785"}],"wp:term":[{"taxonomy":"category","embeddable":true,"href":"https:\/\/www.europesays.com\/fr\/wp-json\/wp\/v2\/categories?post=361785"},{"taxonomy":"post_tag","embeddable":true,"href":"https:\/\/www.europesays.com\/fr\/wp-json\/wp\/v2\/tags?post=361785"}],"curies":[{"name":"wp","href":"https:\/\/api.w.org\/{rel}","templated":true}]}}