{"id":361787,"date":"2025-09-02T22:14:14","date_gmt":"2025-09-02T22:14:14","guid":{"rendered":"https:\/\/www.europesays.com\/fr\/361787\/"},"modified":"2025-09-02T22:14:14","modified_gmt":"2025-09-02T22:14:14","slug":"par-sundstrom-sabaton-promet-une-tournee-gigantesque-avec-deux-scenes-et-un-orchestre","status":"publish","type":"post","link":"https:\/\/www.europesays.com\/fr\/361787\/","title":{"rendered":"P\u00e4r Sundstr\u00f6m (Sabaton) promet une tourn\u00e9e gigantesque avec deux sc\u00e8nes et un orchestre"},"content":{"rendered":"<p><strong>P\u00e4r Sundstr\u00f6m promet une tourn\u00e9e colossale pour <a href=\"https:\/\/www.metalzone.fr\/sabaton\/\" rel=\"nofollow noopener\" target=\"_blank\">Sabaton<\/a>, avec deux sc\u00e8nes, un orchestre in\u00e9dit et un concept sc\u00e9nique encore jamais vu dans l\u2019histoire du groupe.<\/strong><\/p>\n<p>Deux sc\u00e8nes, un orchestre et un spectacle th\u00e9\u00e2tral<\/p>\n<p>\u00c0 l\u2019approche de la sortie de son onzi\u00e8me album Legends, Sabaton pr\u00e9pare une tourn\u00e9e europ\u00e9enne hors normes. Intitul\u00e9e The Legendary Tour, elle d\u00e9butera en novembre 2025 et passera par la France, la Suisse, la Belgique et le Luxembourg. Le groupe annonce une exp\u00e9rience immersive in\u00e9dite, m\u00ealant <a href=\"https:\/\/www.metalzone.fr\/heavy-metal\/\" rel=\"nofollow noopener\" target=\"_blank\">heavy metal<\/a>, mise en sc\u00e8ne th\u00e9\u00e2trale et performances orchestrales.<\/p>\n<p>Dans une interview accord\u00e9e \u00e0 Coffee With Ola, P\u00e4r Sundstr\u00f6m, bassiste et manager du groupe, a d\u00e9clar\u00e9 : \u201cNous avons pr\u00e9vu quelque chose de plus ambitieux que tout ce que nous avons fait jusqu\u2019\u00e0 pr\u00e9sent. Il y aura deux sc\u00e8nes et quelque chose qui les relie. Ce sera bien plus qu\u2019un simple concert de <a href=\"https:\/\/www.metalzone.fr\/rock\/\" rel=\"nofollow noopener\" target=\"_blank\">rock<\/a>.\u201d<\/p>\n<p>Sabaton a imagin\u00e9 un spectacle en deux temps : un premier set assur\u00e9 par The Legendary Orchestra, une formation cr\u00e9\u00e9e pour l\u2019occasion, qui r\u00e9interpr\u00e9tera certains morceaux du groupe dans des versions orchestrales, sans guitares \u00e9lectriques ni batterie. Le concert principal suivra, avec un show classique de Sabaton, enrichi de nouveaux \u00e9l\u00e9ments sc\u00e9niques et visuels. \u201cCe sera tr\u00e8s puissant, tr\u00e8s \u00e9mouvant, et totalement diff\u00e9rent. Les fans vont entendre beaucoup de morceaux de Sabaton\u2026\u201d<\/p>\n<p>Un nouveau label et une ambition renouvel\u00e9e<\/p>\n<p>Cette tourn\u00e9e accompagnera la sortie de Legends, pr\u00e9vu pour le 17 octobre via Better Noise Music. Ce changement de maison de disques marque une nouvelle \u00e9tape pour le groupe, apr\u00e8s quinze ans pass\u00e9s chez Nuclear Blast. Sundstr\u00f6m explique : \u201cNous voulions explorer d\u2019autres r\u00e9seaux, d\u2019autres id\u00e9es. Better Noise n\u2019a jamais travaill\u00e9 avec un groupe de <a href=\"https:\/\/www.metalzone.fr\/power-metal\/\" rel=\"nofollow noopener\" target=\"_blank\">power metal<\/a>, mais ils ont accept\u00e9 le d\u00e9fi.\u201d<\/p>\n<p>Le nouvel album rend hommage \u00e0 des figures historiques comme Jeanne d\u2019Arc, Napol\u00e9on ou Miyamoto Musashi. Plusieurs formats physiques seront disponibles, dont des vinyles \u00e0 tirage limit\u00e9 associ\u00e9s \u00e0 chacun de ces personnages. Deux morceaux sont d\u00e9j\u00e0 disponibles : The Duelist et Lightning At The Gates.<\/p>\n<p>La tourn\u00e9e The Legendary Tour passera notamment par Zurich (18\/11), Esch-sur-Alzette (26\/11), Paris (28\/11), Lyon (29\/11) et Anvers (02\/12).<\/p><\/p>\n","protected":false},"excerpt":{"rendered":"P\u00e4r Sundstr\u00f6m promet une tourn\u00e9e colossale pour Sabaton, avec deux sc\u00e8nes, un orchestre in\u00e9dit et un concept sc\u00e9nique&hellip;\n","protected":false},"author":2,"featured_media":361788,"comment_status":"","ping_status":"","sticky":false,"template":"","format":"standard","meta":{"footnotes":""},"categories":[1355],"tags":[58,59,1011,27,1361,873],"class_list":{"0":"post-361787","1":"post","2":"type-post","3":"status-publish","4":"format-standard","5":"has-post-thumbnail","7":"category-musique","8":"tag-divertissement","9":"tag-entertainment","10":"tag-fr","11":"tag-france","12":"tag-music","13":"tag-musique"},"share_on_mastodon":{"url":"https:\/\/pubeurope.com\/@fr\/115137010981894642","error":""},"_links":{"self":[{"href":"https:\/\/www.europesays.com\/fr\/wp-json\/wp\/v2\/posts\/361787","targetHints":{"allow":["GET"]}}],"collection":[{"href":"https:\/\/www.europesays.com\/fr\/wp-json\/wp\/v2\/posts"}],"about":[{"href":"https:\/\/www.europesays.com\/fr\/wp-json\/wp\/v2\/types\/post"}],"author":[{"embeddable":true,"href":"https:\/\/www.europesays.com\/fr\/wp-json\/wp\/v2\/users\/2"}],"replies":[{"embeddable":true,"href":"https:\/\/www.europesays.com\/fr\/wp-json\/wp\/v2\/comments?post=361787"}],"version-history":[{"count":0,"href":"https:\/\/www.europesays.com\/fr\/wp-json\/wp\/v2\/posts\/361787\/revisions"}],"wp:featuredmedia":[{"embeddable":true,"href":"https:\/\/www.europesays.com\/fr\/wp-json\/wp\/v2\/media\/361788"}],"wp:attachment":[{"href":"https:\/\/www.europesays.com\/fr\/wp-json\/wp\/v2\/media?parent=361787"}],"wp:term":[{"taxonomy":"category","embeddable":true,"href":"https:\/\/www.europesays.com\/fr\/wp-json\/wp\/v2\/categories?post=361787"},{"taxonomy":"post_tag","embeddable":true,"href":"https:\/\/www.europesays.com\/fr\/wp-json\/wp\/v2\/tags?post=361787"}],"curies":[{"name":"wp","href":"https:\/\/api.w.org\/{rel}","templated":true}]}}