{"id":361789,"date":"2025-09-02T22:15:15","date_gmt":"2025-09-02T22:15:15","guid":{"rendered":"https:\/\/www.europesays.com\/fr\/361789\/"},"modified":"2025-09-02T22:15:15","modified_gmt":"2025-09-02T22:15:15","slug":"50-ans-apres-ce-film-de-steven-spielberg-qui-a-change-la-face-du-cinema-revient-en-salle-et-seduit-a-nouveau-tout-le-monde-jeuxvideo-com","status":"publish","type":"post","link":"https:\/\/www.europesays.com\/fr\/361789\/","title":{"rendered":"50 ans apr\u00e8s, ce film de Steven Spielberg qui a chang\u00e9 la face du cin\u00e9ma revient en salle et s\u00e9duit \u00e0 nouveau tout le monde &#8211; JeuxVideo.com"},"content":{"rendered":"<ol>\n<li><a href=\"https:\/\/news.google.com\/rss\/articles\/CBMi-AFBVV95cUxPak9UQ3o4R21tRjIzWUlfSEdSMUJZdGJadlpzRUdHNlFZVEIzTHp4c1MzamNnNnY1VmQzSVkxQTJ3clJpNGNtMHhLM0ZibkJpb21yUWNYMTB5YlNIaS14czZzUk5MWkM4R28tQllaaFpENTFrSGg3cjBoZ01LMHU5TmhhTUMzUzlucHhzMjA1MWdtQXVRUDJpUnBSS1hYcG1mOGJEMDF1SUlkWnJaVVZDZTF5UHNnMHFkOHRIR3NzM2xCVEpZWGlxeHotQ2RILUZQT3FuSHYxSGNubm5Sb3NpUEdHQlQyYTk4bzFSTWtEcEt4WVNTQTR1Rg?oc=5\" target=\"_blank\" rel=\"nofollow noopener\">50 ans apr\u00e8s, ce film de Steven Spielberg qui a chang\u00e9 la face du cin\u00e9ma revient en salle et s\u00e9duit \u00e0 nouveau tout le monde<\/a>&nbsp;&nbsp;JeuxVideo.com<\/li>\n<li><a href=\"https:\/\/news.google.com\/rss\/articles\/CBMi1AFBVV95cUxQby1tbzhVTi1hU25EMjdWbnFaeDl2UHpaY01HSjAxYktpN3F0NC1YcVpNX3I5VFE3QnltZ0RKWF9FSmNJUXJwVkpGa05ldFRFWnlRSlh4SHgyTm9BUFFmVFRhZWR4NXFkNmxHOWkxelFxSGQ3RlN3UU5rcHpYTmhVNTZoRURtYkRUMEtQQzYtUnB5S3ZNT2pPb2NveTMtZ3ZVOVQxVFdoZUhZWTRvWV92cXJKa0V2SDhzRXUzR0tpSlpXcHJVZW1pRTRfa1hrTWwweWN4Yw?oc=5\" target=\"_blank\" rel=\"nofollow noopener\">\u00c9vanouis insubmersible, Les Dents de la Mer \u00e9merge \u00e0 la deuxi\u00e8me place au box-office nord-am\u00e9ricain<\/a>&nbsp;&nbsp;Le Figaro<\/li>\n<li><a href=\"https:\/\/news.google.com\/rss\/articles\/CBMifkFVX3lxTE1BNHF6ckJZTDI1QU0tRFg3Znlkc2pTNTNwUVVCaW42R2FEb1AzSlRUYnNFOERSTGU3b2tLbU9SZU54Ql9KUTdETS1vRkItWm80Z2lVN284NVA0MzhfZEJub3F1NnVjeVJlMERLY2NDQXJXa2V0Y3FCRXZmbldDUQ?oc=5\" target=\"_blank\" rel=\"nofollow noopener\">Ni une suite, ni un remake : ce film est le succ\u00e8s surprise de l&rsquo;\u00e9t\u00e9 et il rend optimiste pour l&rsquo;avenir du cin\u00e9ma<\/a>&nbsp;&nbsp;AlloCin\u00e9<\/li>\n<li><a href=\"https:\/\/news.google.com\/rss\/articles\/CBMi1wFBVV95cUxObVcybFJic3k2UFZIMWpZb0lZSmxNdllDY1R0eGY2LWozWHg3UkJwTEJpam9yVmZJajBrbnE2MnYyZ01LOTMtUndIOGRtMmhfZW52THRLSWVLMXFKZi1BX3VoWmQzYjZkeUNWNmdFUGRhdVJRZFZVaVB2Zm9GNjd0anZiMEZEd1d4UUNfTW1LUTVLUExoTWwtUWI4b1VPZ1NLRVg2ZHJvSkxIdFZuSGRMSHFpRjl5Z2k4aUZtN3I4MkVXWTg0MmNrR3ZvVVhMQ0tfbzFsRFRHMA?oc=5\" target=\"_blank\" rel=\"nofollow noopener\">La critique de Fabrice Andrivon : \u00ab\u00a0Evanouis\u00a0\u00bb, un film d\u2019horreur intelligent, efficace, fun et dr\u00f4le<\/a>&nbsp;&nbsp;Midi Libre<\/li>\n<li><a href=\"https:\/\/news.google.com\/rss\/articles\/CBMingFBVV95cUxNLTdfemJCbEFWNDJZYVVMXzMxaFIwQXl5MmNqYnU4aDVYa3YxMVZDcnJoaExfaDJRZnNJVDBvTUN2SVZlelBXNUM3M1NrV0pnamZkOFRaeFFIMHFHVUFDTU91MDM4Z2JjUU1LbmUxcDVOcWRKX08xb0o5c045TG1xOGJpa3FNcVJ0VUVZdVUwUV80WVJJa0FXOFNmR2dQUQ?oc=5\" target=\"_blank\" rel=\"nofollow noopener\">Les Dents de la Mer<\/a>&nbsp;&nbsp;Le T\u00e9l\u00e9gramme<\/li>\n<\/ol>\n","protected":false},"excerpt":{"rendered":"50 ans apr\u00e8s, ce film de Steven Spielberg qui a chang\u00e9 la face du cin\u00e9ma revient en salle&hellip;\n","protected":false},"author":2,"featured_media":1445,"comment_status":"","ping_status":"","sticky":false,"template":"","format":"standard","meta":{"footnotes":""},"categories":[1354],"tags":[58,59,1346,1011,27,1360],"class_list":{"0":"post-361789","1":"post","2":"type-post","3":"status-publish","4":"format-standard","5":"has-post-thumbnail","7":"category-films","8":"tag-divertissement","9":"tag-entertainment","10":"tag-films","11":"tag-fr","12":"tag-france","13":"tag-movies"},"share_on_mastodon":{"url":"https:\/\/pubeurope.com\/@fr\/115137015014486051","error":""},"_links":{"self":[{"href":"https:\/\/www.europesays.com\/fr\/wp-json\/wp\/v2\/posts\/361789","targetHints":{"allow":["GET"]}}],"collection":[{"href":"https:\/\/www.europesays.com\/fr\/wp-json\/wp\/v2\/posts"}],"about":[{"href":"https:\/\/www.europesays.com\/fr\/wp-json\/wp\/v2\/types\/post"}],"author":[{"embeddable":true,"href":"https:\/\/www.europesays.com\/fr\/wp-json\/wp\/v2\/users\/2"}],"replies":[{"embeddable":true,"href":"https:\/\/www.europesays.com\/fr\/wp-json\/wp\/v2\/comments?post=361789"}],"version-history":[{"count":0,"href":"https:\/\/www.europesays.com\/fr\/wp-json\/wp\/v2\/posts\/361789\/revisions"}],"wp:featuredmedia":[{"embeddable":true,"href":"https:\/\/www.europesays.com\/fr\/wp-json\/wp\/v2\/media\/1445"}],"wp:attachment":[{"href":"https:\/\/www.europesays.com\/fr\/wp-json\/wp\/v2\/media?parent=361789"}],"wp:term":[{"taxonomy":"category","embeddable":true,"href":"https:\/\/www.europesays.com\/fr\/wp-json\/wp\/v2\/categories?post=361789"},{"taxonomy":"post_tag","embeddable":true,"href":"https:\/\/www.europesays.com\/fr\/wp-json\/wp\/v2\/tags?post=361789"}],"curies":[{"name":"wp","href":"https:\/\/api.w.org\/{rel}","templated":true}]}}