{"id":361790,"date":"2025-09-02T22:16:11","date_gmt":"2025-09-02T22:16:11","guid":{"rendered":"https:\/\/www.europesays.com\/fr\/361790\/"},"modified":"2025-09-02T22:16:11","modified_gmt":"2025-09-02T22:16:11","slug":"quelle-est-la-mort-ideale-les-medecins-nen-ont-pas-la-meme-vision-que-les-autres","status":"publish","type":"post","link":"https:\/\/www.europesays.com\/fr\/361790\/","title":{"rendered":"Quelle est la mort id\u00e9ale? Les m\u00e9decins n&rsquo;en ont pas la m\u00eame vision que les autres"},"content":{"rendered":"<p>Quelle serait la mort id\u00e9ale? C&rsquo;est la question qui a \u00e9t\u00e9 pos\u00e9e \u00e0 un panel de m\u00e9decins dans le cadre d&rsquo;une \u00e9tude publi\u00e9e <a href=\"https:\/\/journals.sagepub.com\/doi\/10.1177\/26323524251351349?url_ver=Z39.88-2003&amp;rfr_id=ori:rid:crossref.org&amp;rfr_dat=cr_pub%20%200pubmed\" target=\"_blank\" rel=\"nofollow noopener\">dans la revue Palliative Care and Social Practice<\/a> et relay\u00e9e <a href=\"https:\/\/www.iflscience.com\/a-good-death-how-do-doctors-want-to-die-80602\" target=\"_blank\" rel=\"nofollow noopener\">par le m\u00e9dia scientifique IFLScience<\/a>. L&rsquo;initiative est due \u00e0 une \u00e9quipe de recherche du End-of-Life Care Research Group, de l&rsquo;Universit\u00e9 belge de Gand. Quarante-cinq professionnels ont \u00e9t\u00e9 interrog\u00e9s: quinze en Italie, quinze en Belgique et quinze aux \u00c9tats-Unis.<\/p>\n<p>Les r\u00e9sultats de l&rsquo;enqu\u00eate sont passionnants: ils montrent que la d\u00e9finition d&rsquo;une \u00abbonne mort\u00bb par ces m\u00e9decins est tr\u00e8s diff\u00e9rente de celle souvent apport\u00e9e par les autres individus. <a href=\"https:\/\/journals.plos.org\/plosone\/article?id%3D10.1371\/journal.pone.0098246\" target=\"_blank\" rel=\"nofollow noopener\">Des recherches ant\u00e9rieures<\/a> avaient d\u00e9j\u00e0 permis de montrer que les membres du corps m\u00e9dical \u00e9taient loin de toujours choisir les m\u00eames soins pour leurs patients et pour eux-m\u00eames; mais les travaux r\u00e9alis\u00e9s par l&rsquo;\u00e9quipe belge viennent enfoncer le clou, d&rsquo;autant que les recherches pr\u00e9c\u00e9dentes se concentraient sur un \u00e9ventail restreint de d\u00e9cisions de fin de vie.<\/p>\n<p>        <img decoding=\"async\" alt=\"Abonnez-vous gratuitement \u00e0 la newsletter de Slate !\" loading=\"lazy\" class=\"ms-4 ms-md-0\" width=\"82\" height=\"82\" src=\"https:\/\/www.slate.fr\/assets\/newsletter-dd7c4ea7fb4ce45aacc56875521d4bde7ec4ba23f0a0ae088566df808b3a80c3.svg\"\/><br \/>\n        Abonnez-vous gratuitement \u00e0 la newsletter de Slate !Les articles sont s\u00e9lectionn\u00e9s pour vous, en fonction de vos centres d\u2019int\u00e9r\u00eat, tous les jours dans votre bo\u00eete mail.<\/p>\n<p>Une vision diff\u00e9rente de la fin de vie<\/p>\n<p>Trois types de <a href=\"https:\/\/www.slate.fr\/dossier\/6995\/medecins\" class=\"tag-link\" rel=\"nofollow noopener\" target=\"_blank\">m\u00e9decins <\/a>ont \u00e9t\u00e9 consult\u00e9s: des g\u00e9n\u00e9ralistes, des sp\u00e9cialistes des soins palliatifs et des professionnels susceptibles de rencontrer des patients en fin de vie. Des entretiens approfondis ont ensuite \u00e9t\u00e9 men\u00e9s avec chacun d&rsquo;entre eux. Premi\u00e8re constatation: \u00abLes m\u00e9decins en soins palliatifs ont d\u00e9clar\u00e9 avoir beaucoup r\u00e9fl\u00e9chi \u00e0 leurs propres pr\u00e9f\u00e9rences en mati\u00e8re de fin de vie, ce qui n&rsquo;\u00e9tait pas toujours le cas des m\u00e9decins g\u00e9n\u00e9ralistes ou d&rsquo;autres sp\u00e9cialistes m\u00e9dicaux.\u00bb<\/p>\n<p>\u00abNous avons constat\u00e9 que la plupart des m\u00e9decins ont pris en compte leurs pr\u00e9f\u00e9rences personnelles en mati\u00e8re de fin de vie et que, pour beaucoup, leurs id\u00e9es se sont pr\u00e9cis\u00e9es avec le temps, peut-on \u00e9galement lire dans l&rsquo;article de recherche. Nombre d&rsquo;entre eux ont indiqu\u00e9 qu&rsquo;ils r\u00e9fl\u00e9chissaient r\u00e9guli\u00e8rement ou souvent \u00e0 leur propre mortalit\u00e9 et qu&rsquo;ils avaient r\u00e9fl\u00e9chi aux questions de fin de vie.\u00bb<\/p>\n<p>Pour les m\u00e9decins interrog\u00e9s, une \u00abbonne mort\u00bb inclut bien souvent les \u00e9l\u00e9ments suivants: mourir chez soi ou dans une maison de retraite (et non \u00e0 l&rsquo;h\u00f4pital), pouvoir anticiper la <a href=\"https:\/\/www.slate.fr\/dossier\/397\/mort\" class=\"tag-link\" rel=\"nofollow noopener\" target=\"_blank\">mort<\/a>, avoir des proches \u00e0 proximit\u00e9, disposer de suffisamment de temps pour pouvoir faire ses adieux, ne pas souffrir, ma\u00eetriser la douleur et les sympt\u00f4mes, avoir mis ses affaires en ordre pour que l&rsquo;apr\u00e8s soit facilement g\u00e9rable par les proches, avoir l&rsquo;esprit clair, pr\u00e9server son autonomie et sa dignit\u00e9.<\/p>\n<p>Le principal contraste entre les r\u00e9ponses des m\u00e9decins et celles des non-m\u00e9decins porte sur la prolongation (ou non) de la <a href=\"https:\/\/www.slate.fr\/dossier\/11811\/fin-de-vie\" class=\"tag-link\" rel=\"nofollow noopener\" target=\"_blank\">fin de vie<\/a>. Ce foss\u00e9 est d\u00fb aux exp\u00e9riences qu&rsquo;ils ont pu vivre dans le cadre de leur activit\u00e9 et qui leur ont donn\u00e9 mati\u00e8re \u00e0 r\u00e9flexion. \u00abL&rsquo;influence la plus puissante semble provenir des exp\u00e9riences de fin de vie qu&rsquo;ils ont trouv\u00e9es les plus difficiles et qu&rsquo;ils souhaitent \u00e9viter\u00bb, r\u00e9sument les chercheurs.<\/p>\n<p>Les personnes ne pratiquant pas la m\u00e9decine, elles, sont plus nombreuses \u00e0 souhaiter recevoir des traitements qui prolongeront leur vie, m\u00eame si elles expriment aussi le souhait de soins ax\u00e9s sur le confort. Ce d\u00e9sir ardent de repousser l&rsquo;\u00e9ch\u00e9ance co\u00fbte que co\u00fbte peut s&rsquo;expliquer par la <a href=\"https:\/\/www.slate.fr\/dossier\/9891\/peur\" class=\"tag-link\" rel=\"nofollow noopener\" target=\"_blank\">peur<\/a>, l&rsquo;incertitude ou le manque de connaissances m\u00e9dicales.<\/p>\n<p>Mais les opinions des m\u00e9decins sur certaines pr\u00e9f\u00e9rences en fin de vie sont aussi influenc\u00e9es par des facteurs culturels, le contexte <a href=\"https:\/\/www.slate.fr\/dossier\/9055\/legislation\" class=\"tag-link\" rel=\"nofollow noopener\" target=\"_blank\">l\u00e9gislatif <\/a>ainsi que leur propre sp\u00e9cialit\u00e9. \u00abLes m\u00e9decins des juridictions o\u00f9 l&rsquo;aide m\u00e9dicale \u00e0 mourir est l\u00e9gale ou o\u00f9 des lois ont \u00e9t\u00e9 envisag\u00e9es (Belgique et Wisconsin) la consid\u00e8rent plus souvent comme une option de fin de vie positive et importante, explique l&rsquo;\u00e9quipe de recherche, tandis que d&rsquo;autres expriment un malaise, surtout si leurs croyances culturelles ou religieuses, ou le cadre juridique de leur pays, s&rsquo;y opposent (Italie).\u00bb<\/p>\n","protected":false},"excerpt":{"rendered":"Quelle serait la mort id\u00e9ale? C&rsquo;est la question qui a \u00e9t\u00e9 pos\u00e9e \u00e0 un panel de m\u00e9decins dans&hellip;\n","protected":false},"author":2,"featured_media":361791,"comment_status":"","ping_status":"","sticky":false,"template":"","format":"standard","meta":{"footnotes":""},"categories":[10],"tags":[1011,27,72,71],"class_list":{"0":"post-361790","1":"post","2":"type-post","3":"status-publish","4":"format-standard","5":"has-post-thumbnail","7":"category-sante","8":"tag-fr","9":"tag-france","10":"tag-health","11":"tag-sante"},"share_on_mastodon":{"url":"https:\/\/pubeurope.com\/@fr\/115137018894767844","error":""},"_links":{"self":[{"href":"https:\/\/www.europesays.com\/fr\/wp-json\/wp\/v2\/posts\/361790","targetHints":{"allow":["GET"]}}],"collection":[{"href":"https:\/\/www.europesays.com\/fr\/wp-json\/wp\/v2\/posts"}],"about":[{"href":"https:\/\/www.europesays.com\/fr\/wp-json\/wp\/v2\/types\/post"}],"author":[{"embeddable":true,"href":"https:\/\/www.europesays.com\/fr\/wp-json\/wp\/v2\/users\/2"}],"replies":[{"embeddable":true,"href":"https:\/\/www.europesays.com\/fr\/wp-json\/wp\/v2\/comments?post=361790"}],"version-history":[{"count":0,"href":"https:\/\/www.europesays.com\/fr\/wp-json\/wp\/v2\/posts\/361790\/revisions"}],"wp:featuredmedia":[{"embeddable":true,"href":"https:\/\/www.europesays.com\/fr\/wp-json\/wp\/v2\/media\/361791"}],"wp:attachment":[{"href":"https:\/\/www.europesays.com\/fr\/wp-json\/wp\/v2\/media?parent=361790"}],"wp:term":[{"taxonomy":"category","embeddable":true,"href":"https:\/\/www.europesays.com\/fr\/wp-json\/wp\/v2\/categories?post=361790"},{"taxonomy":"post_tag","embeddable":true,"href":"https:\/\/www.europesays.com\/fr\/wp-json\/wp\/v2\/tags?post=361790"}],"curies":[{"name":"wp","href":"https:\/\/api.w.org\/{rel}","templated":true}]}}