{"id":361798,"date":"2025-09-02T22:20:13","date_gmt":"2025-09-02T22:20:13","guid":{"rendered":"https:\/\/www.europesays.com\/fr\/361798\/"},"modified":"2025-09-02T22:20:13","modified_gmt":"2025-09-02T22:20:13","slug":"la-tt-ferait-elle-son-grand-retour","status":"publish","type":"post","link":"https:\/\/www.europesays.com\/fr\/361798\/","title":{"rendered":"la TT ferait-elle son grand retour ?"},"content":{"rendered":"<p itemprop=\"description\">Audi d\u00e9voile aujourd\u2019hui un nouveau concept-car 100 % \u00e9lectrique aux lignes minimalistes : l\u2019Audi Concept C.<\/p>\n<p>Ce concept semble tr\u00e8s important pour Audi. Selon la marque, il offre un aper\u00e7u du design des futurs mod\u00e8les aux quatre anneaux. Audi annonce que ce concept marque un <strong>nouveau d\u00e9part<\/strong> pour l\u2019entreprise.<\/p>\n<p>    <strong>Audi Concept C : un roadster \u00e9lectrique deux places<\/strong> <\/p>\n<p>La marque souhaite que ses prochains mod\u00e8les se concentrent sur l\u2019essentiel, et cela se v\u00e9rifie bien dans le design et les lignes de ce nouveau concept. Nous sommes en pr\u00e9sence de <strong>lignes tr\u00e8s modernes et pures<\/strong>. Bien que ce concept paraisse futuriste, on y d\u00e9c\u00e8le quelques inspirations et clins d\u2019\u0153il aux mod\u00e8les du pass\u00e9. Comment ne pas penser \u00e0 l\u2019<strong>Audi TT<\/strong> en observant le dessin de ce Concept C ?<\/p>\n<p> <img loading=\"lazy\" decoding=\"async\" aria-describedby=\"caption-attachment-1396120\" itemprop=\"thumbnailUrl\" class=\"size-large wp-image-1396120 img-responsive \" src=\"https:\/\/www.europesays.com\/fr\/wp-content\/uploads\/2025\/09\/a251449_large-768x400.jpg\" alt=\"\" width=\"768\" height=\"400\"\/> \u00a9  Audi <\/p>\n<p id=\"caption-attachment-1396120\" class=\"wp-caption-text\">Audi Concept C<\/p>\n<p>Notons tout de m\u00eame qu\u2019Audi a fait le choix surprenant de prendre comme base un <strong>petit roadster deux places<\/strong> pour pr\u00e9senter sa vision de l\u2019avenir. Un choix \u00e9tonnant, alors que les constructeurs privil\u00e9gient g\u00e9n\u00e9ralement des berlines ou des SUV pour ce type d\u2019exercice, comme l\u2019avait fait BMW avec les <strong>Vision Neue Klasse<\/strong> et <strong>Vision Neue Klasse X<\/strong> il y a quelques temps.<\/p>\n<p>Sans grande surprise, ce concept est <strong>100 % \u00e9lectrique<\/strong>. La version d\u00e9finitive proposera-t-elle \u00e9galement des motorisations thermiques ? Nous n\u2019avons encore <strong>aucune information<\/strong> \u00e0 ce sujet. Car oui, ce <strong>Concept C<\/strong> ne restera pas \u00e0 l\u2019\u00e9tat de concept-car : il pr\u00e9figure un futur mod\u00e8le de s\u00e9rie.<\/p>\n<p>    <strong>Un design minimaliste<\/strong> <\/p>\n<p>Plusieurs d\u00e9tails importants sont \u00e0 relever sur le design de ce Concept C. Pour commencer, l\u2019un des plus gros bouleversements est la <strong>disparition de l\u2019iconique calandre \u00ab Singleframe \u00bb<\/strong>, ch\u00e8re au constructeur d\u2019Ingolstadt depuis son apparition en <strong>2004<\/strong>. Cette calandre octogonale, avec son motif en nid d\u2019abeille, laisse place sur le Concept C \u00e0 une calandre <strong>carr\u00e9e<\/strong>, bien plus classique, inspir\u00e9e de celle de l\u2019<strong>Auto Union Type C (1936)<\/strong> et de l\u2019<strong>A6 de troisi\u00e8me g\u00e9n\u00e9ration (2004)<\/strong>.<\/p>\n<p>Un autre \u00e9l\u00e9ment marquant est l\u2019apparition d\u2019un <strong>hard-top r\u00e9tractable \u00e9lectrique en deux parties<\/strong>, une premi\u00e8re sur un roadster Audi. Autre nouveaut\u00e9 : la signature lumineuse du Concept C, qui int\u00e8gre <strong>quatre \u00e9l\u00e9ments horizontaux<\/strong> dans chaque optique, \u00e0 l\u2019avant comme \u00e0 l\u2019arri\u00e8re. Cette signature deviendra celle de <strong>tous les prochains mod\u00e8les Audi<\/strong>.<\/p>\n<p>    <img loading=\"lazy\" decoding=\"async\" aria-describedby=\"caption-attachment-1396121\" class=\"size-large wp-image-1396121 img-responsive \" src=\"https:\/\/www.europesays.com\/fr\/wp-content\/uploads\/2025\/09\/a251464_large-768x576.jpg\" alt=\"\" width=\"768\" height=\"576\"\/> \u00a9  Audi <\/p>\n<p id=\"caption-attachment-1396121\" class=\"wp-caption-text\">Audi Concept C<\/p>\n<p>\u00c0 l\u2019int\u00e9rieur aussi, de <strong>grands changements<\/strong> apparaissent. On d\u00e9couvre un habitacle bien plus minimaliste, avec le retour d\u2019un <strong>\u00e9cran central sortant de la planche de bord<\/strong>, ainsi que l\u2019apparition de <strong>boutons haptiques sur le volant<\/strong>.<\/p>\n<p>Ce Concept C fera son <strong>premier bain de foule<\/strong> le <strong>8 septembre prochain<\/strong>, lors du Salon de Munich. Auto Plus sera pr\u00e9sent pour vous le faire d\u00e9couvrir en d\u00e9tail.<\/p>\n","protected":false},"excerpt":{"rendered":"Audi d\u00e9voile aujourd\u2019hui un nouveau concept-car 100 % \u00e9lectrique aux lignes minimalistes : l\u2019Audi Concept C. Ce concept&hellip;\n","protected":false},"author":2,"featured_media":361799,"comment_status":"","ping_status":"","sticky":false,"template":"","format":"standard","meta":{"footnotes":""},"categories":[6],"tags":[35,33,34,1011,27,1638],"class_list":{"0":"post-361798","1":"post","2":"type-post","3":"status-publish","4":"format-standard","5":"has-post-thumbnail","7":"category-economie","8":"tag-business","9":"tag-economie","10":"tag-economy","11":"tag-fr","12":"tag-france","13":"tag-has_diapo"},"share_on_mastodon":{"url":"https:\/\/pubeurope.com\/@fr\/115137034626658432","error":""},"_links":{"self":[{"href":"https:\/\/www.europesays.com\/fr\/wp-json\/wp\/v2\/posts\/361798","targetHints":{"allow":["GET"]}}],"collection":[{"href":"https:\/\/www.europesays.com\/fr\/wp-json\/wp\/v2\/posts"}],"about":[{"href":"https:\/\/www.europesays.com\/fr\/wp-json\/wp\/v2\/types\/post"}],"author":[{"embeddable":true,"href":"https:\/\/www.europesays.com\/fr\/wp-json\/wp\/v2\/users\/2"}],"replies":[{"embeddable":true,"href":"https:\/\/www.europesays.com\/fr\/wp-json\/wp\/v2\/comments?post=361798"}],"version-history":[{"count":0,"href":"https:\/\/www.europesays.com\/fr\/wp-json\/wp\/v2\/posts\/361798\/revisions"}],"wp:featuredmedia":[{"embeddable":true,"href":"https:\/\/www.europesays.com\/fr\/wp-json\/wp\/v2\/media\/361799"}],"wp:attachment":[{"href":"https:\/\/www.europesays.com\/fr\/wp-json\/wp\/v2\/media?parent=361798"}],"wp:term":[{"taxonomy":"category","embeddable":true,"href":"https:\/\/www.europesays.com\/fr\/wp-json\/wp\/v2\/categories?post=361798"},{"taxonomy":"post_tag","embeddable":true,"href":"https:\/\/www.europesays.com\/fr\/wp-json\/wp\/v2\/tags?post=361798"}],"curies":[{"name":"wp","href":"https:\/\/api.w.org\/{rel}","templated":true}]}}