{"id":361800,"date":"2025-09-02T22:21:10","date_gmt":"2025-09-02T22:21:10","guid":{"rendered":"https:\/\/www.europesays.com\/fr\/361800\/"},"modified":"2025-09-02T22:21:10","modified_gmt":"2025-09-02T22:21:10","slug":"donald-trump-declare-quil-va-intervenir-a-chicago","status":"publish","type":"post","link":"https:\/\/www.europesays.com\/fr\/361800\/","title":{"rendered":"Donald Trump d\u00e9clare qu\u2019il va \u00abintervenir\u00bb \u00e0 Chicago"},"content":{"rendered":"<p>\u00c0 l\u2019image de Los Angeles et de Washington, Donald Trump souhaite d\u00e9ployer les forces f\u00e9d\u00e9rales \u00e0 Chicago qu\u2019il qualifie de \u00abville la plus dangereuse du monde\u00bb.<\/p>\n<p class=\"fig-paragraph\">\u00abNous allons intervenir \u00e0 Chicago\u00bb,<a href=\"http:\/\/www.lefigaro.fr\/international\/chicago-donald-trump-promet-de-regler-la-criminalite-dans-la-ville-la-plus-dangereuse-du-monde-20250902\" data-fig-type=\"NewsFlash\" data-gtm-custom-categorie=\"navigation\" data-gtm-custom-action=\"crossclick\" data-gtm-custom-label=\"Contextuel\" data-gtm-event=\"customEventSPE\" data-fig-domain=\"LEFIGARO\" rel=\"nofollow noopener\" target=\"_blank\">\u00a0a affirm\u00e9 le pr\u00e9sident<\/a>\u00a0am\u00e9ricain Donald Trump mardi depuis la Maison-Blanche, sans pr\u00e9ciser quand il comptait y d\u00e9ployer des forces de l&rsquo;ordre f\u00e9d\u00e9rales, comme il l&rsquo;a fait \u00e0 Washington r\u00e9cemment.<\/p>\n<p class=\"fig-paragraph\">Apr\u00e8s Los Angeles en juin et la capitale am\u00e9ricaine depuis la mi-ao\u00fbt, Trump menace d&rsquo;envoyer des policiers f\u00e9d\u00e9raux et des militaires, tels que les r\u00e9servistes de la Garde nationale, dans d&rsquo;autres villes d\u00e9mocrates comme Chicago, New York ou encore Baltimore.<\/p>\n<p>                                    <a class=\"fig-a11y-skip a11y-hidden\" href=\"#fig-a11y-skip-main-inarticle\"><br \/>\n        Passer la publicit\u00e9<br \/>\n    <\/a><\/p>\n<p>\u00abCr\u00e9er du spectacle politique\u00bb<\/p>\n<p class=\"fig-paragraph\">\u00abChicago ne veut pas de troupes dans ses rues\u00bb, a r\u00e9pondu mardi le gouverneur d\u00e9mocrate de l\u2019Illinois JB Pritzker. \u00abRien de tout \u00e7a n\u2019a pour objectif de lutter contre la criminalit\u00e9 ou de rendre Chicago plus s\u00fbre. Rien. Pour Trump, il s\u2019agit de tester son pouvoir et de cr\u00e9er du spectacle politique pour dissimuler sa corruption\u00bb, a attaqu\u00e9 JB Pritzker au cours d\u2019une conf\u00e9rence de presse.<\/p>\n<p class=\"fig-paragraph\">\u00abNous ne voulons pas, ni n\u2019avons besoin d\u2019occupation militaire\u00bb, a insist\u00e9 de son c\u00f4t\u00e9 le maire de Chicago, Brandon Johnson.<\/p>\n","protected":false},"excerpt":{"rendered":"\u00c0 l\u2019image de Los Angeles et de Washington, Donald Trump souhaite d\u00e9ployer les forces f\u00e9d\u00e9rales \u00e0 Chicago qu\u2019il&hellip;\n","protected":false},"author":2,"featured_media":361801,"comment_status":"","ping_status":"","sticky":false,"template":"","format":"standard","meta":{"footnotes":""},"categories":[5],"tags":[11,17005,75,1011,27,14,12,28],"class_list":{"0":"post-361800","1":"post","2":"type-post","3":"status-publish","4":"format-standard","5":"has-post-thumbnail","7":"category-international","8":"tag-actualites","9":"tag-chicago","10":"tag-donald-trump","11":"tag-fr","12":"tag-france","13":"tag-international","14":"tag-news","15":"tag-world"},"share_on_mastodon":{"url":"https:\/\/pubeurope.com\/@fr\/115137038573110423","error":""},"_links":{"self":[{"href":"https:\/\/www.europesays.com\/fr\/wp-json\/wp\/v2\/posts\/361800","targetHints":{"allow":["GET"]}}],"collection":[{"href":"https:\/\/www.europesays.com\/fr\/wp-json\/wp\/v2\/posts"}],"about":[{"href":"https:\/\/www.europesays.com\/fr\/wp-json\/wp\/v2\/types\/post"}],"author":[{"embeddable":true,"href":"https:\/\/www.europesays.com\/fr\/wp-json\/wp\/v2\/users\/2"}],"replies":[{"embeddable":true,"href":"https:\/\/www.europesays.com\/fr\/wp-json\/wp\/v2\/comments?post=361800"}],"version-history":[{"count":0,"href":"https:\/\/www.europesays.com\/fr\/wp-json\/wp\/v2\/posts\/361800\/revisions"}],"wp:featuredmedia":[{"embeddable":true,"href":"https:\/\/www.europesays.com\/fr\/wp-json\/wp\/v2\/media\/361801"}],"wp:attachment":[{"href":"https:\/\/www.europesays.com\/fr\/wp-json\/wp\/v2\/media?parent=361800"}],"wp:term":[{"taxonomy":"category","embeddable":true,"href":"https:\/\/www.europesays.com\/fr\/wp-json\/wp\/v2\/categories?post=361800"},{"taxonomy":"post_tag","embeddable":true,"href":"https:\/\/www.europesays.com\/fr\/wp-json\/wp\/v2\/tags?post=361800"}],"curies":[{"name":"wp","href":"https:\/\/api.w.org\/{rel}","templated":true}]}}