{"id":361805,"date":"2025-09-02T22:24:13","date_gmt":"2025-09-02T22:24:13","guid":{"rendered":"https:\/\/www.europesays.com\/fr\/361805\/"},"modified":"2025-09-02T22:24:13","modified_gmt":"2025-09-02T22:24:13","slug":"fete-du-livre-2025-a-saint-etienne","status":"publish","type":"post","link":"https:\/\/www.europesays.com\/fr\/361805\/","title":{"rendered":"F\u00eate du Livre 2025 \u00e0 Saint-\u00c9tienne"},"content":{"rendered":"<p class=\"intro\">La 39e \u00e9dition de la F\u00eate du Livre de Saint-\u00c9tienne aura lieu du 10 au 12 octobre 2025. Ce salon r\u00e9unit chaque ann\u00e9e plus de 200 auteurs qui viennent partager leur passion avec le public. V\u00e9ritable carrefour d\u2019\u00e9changes et de rencontres autour du livre, l\u2019\u00e9v\u00e9nement s\u2019impose comme un temps fort de la rentr\u00e9e litt\u00e9raire avec un programme riche et vari\u00e9. \ud83d\udcda<\/p>\n<p class=\"intro\"><a data-lightbox=\"article\" data-title=\"La 39e F\u00eate du Livre aura lieu du 10 au 12 octobre 2025 \u00a9 fetedulivre.saint-etienne.fr\/\" class=\"image detail fullwidth\" href=\"https:\/\/www.jds.fr\/medias\/image\/fete-du-livre-a-saint-etienne-707656-1200-0-F.webp\" title=\"La 39e F\u00eate du Livre aura lieu du 10 au 12 octobre 2025 \u00a9 fetedulivre.saint-etienne.fr\/\" rel=\"nofollow noopener\" target=\"_blank\"><br \/>\n<img decoding=\"async\" loading=\"lazy\" src=\"https:\/\/www.europesays.com\/fr\/wp-content\/uploads\/2025\/09\/fete-du-livre-a-saint-etienne-707656-1200-0.webp.webp\"   alt=\"La 39e F\u00eate du Livre aura lieu du 10 au 12 octobre 2025\" class=\"shortcode_image border\"\/><br \/>\n\u00a9 fetedulivre.saint-etienne.fr\/<br \/>\nLa 39e F\u00eate du Livre aura lieu du 10 au 12 octobre 2025<br \/>\n<\/a>\n<\/p>\n<p>Date et horaires F\u00eate du Livre de Saint-\u00c9tienne 2025<\/p>\n<p>\ud83d\udcc5 La F\u00eate du Livre de Saint-\u00c9tienne aura lieu du <strong>vendredi 10 au dimanche 12 octobre 2025.<\/strong><\/p>\n<p><strong>Les horaires d&rsquo;ouverture sont les suivants\u00a0:\u00a0<\/strong><\/p>\n<ul>&#13;<\/p>\n<li>Vendredi 10 octobre\u00a0: 9h-19h<\/li>\n<p>&#13;<\/p>\n<li>Samedi 11 octobre\u00a0: 10h-19h<\/li>\n<p>&#13;<\/p>\n<li>Dimanche 12 octobre\u00a0: 10h-18h<\/li>\n<p>&#13;\n<\/ul>\n<p>Programme 2025 de la F\u00eate du Livre de Saint-\u00c9tienne\u00a0: auteurs invit\u00e9s, expositions, prix litt\u00e9raires &amp; animations<br \/>\nAuteurs invit\u00e9s &amp; d\u00e9dicaces<\/p>\n<ul>&#13;<\/p>\n<li>Rencontres avec plus de <strong>200 auteurs<\/strong> fran\u00e7ais et internationaux, d\u2019essais, de romans, de BD, de mangas, de litt\u00e9rature jeunesse.<\/li>\n<p>&#13;<\/p>\n<li><strong>D\u00e9dicaces<\/strong> sur les stands tout au long de l\u2019\u00e9v\u00e9nement.<\/li>\n<p>&#13;<\/p>\n<li>Mise en avant d\u2019auteurs \u00e9mergents gr\u00e2ce aux prix litt\u00e9raires d\u00e9cern\u00e9s pendant le salon.<\/li>\n<p>&#13;\n<\/ul>\n<p>La liste compl\u00e8te des auteurs invit\u00e9s est disponible sur le <a href=\"https:\/\/fetedulivre.saint-etienne.fr\/auteurs\/\" rel=\"nofollow noopener\" target=\"_blank\">site officiel<\/a>.\u00a0<\/p>\n<p>Les prix litt\u00e9raires\u00a0<\/p>\n<p><strong> 8 Prix litt\u00e9raires<\/strong> seront remis lors de la F\u00eate du Livre de Saint-\u00c9tienne\u00a0:<\/p>\n<ol>&#13;<\/p>\n<li data-start=\"162\" data-end=\"326\">&#13;\n<p data-start=\"165\" data-end=\"326\"><strong data-start=\"165\" data-end=\"223\">Grand Prix de Litt\u00e9rature de la Ville de Saint-\u00c9tienne<\/strong> \u2013 r\u00e9compense une \u0153uvre originale et innovante, mettant en avant la diversit\u00e9 des genres litt\u00e9raires.<\/p>\n<p>&#13;\n<\/li>\n<p>&#13;<\/p>\n<li data-start=\"327\" data-end=\"489\">&#13;\n<p data-start=\"330\" data-end=\"489\"><strong data-start=\"330\" data-end=\"398\">Prix Design de Litt\u00e9rature Jeunesse de la Ville de Saint-\u00c9tienne<\/strong> \u2013 r\u00e9compense un auteur jeunesse pour la construction formelle et le design de son livre.<\/p>\n<p>&#13;\n<\/li>\n<p>&#13;<\/p>\n<li data-start=\"490\" data-end=\"644\">&#13;\n<p data-start=\"493\" data-end=\"644\"><strong data-start=\"493\" data-end=\"554\">Prix de Litt\u00e9rature Jeunesse de la Ville de Saint-\u00c9tienne<\/strong> \u2013 r\u00e9compense un ouvrage jeunesse valorisant la vari\u00e9t\u00e9 \u00e9ditoriale pour le jeune public.<\/p>\n<p>&#13;\n<\/li>\n<p>&#13;<\/p>\n<li data-start=\"645\" data-end=\"794\">&#13;\n<p data-start=\"648\" data-end=\"794\"><strong data-start=\"648\" data-end=\"689\">Prix BD STAS \u2013 Ville de Saint-\u00c9tienne<\/strong> \u2013 en partenariat avec la Soci\u00e9t\u00e9 de Transports St\u00e9phanoise, distingue un album BD cr\u00e9atif et original.<\/p>\n<p>&#13;\n<\/li>\n<p>&#13;<\/p>\n<li data-start=\"795\" data-end=\"941\">&#13;\n<p data-start=\"798\" data-end=\"941\"><strong data-start=\"798\" data-end=\"847\">Prix Lucien Neuwirth \u2013 Ville de Saint-\u00c9tienne<\/strong> \u2013 met \u00e0 l\u2019honneur une plume locale ou r\u00e9gionale dont le r\u00e9cit fait d\u00e9couvrir Saint-\u00c9tienne.<\/p>\n<p>&#13;\n<\/li>\n<p>&#13;<\/p>\n<li data-start=\"942\" data-end=\"1078\">&#13;\n<p data-start=\"945\" data-end=\"1078\"><strong data-start=\"945\" data-end=\"1020\">Prix des \u00c9tudiants de l\u2019Universit\u00e9 Jean Monnet \u2013 Ville de Saint-\u00c9tienne<\/strong> \u2013 r\u00e9compense une \u0153uvre \u00e9clairant le monde contemporain.<\/p>\n<p>&#13;\n<\/li>\n<p>&#13;<\/p>\n<li data-start=\"1079\" data-end=\"1299\">&#13;\n<p data-start=\"1082\" data-end=\"1299\"><strong data-start=\"1082\" data-end=\"1105\">Prix Claude Fauriel<\/strong> \u2013 en partenariat avec l\u2019association des anciens \u00e9l\u00e8ves du coll\u00e8ge et lyc\u00e9e Claude Fauriel, distingue une \u0153uvre li\u00e9e \u00e0 la r\u00e9gion ou un \u00e9crivain ayant mis le territoire au c\u0153ur de son intrigue.<\/p>\n<p>&#13;\n<\/li>\n<p>&#13;<\/p>\n<li data-start=\"1300\" data-end=\"1448\">&#13;\n<p data-start=\"1303\" data-end=\"1448\"><strong data-start=\"1303\" data-end=\"1328\">Prix Charles Exbrayat<\/strong> \u2013 en partenariat avec l\u2019association \u00e9ponyme, en hommage \u00e0 l\u2019auteur disparu en 1989, r\u00e9compense un roman contemporain.<\/p>\n<p>&#13;\n<\/li>\n<p>&#13;\n<\/ol>\n<p>Mots en sc\u00e8ne\u00a0: l&rsquo;exp\u00e9rience du cabaret litt\u00e9raire<\/p>\n<p><a data-lightbox=\"article\" data-title=\"Mots en sc\u00e8ne : l&#039;exp\u00e9rience du cabaret litt\u00e9raire \u00a9 fetedulivre.saint-etienne.fr\/\" class=\"image detail fullwidth\" href=\"https:\/\/www.jds.fr\/medias\/image\/fete-du-livre-a-saint-etienne-2-707658-1200-0-F.webp\" title=\"Mots en sc\u00e8ne : l&#039;exp\u00e9rience du cabaret litt\u00e9raire \u00a9 fetedulivre.saint-etienne.fr\/\" rel=\"nofollow noopener\" target=\"_blank\"><br \/>\n<img decoding=\"async\" loading=\"lazy\" src=\"https:\/\/www.europesays.com\/fr\/wp-content\/uploads\/2025\/09\/fete-du-livre-a-saint-etienne-2-707658-1200-0.webp.webp\"   alt=\"Mots en sc\u00e8ne : l'exp\u00e9rience du cabaret litt\u00e9raire\" class=\"shortcode_image border\"\/><br \/>\n\u00a9 fetedulivre.saint-etienne.fr\/<br \/>\nMots en sc\u00e8ne : l&rsquo;exp\u00e9rience du cabaret litt\u00e9raire<br \/>\n<\/a>\n<\/p>\n<p>Les Mots en sc\u00e8ne est un \u00e9v\u00e9nement unique o\u00f9 la <strong>litt\u00e9rature prend vie sur sc\u00e8ne<\/strong>, dans l\u2019intimit\u00e9<strong> du\u00a0Magic Mirrors, place Jean-Jaur\u00e8s.<\/strong> Des compagnies de th\u00e9\u00e2tre et de danse adaptent des romans, essais, bandes dessin\u00e9es et livres pour enfants, en pr\u00e9sence des auteurs. Ces performances, plus qu&rsquo;une simple lecture, visent \u00e0 rendre les mots visuellement palpables et \u00e0 immerger le public dans l&rsquo;univers de l&rsquo;\u00e9crivain. Apr\u00e8s le spectacle, les spectateurs peuvent discuter avec l&rsquo;auteur et obtenir une d\u00e9dicace.<\/p>\n<p><strong>Benjamin Lacombe<\/strong> sera le parrain des Mots en sc\u00e8ne 2025.\u00a0<\/p>\n<p>Quelques nouveaut\u00e9s pour cette \u00e9dition 2025<\/p>\n<p>2 nouveaut\u00e9s au programme pour cette \u00e9dition 2025 de la F\u00eate du livre\u00a0:\u00a0<\/p>\n<ul>&#13;<\/p>\n<li><strong>Une\u00a0\u00ab\u00a0pyjama party\u00a0\u00bb<\/strong> organis\u00e9e au cin\u00e9ma M\u00e9garama de Chavanelle. Les petits, au premier rang, \u00e9coutent des histoires. Au fond, auteurs et parents peuvent \u00e9changer autour d&rsquo;un pot de pop-corn. Avant de r\u00e9unir tout le monde autour d\u2019un \u00e9change.\u00a0<\/li>\n<p>&#13;<\/p>\n<li><strong>Des rencontres scolaires<\/strong>, d\u00e9cupl\u00e9es (50 classes st\u00e9phanoises contre 30 l\u2019an dernier), au cours desquelles les auteurs partagent avec les \u00e9l\u00e8ves les coulisses et la magie de leur plume.\u00a0<\/li>\n<p>&#13;\n<\/ul>\n<p>Agn\u00e8s Ledig\u00a0: marraine de la 39e F\u00eate du Livre de Saint-\u00c9tienne<\/p>\n<p><a data-lightbox=\"article\" data-title=\"Agn\u00e8s Ledig, marraine de la F\u00eate du Livre \u00a9 fetedulivre.saint-etienne.fr\/\" class=\"image detail fullwidth\" href=\"https:\/\/www.jds.fr\/medias\/image\/fete-du-livre-a-saint-etienne-1-707657-1200-0-F.webp\" title=\"Agn\u00e8s Ledig, marraine de la F\u00eate du Livre \u00a9 fetedulivre.saint-etienne.fr\/\" rel=\"nofollow noopener\" target=\"_blank\"><br \/>\n<img decoding=\"async\" loading=\"lazy\" src=\"https:\/\/www.europesays.com\/fr\/wp-content\/uploads\/2025\/09\/fete-du-livre-a-saint-etienne-1-707657-1200-0.webp.webp\"   alt=\"Agn\u00e8s Ledig, marraine de la F\u00eate du Livre\" class=\"shortcode_image border\"\/><br \/>\n\u00a9 fetedulivre.saint-etienne.fr\/<br \/>\nAgn\u00e8s Ledig, marraine de la F\u00eate du Livre<br \/>\n<\/a>\n<\/p>\n<p><strong>Agn\u00e8s Ledig<\/strong> sera la marraine de cette 39e \u00e9dition de la F\u00eate du livre. Connue pour sa plume sensible et ses romans emplis d&rsquo;humanit\u00e9, l&rsquo;auteure s&rsquo;inscrit parfaitement dans l&rsquo;esprit de l&rsquo;\u00e9v\u00e9nement, qui c\u00e9l\u00e8bre le partage et l&rsquo;\u00e9motion.<\/p>\n<p>Agn\u00e8s Ledig a su conqu\u00e9rir le c\u0153ur de nombreux lecteurs avec des romans comme Marie d&rsquo;en haut ou Juste avant le bonheur (prix Maison de la Presse 2013). Elle y aborde avec pudeur et humanit\u00e9 les th\u00e8mes de la r\u00e9silience, de la famille et des \u00e9motions. Elle pr\u00e9sentera son dernier roman\u00a0: R\u00e9pondre \u00e0 la nuit, paru aux \u00e9dition Albin Michel.<\/p>\n<p>Sa pr\u00e9sence promet d&rsquo;\u00eatre un moment de partage unique, au plus pr\u00e8s des lecteurs\u00a0!<\/p>\n<p>Tarifs de la F\u00eate du Livre de Saint-Etienne<\/p>\n<p>Bonne nouvelle\u00a0! L\u2019acc\u00e8s \u00e0 la f\u00eate du livre est<strong> enti\u00e8rement gratuit<\/strong> pour tous les visiteurs.<br \/>Profitez librement des expositions, conf\u00e9rences, ateliers enfants\/adultes sans contrainte tarifaire.<\/p>\n<p>Venir \u00e0 la F\u00eate du Livre \u00e0 Saint-\u00c9tienne\u00a0: acc\u00e8s et parking<\/p>\n<p>La F\u00eate du Livre se d\u00e9roule au <a href=\"https:\/\/www.jds.fr\/saint-etienne\/\" rel=\"nofollow noopener\" target=\"_blank\">centre-ville de Saint-\u00c9tienne<\/a> dans divers lieux. Plusieurs options s&rsquo;offrent \u00e0 vous pour venir.<\/p>\n<p>\ud83d\ude8c En transports en commun depuis la gare<\/p>\n<p>Si vous arrivez \u00e0 la gare de Saint-\u00c9tienne Ch\u00e2teaucreux, vous pouvez emprunter le tramway T2 en direction de Cit\u00e9 du design.<\/p>\n<ul>&#13;<\/p>\n<li>Pour l&rsquo;Espace Jeunesse (place Chavanelle), descendez \u00e0 l&rsquo;arr\u00eat Square Violette.<\/li>\n<p>&#13;<\/p>\n<li>Pour la Grande Librairie, les auteurs et l&rsquo;espace d\u00e9bats (place de l&rsquo;H\u00f4tel de Ville), descendez \u00e0 l&rsquo;arr\u00eat H\u00f4tel de Ville. Le chapiteau principal et la place Dorian (Salon des \u00e9diteurs) sont \u00e9galement \u00e0 proximit\u00e9.<\/li>\n<p>&#13;<\/p>\n<li>Pour le Magic Mirrors et les stands th\u00e9matiques (environnement, sant\u00e9, nutrition), descendez un arr\u00eat plus loin, \u00e0 Jean Jaur\u00e8s.<\/li>\n<p>&#13;\n<\/ul>\n<p>Le trajet en tramway dure entre 12 et 15 minutes. Vous pouvez consulter le site de la STAS (soci\u00e9t\u00e9 de transport st\u00e9phanoise) pour plus d&rsquo;informations.<\/p>\n<p>\ud83d\ude84 En train<\/p>\n<p>Saint-\u00c9tienne est bien desservie par le r\u00e9seau ferroviaire\u00a0:<\/p>\n<ul>&#13;<\/p>\n<li>Lyon\u00a0: 1h10<\/li>\n<p>&#13;<\/p>\n<li>Paris\u00a0: 3h<\/li>\n<p>&#13;<\/p>\n<li>Marseille\u00a0: 3h<\/li>\n<p>&#13;\n<\/ul>\n<p>Pour conna\u00eetre les horaires et tarifs, vous pouvez consulter le site de la SNCF.<\/p>\n<p>\ud83d\ude97 En voiture<\/p>\n<ul>&#13;<\/p>\n<li>Depuis Paris ou Lille\u00a0: A6<\/li>\n<p>&#13;<\/p>\n<li>Depuis Lyon\u00a0: A47<\/li>\n<p>&#13;<\/p>\n<li>Depuis Marseille\u00a0: A7<\/li>\n<p>&#13;<\/p>\n<li>Depuis Clermont-Ferrand\u00a0: A89\u00a0<\/li>\n<p>&#13;\n<\/ul>\n<p><strong>Stationnement\u00a0:<\/strong><\/p>\n<p>Plusieurs parkings sont disponibles en centre-ville et offrent 3 heures de gratuit\u00e9 tous les samedis de 9h \u00e0 19h. C&rsquo;est le cas des parkings Jean-Jaur\u00e8s, H\u00f4tel-de-Ville, Ursules, Antonin Moine, Palais de Justice, Chavanelle et Clapier. La nuit, le stationnement est plafonn\u00e9 \u00e0 3\u20ac entre 19h et 9h.<\/p>\n<p>Vous pouvez aussi utiliser les <strong>parkings relais.<\/strong><\/p>\n<p class=\"mise_en_avant\">Prolongez vos d\u00e9couvertes avec la <a href=\"https:\/\/www.jds.fr\/saint-etienne\/foires-et-salons\/foires\/foire-de-saint-etienne-1131648_A\" rel=\"nofollow noopener\" target=\"_blank\">Foire de Saint-Etienne\u00a0<\/a>, le c\u00e9l\u00e8bre <a href=\"https:\/\/www.jds.fr\/lyon\/foires-et-salons\/foires\/quais-du-polar-170522_A\" rel=\"nofollow noopener\" target=\"_blank\">Quai du polar \u00e0 Lyon<\/a> ou encore le <a href=\"https:\/\/www.jds.fr\/lyon\/foires-et-salons\/foires\/festival-yggdrasil-lyon-170504_A\" rel=\"nofollow noopener\" target=\"_blank\">Festival Yggdrasil<\/a>.<\/p>\n<p class=\"font-size-30 fw-bold lh-1 mt-0 mb-4\">Je trouve les meilleures sorties dans ma ville<\/p>\n","protected":false},"excerpt":{"rendered":"La 39e \u00e9dition de la F\u00eate du Livre de Saint-\u00c9tienne aura lieu du 10 au 12 octobre 2025.&hellip;\n","protected":false},"author":2,"featured_media":361806,"comment_status":"","ping_status":"","sticky":false,"template":"","format":"standard","meta":{"footnotes":""},"categories":[9653],"tags":[1111,11,2430,1777,674,1011,27,12,25,4001],"class_list":{"0":"post-361805","1":"post","2":"type-post","3":"status-publish","4":"format-standard","5":"has-post-thumbnail","7":"category-saint-etienne","8":"tag-actu","9":"tag-actualites","10":"tag-auvergne-rhone-alpes","11":"tag-eu","12":"tag-europe","13":"tag-fr","14":"tag-france","15":"tag-news","16":"tag-republique-francaise","17":"tag-saint-etienne"},"share_on_mastodon":{"url":"https:\/\/pubeurope.com\/@fr\/115137050698310807","error":""},"_links":{"self":[{"href":"https:\/\/www.europesays.com\/fr\/wp-json\/wp\/v2\/posts\/361805","targetHints":{"allow":["GET"]}}],"collection":[{"href":"https:\/\/www.europesays.com\/fr\/wp-json\/wp\/v2\/posts"}],"about":[{"href":"https:\/\/www.europesays.com\/fr\/wp-json\/wp\/v2\/types\/post"}],"author":[{"embeddable":true,"href":"https:\/\/www.europesays.com\/fr\/wp-json\/wp\/v2\/users\/2"}],"replies":[{"embeddable":true,"href":"https:\/\/www.europesays.com\/fr\/wp-json\/wp\/v2\/comments?post=361805"}],"version-history":[{"count":0,"href":"https:\/\/www.europesays.com\/fr\/wp-json\/wp\/v2\/posts\/361805\/revisions"}],"wp:featuredmedia":[{"embeddable":true,"href":"https:\/\/www.europesays.com\/fr\/wp-json\/wp\/v2\/media\/361806"}],"wp:attachment":[{"href":"https:\/\/www.europesays.com\/fr\/wp-json\/wp\/v2\/media?parent=361805"}],"wp:term":[{"taxonomy":"category","embeddable":true,"href":"https:\/\/www.europesays.com\/fr\/wp-json\/wp\/v2\/categories?post=361805"},{"taxonomy":"post_tag","embeddable":true,"href":"https:\/\/www.europesays.com\/fr\/wp-json\/wp\/v2\/tags?post=361805"}],"curies":[{"name":"wp","href":"https:\/\/api.w.org\/{rel}","templated":true}]}}