{"id":361807,"date":"2025-09-02T22:25:31","date_gmt":"2025-09-02T22:25:31","guid":{"rendered":"https:\/\/www.europesays.com\/fr\/361807\/"},"modified":"2025-09-02T22:25:31","modified_gmt":"2025-09-02T22:25:31","slug":"ligue-2-deux-verts-dans-lequipe-type-de-la-4e-journee","status":"publish","type":"post","link":"https:\/\/www.europesays.com\/fr\/361807\/","title":{"rendered":"Ligue 2 &#8211; Deux Verts dans l&rsquo;\u00e9quipe type de la 4e journ\u00e9e"},"content":{"rendered":"<p>Ils sont deux joueurs de l&rsquo;AS <a href=\"https:\/\/onefootball.com\/en\/team\/saint-etienne-266\" rel=\"nofollow noopener\" target=\"_blank\">Saint-\u00c9tienne<\/a> \u00e0 figurer dans l&rsquo;\u00e9quipe type de la quatri\u00e8me journ\u00e9e du championnat de France de Ligue 2, propos\u00e9e par le site Sofascore. Pour rappel, Sofascore se base sur les statistiques individuelles des joueurs durant la rencontre, pour g\u00e9n\u00e9rer une note sur 10.<\/p>\n<p>Apr\u00e8s le match nul contre Grenoble, on retrouve <strong>Micka\u00ebl Nad\u00e9<\/strong> au sein de ce onze. Auteur du but de l&rsquo;AS <a href=\"https:\/\/onefootball.com\/en\/team\/saint-etienne-266\" rel=\"nofollow noopener\" target=\"_blank\">Saint-\u00c9tienne<\/a>, le d\u00e9fenseur central a su d\u00e9passer ses fonctions premi\u00e8res sur le terrain pour d\u00e9bloquer la situation. Il est cr\u00e9dit\u00e9 d&rsquo;une note de 8.2\/10 et figure au sein de la d\u00e9fense du onze type de la journ\u00e9e. Il n&rsquo;est pas le seul vert \u00e0 composer cette d\u00e9fense. De retour de blessure et positionner dans un r\u00f4le inhabituel de lat\u00e9ral gauche, <strong>Maxime Bernauer<\/strong> a livr\u00e9 une excellente prestation. Avec une note de 8\/10, il est lui aussi pr\u00e9sent dans cette \u00e9quipe type de la quatri\u00e8me journ\u00e9e.<\/p>\n<p>\u00c0 noter \u00e9galement la pr\u00e9sence de <strong>Nathana\u00ebl Mbuku<\/strong>, l&rsquo;ancien st\u00e9phanois qui \u00e9volue cette saison au Montpellier HSC et dont la performance face \u00e0 l&rsquo;Amiens SC lui permet d&rsquo;\u00eatre dans l&rsquo;\u00e9quipe type avec une note de 8\/10 \u00e9galement.<\/p>\n","protected":false},"excerpt":{"rendered":"Ils sont deux joueurs de l&rsquo;AS Saint-\u00c9tienne \u00e0 figurer dans l&rsquo;\u00e9quipe type de la quatri\u00e8me journ\u00e9e du championnat&hellip;\n","protected":false},"author":2,"featured_media":361808,"comment_status":"","ping_status":"","sticky":false,"template":"","format":"standard","meta":{"footnotes":""},"categories":[9653],"tags":[1111,11,2430,1777,674,1011,27,12,25,4001],"class_list":{"0":"post-361807","1":"post","2":"type-post","3":"status-publish","4":"format-standard","5":"has-post-thumbnail","7":"category-saint-etienne","8":"tag-actu","9":"tag-actualites","10":"tag-auvergne-rhone-alpes","11":"tag-eu","12":"tag-europe","13":"tag-fr","14":"tag-france","15":"tag-news","16":"tag-republique-francaise","17":"tag-saint-etienne"},"share_on_mastodon":{"url":"https:\/\/pubeurope.com\/@fr\/115137054309347808","error":""},"_links":{"self":[{"href":"https:\/\/www.europesays.com\/fr\/wp-json\/wp\/v2\/posts\/361807","targetHints":{"allow":["GET"]}}],"collection":[{"href":"https:\/\/www.europesays.com\/fr\/wp-json\/wp\/v2\/posts"}],"about":[{"href":"https:\/\/www.europesays.com\/fr\/wp-json\/wp\/v2\/types\/post"}],"author":[{"embeddable":true,"href":"https:\/\/www.europesays.com\/fr\/wp-json\/wp\/v2\/users\/2"}],"replies":[{"embeddable":true,"href":"https:\/\/www.europesays.com\/fr\/wp-json\/wp\/v2\/comments?post=361807"}],"version-history":[{"count":0,"href":"https:\/\/www.europesays.com\/fr\/wp-json\/wp\/v2\/posts\/361807\/revisions"}],"wp:featuredmedia":[{"embeddable":true,"href":"https:\/\/www.europesays.com\/fr\/wp-json\/wp\/v2\/media\/361808"}],"wp:attachment":[{"href":"https:\/\/www.europesays.com\/fr\/wp-json\/wp\/v2\/media?parent=361807"}],"wp:term":[{"taxonomy":"category","embeddable":true,"href":"https:\/\/www.europesays.com\/fr\/wp-json\/wp\/v2\/categories?post=361807"},{"taxonomy":"post_tag","embeddable":true,"href":"https:\/\/www.europesays.com\/fr\/wp-json\/wp\/v2\/tags?post=361807"}],"curies":[{"name":"wp","href":"https:\/\/api.w.org\/{rel}","templated":true}]}}