{"id":361809,"date":"2025-09-02T22:26:26","date_gmt":"2025-09-02T22:26:26","guid":{"rendered":"https:\/\/www.europesays.com\/fr\/361809\/"},"modified":"2025-09-02T22:26:26","modified_gmt":"2025-09-02T22:26:26","slug":"insolite-dans-cette-commune-pres-de-nancy-les-eleves-vont-a-lecole-avec-un-nouveau-moyen-de-transport","status":"publish","type":"post","link":"https:\/\/www.europesays.com\/fr\/361809\/","title":{"rendered":"Insolite. Dans cette commune pr\u00e8s de Nancy, les \u00e9l\u00e8ves vont \u00e0 l&rsquo;\u00e9cole avec un nouveau moyen de transport"},"content":{"rendered":"<p>            Par<br \/>\n        <strong><br \/>\n            <a href=\"https:\/\/actu.fr\/auteur\/pierre-emile-bouchy-actu-fr\" title=\"Consulter tous les articles de Paul-Emile Bouchy\" target=\"_blank\" rel=\"noopener\">Paul-Emile Bouchy<\/a><br \/>\n        <\/strong><\/p>\n<p>        Publi\u00e9 le<\/p>\n<p>            2 sept. 2025 \u00e0 16h21        <\/p>\n<p>Lors de cette <a href=\"https:\/\/actu.fr\/tag\/rentree-scolaire\" target=\"_blank\" rel=\"noopener\">rentr\u00e9e scolaire<\/a> 2025, les \u00e9l\u00e8ves de la m\u00e9tropole du <a href=\"https:\/\/actu.fr\/tag\/grand-nancy\" target=\"_blank\" rel=\"noopener\">Grand Nancy<\/a> ont pu profiter <a href=\"https:\/\/actu.fr\/societe\/reseau-stan-de-grands-changements-attendus-sur-plusieurs-lignes-dans-le-grand-nancy-ce-qu-il-faut-savoir_62816679.html\" target=\"_blank\" rel=\"noopener\">des grands changements du r\u00e9seau Stan<\/a>, et notamment <a href=\"https:\/\/actu.fr\/grand-est\/nancy_54395\/reseau-stan-parcours-horaires-ouverture-tout-ce-qu-il-faut-savoir-sur-la-future-ligne-5-a-nancy_62134194.html\" target=\"_blank\" rel=\"noopener\">la nouvelle ligne Tempo 5<\/a>.<\/p>\n<p class=\" wall-content\">Dans la commune de <strong>Pulnoy<\/strong>, des \u00e9coliers ont troqu\u00e9 le traditionnel bus scolaire pour <strong>un tout nouveau moyen de transport\u2009: le v\u00e9lobus<\/strong>. On vous explique ce dont il s\u2019agit.<\/p>\n<p>Un v\u00e9hicule qui peut transporter jusqu\u2019\u00e0 huit enfants<\/p>\n<p class=\" wall-content\">Ce v\u00e9lobus est <strong>un v\u00e9hicule \u00e0 assistance \u00e9lectrique qui peut transporter huit enfants<\/strong> de leur domicile jusqu\u2019\u00e0 l\u2019\u00e9cole.<\/p>\n<p class=\" wall-content\">\u00ab<strong>\u2009Matin et soir, les enfants pourront p\u00e9daler collectivement<\/strong> aux c\u00f4t\u00e9s de b\u00e9n\u00e9voles (parents d\u2019\u00e9l\u00e8ves\u2026) qui se relaieront pour conduire ce v\u00e9lobus\u2009\u00bb, d\u00e9taille la M\u00e9tropole du Grand Nancy dans un communiqu\u00e9.<\/p>\n<p class=\" wall-content\">Ayant pour objectif de \u00ab<strong>\u2009favoriser la mobilit\u00e9 douce et de r\u00e9duire le nombre de voitures<\/strong> aux heures d\u2019ouverture et de fermeture des \u00e9coles\u2009\u00bb, ce nouveau v\u00e9hicule est mis \u00e0 disposition de la commune de Pulnoy pour une exp\u00e9rimentation d\u2019une ann\u00e9e, qui est renouvelable un an.<\/p>\n<p class=\" wall-content\">Personnalisez votre actualit\u00e9 en ajoutant vos villes et m\u00e9dias en favori avec <a href=\"https:\/\/moncompte.actu.fr\" title=\"D\u00e9couvez Mon Actu\" rel=\"nofollow noopener\" data-trk=\"{&quot;cta&quot;:{&quot;action&quot;:&quot;https:\\\/\\\/moncompte.actu.fr&quot;,&quot;category&quot;:&quot;mon compte&quot;,&quot;from&quot;:&quot;article footer&quot;,&quot;name&quot;:&quot;Mon actu&quot;,&quot;type&quot;:&quot;cta&quot;}}\" target=\"_blank\">Mon Actu<\/a>.<\/p>\n","protected":false},"excerpt":{"rendered":"Par Paul-Emile Bouchy Publi\u00e9 le 2 sept. 2025 \u00e0 16h21 Lors de cette rentr\u00e9e scolaire 2025, les \u00e9l\u00e8ves&hellip;\n","protected":false},"author":2,"featured_media":361810,"comment_status":"","ping_status":"","sticky":false,"template":"","format":"standard","meta":{"footnotes":""},"categories":[9635],"tags":[1111,11,1777,674,1011,27,775,1702,12,10918,25,104,2803],"class_list":{"0":"post-361809","1":"post","2":"type-post","3":"status-publish","4":"format-standard","5":"has-post-thumbnail","7":"category-nancy","8":"tag-actu","9":"tag-actualites","10":"tag-eu","11":"tag-europe","12":"tag-fr","13":"tag-france","14":"tag-grand-est","15":"tag-nancy","16":"tag-news","17":"tag-rentree-scolaire","18":"tag-republique-francaise","19":"tag-societe","20":"tag-transport"},"share_on_mastodon":{"url":"https:\/\/pubeurope.com\/@fr\/115137058225223117","error":""},"_links":{"self":[{"href":"https:\/\/www.europesays.com\/fr\/wp-json\/wp\/v2\/posts\/361809","targetHints":{"allow":["GET"]}}],"collection":[{"href":"https:\/\/www.europesays.com\/fr\/wp-json\/wp\/v2\/posts"}],"about":[{"href":"https:\/\/www.europesays.com\/fr\/wp-json\/wp\/v2\/types\/post"}],"author":[{"embeddable":true,"href":"https:\/\/www.europesays.com\/fr\/wp-json\/wp\/v2\/users\/2"}],"replies":[{"embeddable":true,"href":"https:\/\/www.europesays.com\/fr\/wp-json\/wp\/v2\/comments?post=361809"}],"version-history":[{"count":0,"href":"https:\/\/www.europesays.com\/fr\/wp-json\/wp\/v2\/posts\/361809\/revisions"}],"wp:featuredmedia":[{"embeddable":true,"href":"https:\/\/www.europesays.com\/fr\/wp-json\/wp\/v2\/media\/361810"}],"wp:attachment":[{"href":"https:\/\/www.europesays.com\/fr\/wp-json\/wp\/v2\/media?parent=361809"}],"wp:term":[{"taxonomy":"category","embeddable":true,"href":"https:\/\/www.europesays.com\/fr\/wp-json\/wp\/v2\/categories?post=361809"},{"taxonomy":"post_tag","embeddable":true,"href":"https:\/\/www.europesays.com\/fr\/wp-json\/wp\/v2\/tags?post=361809"}],"curies":[{"name":"wp","href":"https:\/\/api.w.org\/{rel}","templated":true}]}}