{"id":361811,"date":"2025-09-02T22:27:35","date_gmt":"2025-09-02T22:27:35","guid":{"rendered":"https:\/\/www.europesays.com\/fr\/361811\/"},"modified":"2025-09-02T22:27:35","modified_gmt":"2025-09-02T22:27:35","slug":"si-mathieu-klein-se-represente-il-devrait-garder-la-majorite-de-son-equipe","status":"publish","type":"post","link":"https:\/\/www.europesays.com\/fr\/361811\/","title":{"rendered":"si Mathieu Klein se repr\u00e9sente, il devrait garder la majorit\u00e9 de son \u00e9quipe"},"content":{"rendered":"<p>            Par<br \/>\n        <strong><br \/>\n            <a href=\"https:\/\/actu.fr\/auteur\/amandine-mehl\" title=\"Consulter tous les articles de Amandine Mehl\" target=\"_blank\" rel=\"noopener\">Amandine Mehl<\/a><br \/>\n        <\/strong><\/p>\n<p>        Publi\u00e9 le<\/p>\n<p>            2 sept. 2025 \u00e0 16h32        <\/p>\n<p>Alors que <strong>plusieurs chefs de file<\/strong> ont \u00e9t\u00e9 d\u00e9sign\u00e9s pour les <a href=\"https:\/\/actu.fr\/tag\/municipales-2026\" target=\"_blank\" rel=\"noopener\">municipales 2026<\/a> \u00e0 Nancy, \u00e0 l\u2019instar d\u2019Emmanuel Lacresse pour <a href=\"https:\/\/actu.fr\/grand-est\/nancy_54395\/municipales-2026-renaissance-le-parti-d-emmanuel-macron-a-choisi-son-chef-de-file-pour-nancy_62698709.html\" target=\"_blank\" rel=\"noopener\">Renaissance<\/a>, Rapha\u00ebl Vuitton pour <a href=\"https:\/\/actu.fr\/grand-est\/nancy_54395\/municipales-2026-horizons-le-parti-d-edouard-philippe-a-designe-son-chef-de-file-pour-nancy_62585112.html\" target=\"_blank\" rel=\"noopener\">Horizons<\/a>, Sonia Sadoune pour le <a href=\"https:\/\/actu.fr\/grand-est\/nancy_54395\/municipales-2026-a-nancy-le-modem-le-parti-de-francois-bayrou-a-choisi-sa-cheffe-de-file_62813191.html\" target=\"_blank\" rel=\"noopener\">MoDem<\/a>, Sarah Farghaly et Hadrien Fournet pour <a href=\"https:\/\/actu.fr\/grand-est\/nancy_54395\/municipales-2026-a-nancy-lfi-devoile-ses-chefs-de-file-une-main-tendue-pour-l-union-de-la-gauche_62678283.html\" target=\"_blank\" rel=\"noopener\">LFI<\/a>, <strong>Mathieu Klein<\/strong>, \u00e0 la t\u00eate de la cit\u00e9 ducale depuis 2020, <strong>n\u2019a toujours pas officialis\u00e9<\/strong> sa candidature \u00e0 sa propre r\u00e9\u00e9lection.<\/p>\n<p class=\" wall-content\">Pour autant, comme il l\u2019a indiqu\u00e9 ce mardi 2\u00a0septembre 2025 au cours d\u2019un \u00e9change avec la presse, <strong>les choses semblent avancer en coulisses<\/strong>.<\/p>\n<p>La majorit\u00e9 des \u00e9lus autour de Mathieu Klein souhaite se repr\u00e9senter<\/p>\n<p class=\" wall-content\">Interrog\u00e9, <a href=\"https:\/\/actu.fr\/tag\/mathieu-klein\" target=\"_blank\" rel=\"noopener\">Mathieu Klein<\/a> a confi\u00e9 qu\u2019une <strong>liste<\/strong> \u00ab<strong>\u2009commence \u00e0 se dessiner<\/strong>\u2009\u00bb. S\u2019il note quelques d\u00e9parts li\u00e9s \u00e0 des mobilit\u00e9s professionnelles ou des d\u00e9m\u00e9nagements, il affirme \u00ab\u2009qu\u2019<strong>une \u00e9crasante majorit\u00e9 des \u00e9lus sortants souhaite se repr\u00e9senter<\/strong>\u2009\u00bb et \u00ab\u2009n\u2019avoir, pour l\u2019instant, enregistr\u00e9 aucune d\u00e9fection politique\u2009\u00bb.<\/p>\n<p class=\" wall-content\">Consid\u00e9rant que la plupart des membres de la majorit\u00e9 n\u2019avaient jamais \u00e9t\u00e9 \u00e9lus, si ce n\u2019est d\u2019opposition, le maire de Nancy assure que pour un premier mandat, \u00ab<strong>\u2009c\u2019\u00e9tait un pari<\/strong>\u2009\u00bb. Un pari qu\u2019il juge r\u00e9ussi.<\/p>\n<blockquote class=\"ac-article-quote wall-content\">\n<p>J&rsquo;ai \u00e9t\u00e9 vraiment tr\u00e8s heureux de la fa\u00e7on dont ils ont conduit leur mandat. C&rsquo;est une \u00e9quipe extr\u00eamement active qui a pass\u00e9 un temps fou sur le terrain, tr\u00e8s investie dans ses responsabilit\u00e9s, qui a tr\u00e8s bien fonctionn\u00e9 en collectif, unie et soud\u00e9e.<\/p>\n<p>    <strong>Mathieu Klein<\/strong><br \/>\n        Maire de Nancy    <\/p><\/blockquote>\n<p class=\" wall-content\">S\u2019agissant de l\u2019officialisation en vue des \u00e9lections, <strong>il faudra encore patienter<\/strong>. \u00ab\u2009Jusqu\u2019\u00e0 fin 2025, les trois quarts de mon cerveau sont occup\u00e9s par les sujets du quotidien de la ville et de la m\u00e9tropole\u2009\u00bb, a fait savoir le maire.<\/p>\n<p class=\" wall-content\">Personnalisez votre actualit\u00e9 en ajoutant vos villes et m\u00e9dias en favori avec <a href=\"https:\/\/moncompte.actu.fr\" title=\"D\u00e9couvez Mon Actu\" rel=\"nofollow noopener\" data-trk=\"{&quot;cta&quot;:{&quot;action&quot;:&quot;https:\\\/\\\/moncompte.actu.fr&quot;,&quot;category&quot;:&quot;mon compte&quot;,&quot;from&quot;:&quot;article footer&quot;,&quot;name&quot;:&quot;Mon actu&quot;,&quot;type&quot;:&quot;cta&quot;}}\" target=\"_blank\">Mon Actu<\/a>.<\/p>\n","protected":false},"excerpt":{"rendered":"Par Amandine Mehl Publi\u00e9 le 2 sept. 2025 \u00e0 16h32 Alors que plusieurs chefs de file ont \u00e9t\u00e9&hellip;\n","protected":false},"author":2,"featured_media":361812,"comment_status":"","ping_status":"","sticky":false,"template":"","format":"standard","meta":{"footnotes":""},"categories":[9635],"tags":[1111,11,4188,1777,674,1011,27,775,14606,3434,1702,12,316,25],"class_list":{"0":"post-361811","1":"post","2":"type-post","3":"status-publish","4":"format-standard","5":"has-post-thumbnail","7":"category-nancy","8":"tag-actu","9":"tag-actualites","10":"tag-elections-municipales","11":"tag-eu","12":"tag-europe","13":"tag-fr","14":"tag-france","15":"tag-grand-est","16":"tag-mathieu-klein","17":"tag-municipales-2026","18":"tag-nancy","19":"tag-news","20":"tag-politique","21":"tag-republique-francaise"},"share_on_mastodon":{"url":"https:\/\/pubeurope.com\/@fr\/115137062112307638","error":""},"_links":{"self":[{"href":"https:\/\/www.europesays.com\/fr\/wp-json\/wp\/v2\/posts\/361811","targetHints":{"allow":["GET"]}}],"collection":[{"href":"https:\/\/www.europesays.com\/fr\/wp-json\/wp\/v2\/posts"}],"about":[{"href":"https:\/\/www.europesays.com\/fr\/wp-json\/wp\/v2\/types\/post"}],"author":[{"embeddable":true,"href":"https:\/\/www.europesays.com\/fr\/wp-json\/wp\/v2\/users\/2"}],"replies":[{"embeddable":true,"href":"https:\/\/www.europesays.com\/fr\/wp-json\/wp\/v2\/comments?post=361811"}],"version-history":[{"count":0,"href":"https:\/\/www.europesays.com\/fr\/wp-json\/wp\/v2\/posts\/361811\/revisions"}],"wp:featuredmedia":[{"embeddable":true,"href":"https:\/\/www.europesays.com\/fr\/wp-json\/wp\/v2\/media\/361812"}],"wp:attachment":[{"href":"https:\/\/www.europesays.com\/fr\/wp-json\/wp\/v2\/media?parent=361811"}],"wp:term":[{"taxonomy":"category","embeddable":true,"href":"https:\/\/www.europesays.com\/fr\/wp-json\/wp\/v2\/categories?post=361811"},{"taxonomy":"post_tag","embeddable":true,"href":"https:\/\/www.europesays.com\/fr\/wp-json\/wp\/v2\/tags?post=361811"}],"curies":[{"name":"wp","href":"https:\/\/api.w.org\/{rel}","templated":true}]}}