{"id":361813,"date":"2025-09-02T22:28:09","date_gmt":"2025-09-02T22:28:09","guid":{"rendered":"https:\/\/www.europesays.com\/fr\/361813\/"},"modified":"2025-09-02T22:28:09","modified_gmt":"2025-09-02T22:28:09","slug":"toulon-poursuit-la-rehabilitation-de-son-centre-ancien-a-besagne-ce-coup-ci","status":"publish","type":"post","link":"https:\/\/www.europesays.com\/fr\/361813\/","title":{"rendered":"Toulon poursuit la r\u00e9habilitation de son centre ancien, \u00e0 Besagne ce coup-ci"},"content":{"rendered":"\n<p>\u00ab La requalification du centre historique est depuis 2001 une priorit\u00e9 de l\u2019\u00e9quipe municipale\u00a0\u00bb, a rappel\u00e9 mardi matin la maire de Toulon, Jos\u00e9e Massi (SE), avant la pose de la premi\u00e8re pierre de la r\u00e9habilitation de l\u2019\u00eelot Besagne. Un quartier qui renferme une partie de l\u2019\u00e2me de Toulon.<\/p>\n<p>Une politique innovante et volontariste qui a permis en effet, gr\u00e2ce \u00e0 la signature en 2003 d\u2019une convention avec l\u2019Anru de 169\u00a0millions d\u2019euros, une intervention lourde sur le b\u00e2ti et les espaces publics. Avec entre autres la r\u00e9novation de 600\u00a0immeubles, plus de 3\u00a0700\u00a0logements. Sans compter les 500\u00a0devantures commerciales en rez-de-chauss\u00e9e r\u00e9habilit\u00e9es.<\/p>\n<p> Dans le respect du patrimoine\n              <\/p>\n<p>Aujourd\u2019hui, l\u2019ambition c\u2019est de redonner vie \u00e0 ce qui reste du Besagne historique. \u00ab\u00a0C\u2019\u00e9tait au d\u00e9but un quartier populaire o\u00f9 la castagne et la mis\u00e8re y r\u00e9gnaient\u00a0\u00bb, insiste la premi\u00e8re magistrate. Les ouvriers italiens (les bisogno -besogneux) qui le peuplaient majoritairement au XIXe\u00a0si\u00e8cle lui ont d\u2019ailleurs donn\u00e9 leur nom.<\/p>\n<p>\u00ab\u00a0On y avait faim mais il y avait une vraie solidarit\u00e9, on partageait toujours le quignon de pain avec son voisin\u00a0\u00bb, insiste-t-elle. H\u00e9las une partie de ce patrimoine a \u00e9t\u00e9 engloutie sous l\u2019actuelle zone commerciale en 1990 \u00ab\u00a0o\u00f9 les logiques urbanistiques de l\u2019\u00e9poque \u00e0 Toulon ont, comme ailleurs, voulu qu\u2019on rase l\u2019ancien pour construire du moderne et du fonctionnel\u00a0\u00bb.<\/p>\n<p>Rien de tel aujourd\u2019hui dans le Port du Levant o\u00f9 la r\u00e9habilitation se veut respectueuse de l\u2019histoire.<\/p>\n<p>Avec ce nouvel \u00eelot, dont les travaux seront termin\u00e9s en 2027, la Ville comme un peu plus haut \u00e0 Coudouan, poursuit la renaissance du c\u0153ur de Toulon. Une intervention ici qui vise \u00e0 transformer des immeubles d\u00e9grad\u00e9s et vacants depuis plus de quinze ans en un ensemble de 40\u00a0logements de qualit\u00e9 du T1 au T3 et deux commerces modernes sur un total de 1 800\u00a0m\u00b2 de surface de plancher. Et tout cela en respectant les fa\u00e7ades et l\u2019identit\u00e9 historique du quartier.<\/p>\n<p>Parmi les retomb\u00e9es attendues, l\u2019accueil de jeunes actifs dans des logements modernes et qualitatifs, a pr\u00e9cis\u00e9 l\u2019am\u00e9nageur Var am\u00e9nagement d\u00e9veloppement (VAD) et Fonci\u00e8re de Provence, la soci\u00e9t\u00e9 d\u2019investissement qui pilote cette r\u00e9habilitation.<\/p>\n","protected":false},"excerpt":{"rendered":"\u00ab La requalification du centre historique est depuis 2001 une priorit\u00e9 de l\u2019\u00e9quipe municipale\u00a0\u00bb, a rappel\u00e9 mardi matin&hellip;\n","protected":false},"author":2,"featured_media":361814,"comment_status":"","ping_status":"","sticky":false,"template":"","format":"standard","meta":{"footnotes":""},"categories":[9619],"tags":[1111,11,1777,674,1011,27,12,882,25,2310,4717],"class_list":{"0":"post-361813","1":"post","2":"type-post","3":"status-publish","4":"format-standard","5":"has-post-thumbnail","7":"category-toulon","8":"tag-actu","9":"tag-actualites","10":"tag-eu","11":"tag-europe","12":"tag-fr","13":"tag-france","14":"tag-news","15":"tag-provence-alpes-cote-dazur","16":"tag-republique-francaise","17":"tag-toulon","18":"tag-vie"},"share_on_mastodon":{"url":"https:\/\/pubeurope.com\/@fr\/115137066010156990","error":""},"_links":{"self":[{"href":"https:\/\/www.europesays.com\/fr\/wp-json\/wp\/v2\/posts\/361813","targetHints":{"allow":["GET"]}}],"collection":[{"href":"https:\/\/www.europesays.com\/fr\/wp-json\/wp\/v2\/posts"}],"about":[{"href":"https:\/\/www.europesays.com\/fr\/wp-json\/wp\/v2\/types\/post"}],"author":[{"embeddable":true,"href":"https:\/\/www.europesays.com\/fr\/wp-json\/wp\/v2\/users\/2"}],"replies":[{"embeddable":true,"href":"https:\/\/www.europesays.com\/fr\/wp-json\/wp\/v2\/comments?post=361813"}],"version-history":[{"count":0,"href":"https:\/\/www.europesays.com\/fr\/wp-json\/wp\/v2\/posts\/361813\/revisions"}],"wp:featuredmedia":[{"embeddable":true,"href":"https:\/\/www.europesays.com\/fr\/wp-json\/wp\/v2\/media\/361814"}],"wp:attachment":[{"href":"https:\/\/www.europesays.com\/fr\/wp-json\/wp\/v2\/media?parent=361813"}],"wp:term":[{"taxonomy":"category","embeddable":true,"href":"https:\/\/www.europesays.com\/fr\/wp-json\/wp\/v2\/categories?post=361813"},{"taxonomy":"post_tag","embeddable":true,"href":"https:\/\/www.europesays.com\/fr\/wp-json\/wp\/v2\/tags?post=361813"}],"curies":[{"name":"wp","href":"https:\/\/api.w.org\/{rel}","templated":true}]}}