{"id":361819,"date":"2025-09-02T22:31:13","date_gmt":"2025-09-02T22:31:13","guid":{"rendered":"https:\/\/www.europesays.com\/fr\/361819\/"},"modified":"2025-09-02T22:31:13","modified_gmt":"2025-09-02T22:31:13","slug":"%f0%9f%87%ab%f0%9f%87%b7-montpellier-un-guineen-sous-oqtf-detruit-les-retroviseurs-dune-vingtaine-de-voitures-avant-de-frapper-un-policier","status":"publish","type":"post","link":"https:\/\/www.europesays.com\/fr\/361819\/","title":{"rendered":"\ud83c\uddeb\ud83c\uddf7 Montpellier. Un guin\u00e9en sous OQTF d\u00e9truit les r\u00e9troviseurs d\u2019une vingtaine de voitures avant de frapper un policier"},"content":{"rendered":"<p>\u00c0 Montpellier, un Guin\u00e9en de 39 ans, sans domicile fixe et sous OQTF, a d\u00e9grad\u00e9 une vingtaine de v\u00e9hicules dans la nuit du 30 au 31 ao\u00fbt. Interpell\u00e9 en flagrant d\u00e9lit, il a frapp\u00e9 un policier et sera jug\u00e9 en comparution imm\u00e9diate.<\/p>\n<p><img loading=\"lazy\" data-recalc-dims=\"1\" decoding=\"async\" width=\"640\" height=\"458\" data-attachment-id=\"230953\" data-permalink=\"https:\/\/policeetrealites.com\/oqtf-2\/\" data-orig-file=\"https:\/\/i0.wp.com\/policeetrealites.com\/wp-content\/uploads\/2025\/01\/OQTF.jpg?fit=1024%2C733&amp;ssl=1\" data-orig-size=\"1024,733\" data-comments-opened=\"1\" data-image-meta=\"{&quot;aperture&quot;:&quot;0&quot;,&quot;credit&quot;:&quot;&quot;,&quot;camera&quot;:&quot;&quot;,&quot;caption&quot;:&quot;&quot;,&quot;created_timestamp&quot;:&quot;0&quot;,&quot;copyright&quot;:&quot;&quot;,&quot;focal_length&quot;:&quot;0&quot;,&quot;iso&quot;:&quot;0&quot;,&quot;shutter_speed&quot;:&quot;0&quot;,&quot;title&quot;:&quot;&quot;,&quot;orientation&quot;:&quot;0&quot;}\" data-image-title=\"OQTF\" data-image-description=\"\" data-image-caption=\"\" data-medium-file=\"https:\/\/i0.wp.com\/policeetrealites.com\/wp-content\/uploads\/2025\/01\/OQTF.jpg?fit=300%2C215&amp;ssl=1\" data-large-file=\"https:\/\/i0.wp.com\/policeetrealites.com\/wp-content\/uploads\/2025\/01\/OQTF.jpg?fit=640%2C458&amp;ssl=1\" src=\"https:\/\/www.europesays.com\/fr\/wp-content\/uploads\/2025\/09\/OQTF.jpg\" alt=\"\" class=\"wp-image-230953\"  \/><\/p>\n<p>Des r\u00e9troviseurs bris\u00e9s en s\u00e9rie dans la nuit<\/p>\n<p class=\"p3\">Selon les informations du <a href=\"https:\/\/www.midilibre.fr\/2025\/09\/02\/il-degrade-les-retroviseurs-dune-vingtaine-de-voitures-stationnees-a-montpellier-sous-le-coup-de-lalcool-et-de-la-colere-12904595.php\" target=\"_blank\" rel=\"noreferrer noopener nofollow\">Midi libre<\/a>, dans la nuit du samedi 30 au dimanche 31 ao\u00fbt, avenue Charles-Flahault, entre les quartiers Boutonnet et Saint-\u00c9loi \u00e0 Montpellier, une vingtaine de voitures stationn\u00e9es ont \u00e9t\u00e9 vandalis\u00e9es. Les r\u00e9troviseurs ont \u00e9t\u00e9 volontairement bris\u00e9s par un homme en \u00e9tat d\u2019\u00e9bri\u00e9t\u00e9, qui a expliqu\u00e9 aux policiers avoir agi sous l\u2019effet de \u201cla col\u00e8re et de l\u2019alcool\u201d.<\/p>\n<p>Interpell\u00e9 en flagrant d\u00e9lit<\/p>\n<p class=\"p3\">Alert\u00e9es par un t\u00e9moin, les forces de l\u2019ordre sont rapidement intervenues et ont surpris l\u2019individu en pleine d\u00e9gradation. Lors de son arrestation, l\u2019homme s\u2019est rebell\u00e9 et a port\u00e9 un coup de poing \u00e0 un policier.<\/p>\n<p>Le profil de l\u2019auteur des faits<\/p>\n<p class=\"p3\">Le mis en cause est un ressortissant guin\u00e9en \u00e2g\u00e9 de 39 ans, sans domicile fixe depuis 2020. D\u00e9j\u00e0 vis\u00e9 par une obligation de quitter le territoire fran\u00e7ais (OQTF), il a \u00e9t\u00e9 plac\u00e9 en garde \u00e0 vue. Dimanche 31 ao\u00fbt, il a \u00e9t\u00e9 d\u00e9f\u00e9r\u00e9 en vue d\u2019une comparution imm\u00e9diate devant le tribunal correctionnel de Montpellier.<\/p>\n<p>Plusieurs victimes portent plainte<\/p>\n<p class=\"p3\">La police nationale a pris contact avec les propri\u00e9taires des v\u00e9hicules endommag\u00e9s. Une dizaine d\u2019entre eux s\u2019est d\u00e9j\u00e0 pr\u00e9sent\u00e9e au commissariat pour d\u00e9poser plainte. Le nombre total de victimes pourrait encore augmenter dans les prochains jours.<\/p>\n<p>Un proc\u00e8s attendu en comparution imm\u00e9diate<\/p>\n<p class=\"p3\">L\u2019homme devra r\u00e9pondre devant la justice de d\u00e9gradations volontaires aggrav\u00e9es et de violences sur personne d\u00e9positaire de l\u2019autorit\u00e9 publique.<\/p>\n<p>J\u2019aime \u00e7a\u00a0:<\/p>\n<p>J\u2019aime chargement\u2026<\/p>\n<p><a class=\"sd-link-color\"\/><\/p>\n<p>\tEn savoir plus sur Police &amp; R\u00e9alit\u00e9s<\/p>\n<p class=\"has-text-align-center\" style=\"margin-top:10px;margin-bottom:10px;font-size:15px\">Subscribe to get the latest posts sent to your email.<\/p>\n<p>\t\tContinue Reading<\/p>\n","protected":false},"excerpt":{"rendered":"\u00c0 Montpellier, un Guin\u00e9en de 39 ans, sans domicile fixe et sous OQTF, a d\u00e9grad\u00e9 une vingtaine de&hellip;\n","protected":false},"author":2,"featured_media":361820,"comment_status":"","ping_status":"","sticky":false,"template":"","format":"standard","meta":{"footnotes":""},"categories":[9599],"tags":[1111,11,1777,674,1011,27,2208,12,2680,25],"class_list":{"0":"post-361819","1":"post","2":"type-post","3":"status-publish","4":"format-standard","5":"has-post-thumbnail","7":"category-montpellier","8":"tag-actu","9":"tag-actualites","10":"tag-eu","11":"tag-europe","12":"tag-fr","13":"tag-france","14":"tag-montpellier","15":"tag-news","16":"tag-occitanie","17":"tag-republique-francaise"},"share_on_mastodon":{"url":"https:\/\/pubeurope.com\/@fr\/115137078152034009","error":""},"_links":{"self":[{"href":"https:\/\/www.europesays.com\/fr\/wp-json\/wp\/v2\/posts\/361819","targetHints":{"allow":["GET"]}}],"collection":[{"href":"https:\/\/www.europesays.com\/fr\/wp-json\/wp\/v2\/posts"}],"about":[{"href":"https:\/\/www.europesays.com\/fr\/wp-json\/wp\/v2\/types\/post"}],"author":[{"embeddable":true,"href":"https:\/\/www.europesays.com\/fr\/wp-json\/wp\/v2\/users\/2"}],"replies":[{"embeddable":true,"href":"https:\/\/www.europesays.com\/fr\/wp-json\/wp\/v2\/comments?post=361819"}],"version-history":[{"count":0,"href":"https:\/\/www.europesays.com\/fr\/wp-json\/wp\/v2\/posts\/361819\/revisions"}],"wp:featuredmedia":[{"embeddable":true,"href":"https:\/\/www.europesays.com\/fr\/wp-json\/wp\/v2\/media\/361820"}],"wp:attachment":[{"href":"https:\/\/www.europesays.com\/fr\/wp-json\/wp\/v2\/media?parent=361819"}],"wp:term":[{"taxonomy":"category","embeddable":true,"href":"https:\/\/www.europesays.com\/fr\/wp-json\/wp\/v2\/categories?post=361819"},{"taxonomy":"post_tag","embeddable":true,"href":"https:\/\/www.europesays.com\/fr\/wp-json\/wp\/v2\/tags?post=361819"}],"curies":[{"name":"wp","href":"https:\/\/api.w.org\/{rel}","templated":true}]}}