{"id":361825,"date":"2025-09-02T22:35:12","date_gmt":"2025-09-02T22:35:12","guid":{"rendered":"https:\/\/www.europesays.com\/fr\/361825\/"},"modified":"2025-09-02T22:35:12","modified_gmt":"2025-09-02T22:35:12","slug":"stele-hommage-aux-animaux-morts-pour-les-guerres-discours-de-sandra-krief-%e2%8b%86-savoir-animal","status":"publish","type":"post","link":"https:\/\/www.europesays.com\/fr\/361825\/","title":{"rendered":"st\u00e8le hommage aux animaux morts pour les guerres. Discours de Sandra krief \u00a0 \u22c6 Savoir Animal"},"content":{"rendered":"<p>Mesdames et Messieurs, Chers amies, chers amis<\/p>\n<p>Nous sommes r\u00e9unis ici pour un moment exceptionnel et profond\u00e9ment symbolique. En tant qu\u2019adjointe au maire de Grenoble, d\u00e9l\u00e9gu\u00e9e \u00e0 la Condition animale, je me tiens devant vous, avec une \u00e9motion certaine, pour<strong> inaugurer cette st\u00e8le comm\u00e9morative en hommage aux animaux ayant servi et p\u00e9ri pour la France.<\/strong><\/p>\n<p>Ce geste marquant n\u2019est pas simplement une plaque de plexiglass, mais un <strong>v\u00e9ritable cri de reconnaissance pour des \u00eatres vivants qui, sans choix, ont partag\u00e9 les horreurs des conflits arm\u00e9s \u00e0 nos c\u00f4t\u00e9s.<\/strong><\/p>\n<p>Depuis des si\u00e8cles, les animaux ont \u00e9t\u00e9 nos compagnons de bataille, nos \u00e9claireurs, nos messagers, nos meilleurs alli\u00e9s, les plus innocents et d\u00e9vou\u00e9s.<\/p>\n<p>Ils ont support\u00e9 des conditions extr\u00eames, affront\u00e9 les dangers du front, et trop souvent, ils ont pay\u00e9 le prix de leur vie pour des combats qui n\u2019\u00e9taient pas les leurs.<\/p>\n<p>Pendant les deux guerres mondiales, des millions d\u2019entre eux ont \u00e9t\u00e9 r\u00e9quisitionn\u00e9s. <strong>Des pigeons, des chevaux, des chiens,<\/strong> tous unis par un destin commun tragique.<\/p>\n<p>Saviez-vous qu\u2019environ <strong>8 millions de chevaux ont \u00e9t\u00e9 mobilis\u00e9s durant la Premi\u00e8re Guerre mondiale,<\/strong> dont pr\u00e8s d\u2019un million pour l\u2019arm\u00e9e fran\u00e7aise ?<\/p>\n<p>Mais <strong>la majorit\u00e9 d\u2019entre eux n\u2019est jamais revenue<\/strong>, victimes des combats, de la malnutrition et de l\u2019\u00e9puisement.<\/p>\n<p><strong>Plus de 20 000 chiens ont servi<\/strong>, jouant des r\u00f4les cruciaux, comme d\u00e9tecteurs de mines ou \u00e9claireurs, sauvant ainsi d\u2019innombrables vies humaines.<\/p>\n<p>Aujourd\u2019hui, je pense aussi \u00e0 <strong>\u201cCher Ami\u201d, ce pigeon h\u00e9ro\u00efque<\/strong> qui a permis de sauver 194 soldats am\u00e9ricains en transmettant un message essentiel.<\/p>\n<p>Permettez-moi de rendre aussi hommage \u00e0 <strong>Magawa, un rat de Gambie<\/strong>, form\u00e9 et utilis\u00e9 jusqu\u2019en 2021 au Cambodge pour d\u00e9miner\u00a0des\u00a0terrains contamin\u00e9s\u00a0\u00a0\u00a0\u00a0\u00a0 par\u00a0des\u00a0\u00a0mines\u00a0anti personnelles. Gr\u00e2ce \u00e0 son intelligence et \u00e0 son odorat exceptionnel, il a permis de sauver un grand nombre de vies humaines et de rendre des terres inutilisables aux habitants, en d\u00e9tectant plus de 100 mines et engins explosifs non explos\u00e9s, d\u00e9minant l\u2019\u00e9quivalent d\u2019un terrain de football en seulement 20 minutes.<\/p>\n<p><strong>Cette reconnaissance faite aux animaux existe dans de nombreux pays<\/strong>, ainsi, en 2020, Magawa a \u00e9t\u00e9 honor\u00e9 de la m\u00e9daille PDSA (c\u2019est une r\u00e9compense britannique de renomm\u00e9e mondiale et remise \u00e0 un animal qui vise \u00e0 souligner sa \u00ab bravoure et son d\u00e9vouement face au devoir), devenant ainsi le premier rat \u00e0 recevoir cette distinction. Bien qu\u2019il ait pris sa retraite en 2021, son h\u00e9ritage perdure, montrant que m\u00eame les animaux les plus d\u00e9nigr\u00e9s et rejet\u00e9s par l\u2019humain aujourd\u2019hui, peuvent avoir un impact significatif et redonner espoir aux communaut\u00e9s touch\u00e9es par les conflits arm\u00e9s.<\/p>\n<p><strong>Aujourd\u2019hui, nous ne faisons pas que rendre hommage \u00e0 leur sacrifice. Nous affirmons notre devoir de m\u00e9moire.<\/strong><\/p>\n<p>En tant que soci\u00e9t\u00e9, nous avons la responsabilit\u00e9 et le devoir de ne pas oublier ceux qui ont souffert pour notre libert\u00e9, qu\u2019il s\u2019agisse d\u2019\u00eatres humains ou d\u2019animaux, qui auront dor\u00e9navant un lieu de comm\u00e9moration \u00e0 Grenoble.<\/p>\n<p>Nous honorons ainsi leur intelligence, leur loyaut\u00e9, leur courage et leur d\u00e9vouement exceptionnel au devoir allant jusqu\u2019\u00e0 donner leur vie aux humains qu\u2019ils aimaient.<\/p>\n<p>Cet hommage ne se substitue pas \u00e0 celui que la Nation rend \u00e0 ses soldats, mais s\u2019y additionne, \u00e9largissant de ce fait notre m\u00e9moire collective.<\/p>\n<p><strong>Environ 16 millions d\u2019animaux ont perdu la vie au cours de la Premi\u00e8re Guerre mondiale<\/strong>. Leur souffrance, leur sacrifice, m\u00e9ritent aussi notre reconnaissance.<\/p>\n<p><strong>Cette st\u00e8le est \u00e9galement une opportunit\u00e9 de sensibilisation et d\u2019\u00e9ducation.<\/strong> Elle nous permet de reconnaitre l\u2019extraordinaire contribution des animaux \u00e0 la soci\u00e9t\u00e9 humaine, c\u00e9l\u00e9brant cette relation si forte et particuli\u00e8re qui existe entre animaux et humains. Elle nous rappelle l\u2019importance vitale de notre relation avec les autres animaux et les r\u00f4les souvent invisibles qu\u2019ils ont jou\u00e9s dans notre histoire et qu\u2019ils jouent au pr\u00e9sent.<\/p>\n<p>Une plaque comm\u00e9morative peut \u00eatre un puissant outil p\u00e9dagogique, \u00e9veillant les consciences et inspirant des r\u00e9flexions sur notre responsabilit\u00e9 envers toutes les vies sentientes.<\/p>\n<p>Aujourd\u2019hui, en 2025, en France, <strong>la majeure partie de la population fran\u00e7aise soutient les mesures en faveur de la protection animale.<\/strong> Ce soutien grandissant t\u00e9moigne d\u2019une \u00e9volution de notre soci\u00e9t\u00e9, qui commence \u00e0 reconna\u00eetre la valeur de toutes les vies, y compris celles des animaux qui ont servi notre nation.<\/p>\n<p>En conclusion, l\u2019installation de cette st\u00e8le est un<strong> geste profond\u00e9ment symbolique.<\/strong> Elle reconna\u00eet non seulement le sacrifice des animaux, mais \u00e9galement leur place dans notre histoire. Cet hommage rappelle que la m\u00e9moire collective doit inclure tous ceux qui, sans d\u00e9fense ni choix, ont partag\u00e9 les dangers du front avec nous.<\/p>\n<p><strong>En honorant leur m\u00e9moire aujourd\u2019hui, nous nous engageons \u00e0 ne jamais oublier leur contribution. Ensemble, faisons en sorte que leur sacrifice ne soit jamais oubli\u00e9, et pers\u00e9v\u00e9rons dans la d\u00e9fense des droits de tous les \u00eatres sensibles et conscients, qui continuent \u00e0 \u00eatre exploit\u00e9s et \u00e0 souffrir par millions chaque jour en France et par milliards dans le monde.<\/strong><\/p>\n<p><strong>Aujourd\u2019hui, nous faisons un pas de plus vers un avenir o\u00f9 la compassion et le respect pour toutes les vies sont au c\u0153ur de nos valeurs. Un pas suppl\u00e9mentaire vers une \u00e9l\u00e9vation du statut des animaux dans la soci\u00e9t\u00e9, vers une reconnaissance de leur droit \u00e0 exister et vivre pour eux-m\u00eames.<\/strong><\/p>\n<p>Je vous remercie.<\/p>\n<p>&#13;<br \/>\n\t\t\t\t Post Views: 68&#13;\n\t\t\t<\/p>\n<p><img loading=\"lazy\" decoding=\"async\" width=\"120\" height=\"121\" src=\"https:\/\/www.europesays.com\/fr\/wp-content\/uploads\/2025\/09\/sandra-120x121.jpg\" class=\"attachment-120x121 size-120x121\" alt=\"\" itemprop=\"image\"  \/><\/p>\n<p>Sandra Krief<\/p>\n<p>Adjointe au maire de Grenoble<br \/>Co-pr\u00e9sidente du Parti Animaliste<\/p>\n","protected":false},"excerpt":{"rendered":"Mesdames et Messieurs, Chers amies, chers amis Nous sommes r\u00e9unis ici pour un moment exceptionnel et profond\u00e9ment symbolique.&hellip;\n","protected":false},"author":2,"featured_media":361826,"comment_status":"","ping_status":"","sticky":false,"template":"","format":"standard","meta":{"footnotes":""},"categories":[9566],"tags":[1111,11,2430,1777,674,1011,27,2731,12,25],"class_list":{"0":"post-361825","1":"post","2":"type-post","3":"status-publish","4":"format-standard","5":"has-post-thumbnail","7":"category-grenoble","8":"tag-actu","9":"tag-actualites","10":"tag-auvergne-rhone-alpes","11":"tag-eu","12":"tag-europe","13":"tag-fr","14":"tag-france","15":"tag-grenoble","16":"tag-news","17":"tag-republique-francaise"},"share_on_mastodon":{"url":"https:\/\/pubeurope.com\/@fr\/115137093611107977","error":""},"_links":{"self":[{"href":"https:\/\/www.europesays.com\/fr\/wp-json\/wp\/v2\/posts\/361825","targetHints":{"allow":["GET"]}}],"collection":[{"href":"https:\/\/www.europesays.com\/fr\/wp-json\/wp\/v2\/posts"}],"about":[{"href":"https:\/\/www.europesays.com\/fr\/wp-json\/wp\/v2\/types\/post"}],"author":[{"embeddable":true,"href":"https:\/\/www.europesays.com\/fr\/wp-json\/wp\/v2\/users\/2"}],"replies":[{"embeddable":true,"href":"https:\/\/www.europesays.com\/fr\/wp-json\/wp\/v2\/comments?post=361825"}],"version-history":[{"count":0,"href":"https:\/\/www.europesays.com\/fr\/wp-json\/wp\/v2\/posts\/361825\/revisions"}],"wp:featuredmedia":[{"embeddable":true,"href":"https:\/\/www.europesays.com\/fr\/wp-json\/wp\/v2\/media\/361826"}],"wp:attachment":[{"href":"https:\/\/www.europesays.com\/fr\/wp-json\/wp\/v2\/media?parent=361825"}],"wp:term":[{"taxonomy":"category","embeddable":true,"href":"https:\/\/www.europesays.com\/fr\/wp-json\/wp\/v2\/categories?post=361825"},{"taxonomy":"post_tag","embeddable":true,"href":"https:\/\/www.europesays.com\/fr\/wp-json\/wp\/v2\/tags?post=361825"}],"curies":[{"name":"wp","href":"https:\/\/api.w.org\/{rel}","templated":true}]}}