{"id":361827,"date":"2025-09-02T22:36:37","date_gmt":"2025-09-02T22:36:37","guid":{"rendered":"https:\/\/www.europesays.com\/fr\/361827\/"},"modified":"2025-09-02T22:36:37","modified_gmt":"2025-09-02T22:36:37","slug":"journees-europeennes-du-matrimoine-et-du-patrimoine-visites-des-oeuvres-du-campus-villejean","status":"publish","type":"post","link":"https:\/\/www.europesays.com\/fr\/361827\/","title":{"rendered":"Journ\u00e9es Europ\u00e9ennes du Matrimoine et du Patrimoine &#8211; Visites des \u0153uvres du campus Villejean"},"content":{"rendered":"<p><a href=\"https:\/\/www.billetweb.fr\/journees-du-patrimoine-et-du-matrimoine-les-oeuvres-du-campus-villejean1\" rel=\"nofollow noopener\" target=\"_blank\">R\u00c9SERVER SA PLACE<\/a><\/p>\n<p>Les \u0153uvres du\u00a0campus VillejeanVisites comment\u00e9es par une \u00e9tudiante et un \u00e9tudiant du master M\u00e9diation du Patrimoine, de l\u2019Histoire et des Territoires<\/p>\n<p><strong>Dans le cadre des Journ\u00e9es Europ\u00e9ennes du Matrimoine et du Patrimoine<\/strong><\/p>\n<p>Cr\u00e9\u00e9es en 1984 par le minist\u00e8re de la Culture, les Journ\u00e9es europ\u00e9ennes du Patrimoine ont pour objectif de montrer au plus grand nombre la richesse extraordinaire de notre patrimoine au travers de rendez-vous in\u00e9dits, de visites insolites, et d\u2019ouvertures exceptionnelles.<\/p>\n<p>Cette \u00e9dition 2025 mettra \u00e0 l\u2019honneur le \u00ab Patrimoine architectural \u00bb, invitant \u00e0 poser un regard renouvel\u00e9 sur les formes, les mat\u00e9riaux et les histoires qui fa\u00e7onnent nos lieux de vie.<\/p>\n<p>\u00c0 cette occasion, le service culturel et le master M\u00e9diation du Patrimoine, de l\u2019Histoire et des Territoires (MPHT) ont con\u00e7u \u00ab Avez-vous d\u00e9j\u00e0 vu l&rsquo;art \u00e0 Rennes 2 ? \u00bb, un <strong>circuit comment\u00e9 des \u0153uvres d\u2019art visibles sur le campus Villejean<\/strong>.<\/p>\n<p>Laissez-vous guider par l&rsquo;\u00e9tudiante Lisa Loizeau et l&rsquo;\u00e9tudiant Madeg Briand, qui assureront les temps de m\u00e9diation.<\/p>\n<p><strong>Le parcours en LSF<\/strong><\/p>\n<p>Les \u0153uvres d\u2019art sur les campus Villejean, La Harpe et Mazier disposent d\u2019une pr\u00e9sentation en Langues des Signes Fran\u00e7aises.<\/p>\n<p><strong>Programme des visites<\/strong><\/p>\n<p>Vendredi 19 septembre : 13h \u00e0 13h45 (r\u00e9serv\u00e9e \u00e0 la communaut\u00e9 universitaire)<br \/>Samedi 20 septembre : 14h \u00e0 15h (tous publics)<br \/>Dimanche 21 septembre : 11h \u00e0 12h (tous publics)<\/p>\n","protected":false},"excerpt":{"rendered":"R\u00c9SERVER SA PLACE Les \u0153uvres du\u00a0campus VillejeanVisites comment\u00e9es par une \u00e9tudiante et un \u00e9tudiant du master M\u00e9diation du&hellip;\n","protected":false},"author":2,"featured_media":361828,"comment_status":"","ping_status":"","sticky":false,"template":"","format":"standard","meta":{"footnotes":""},"categories":[2821],"tags":[1111,11,829,1777,674,1011,27,12,584,25],"class_list":{"0":"post-361827","1":"post","2":"type-post","3":"status-publish","4":"format-standard","5":"has-post-thumbnail","7":"category-rennes","8":"tag-actu","9":"tag-actualites","10":"tag-bretagne","11":"tag-eu","12":"tag-europe","13":"tag-fr","14":"tag-france","15":"tag-news","16":"tag-rennes","17":"tag-republique-francaise"},"share_on_mastodon":{"url":"https:\/\/pubeurope.com\/@fr\/115137097501352937","error":""},"_links":{"self":[{"href":"https:\/\/www.europesays.com\/fr\/wp-json\/wp\/v2\/posts\/361827","targetHints":{"allow":["GET"]}}],"collection":[{"href":"https:\/\/www.europesays.com\/fr\/wp-json\/wp\/v2\/posts"}],"about":[{"href":"https:\/\/www.europesays.com\/fr\/wp-json\/wp\/v2\/types\/post"}],"author":[{"embeddable":true,"href":"https:\/\/www.europesays.com\/fr\/wp-json\/wp\/v2\/users\/2"}],"replies":[{"embeddable":true,"href":"https:\/\/www.europesays.com\/fr\/wp-json\/wp\/v2\/comments?post=361827"}],"version-history":[{"count":0,"href":"https:\/\/www.europesays.com\/fr\/wp-json\/wp\/v2\/posts\/361827\/revisions"}],"wp:featuredmedia":[{"embeddable":true,"href":"https:\/\/www.europesays.com\/fr\/wp-json\/wp\/v2\/media\/361828"}],"wp:attachment":[{"href":"https:\/\/www.europesays.com\/fr\/wp-json\/wp\/v2\/media?parent=361827"}],"wp:term":[{"taxonomy":"category","embeddable":true,"href":"https:\/\/www.europesays.com\/fr\/wp-json\/wp\/v2\/categories?post=361827"},{"taxonomy":"post_tag","embeddable":true,"href":"https:\/\/www.europesays.com\/fr\/wp-json\/wp\/v2\/tags?post=361827"}],"curies":[{"name":"wp","href":"https:\/\/api.w.org\/{rel}","templated":true}]}}