{"id":361829,"date":"2025-09-02T22:37:34","date_gmt":"2025-09-02T22:37:34","guid":{"rendered":"https:\/\/www.europesays.com\/fr\/361829\/"},"modified":"2025-09-02T22:37:34","modified_gmt":"2025-09-02T22:37:34","slug":"des-centaines-detudiants-dans-lattente-de-lattribution-de-leur-bourse-a-rennes-le-crous-bretagne-repond","status":"publish","type":"post","link":"https:\/\/www.europesays.com\/fr\/361829\/","title":{"rendered":"Des \u00ab\u00a0centaines d&rsquo;\u00e9tudiants\u00a0\u00bb dans l&rsquo;attente de l&rsquo;attribution de leur bourse \u00e0 Rennes : le Crous Bretagne r\u00e9pond"},"content":{"rendered":"<p>            Par<br \/>\n        <strong><br \/>\n            <a href=\"https:\/\/actu.fr\/auteur\/brian-legoff\" title=\"Consulter tous les articles de Brian Le Goff\" target=\"_blank\" rel=\"noopener\">Brian Le Goff<\/a><br \/>\n        <\/strong><\/p>\n<p>        Publi\u00e9 le<\/p>\n<p>            2 sept. 2025 \u00e0 16h34        <\/p>\n<p>Le <strong>stress de la rentr\u00e9e est exacerb\u00e9 par l\u2019inqui\u00e9tude<\/strong> autour de l\u2019attribution de bourse pour des centaines d\u2019<a href=\"https:\/\/actu.fr\/tag\/etudiantses\" target=\"_blank\" rel=\"noopener\">\u00e9tudiants<\/a> \u00e0 Rennes. C\u2019est ce que <strong>d\u00e9nonce<\/strong> depuis quelques jours le syndicat \u00e9tudiant <strong>Union Pirate<\/strong>. \u00ab\u2009On a commenc\u00e9 \u00e0 recevoir des t\u00e9moignages et, quand on en a parl\u00e9 davantage, on a re\u00e7u encore plus de messages\u2009\u00bb, explique <strong>Fanny Le Nu\u00e9<\/strong>, membre du syndicat, et <strong>Yeltas Panhaleux<\/strong>, vice-pr\u00e9sident \u00e9tudiant au <a href=\"https:\/\/actu.fr\/tag\/crous\" target=\"_blank\" rel=\"noopener\">Crous<\/a> Bretagne.<\/p>\n<p>Un nouveau logiciel pas au point<\/p>\n<p class=\" wall-content\">Concr\u00e8tement, \u00e0 la fin du printemps, tous les \u00e9tudiants ont commenc\u00e9 \u00e0 remplir leur <strong>dossier social \u00e9tudiant (DSE)<\/strong>. Pour certains, pas de probl\u00e8me a priori. Mais, pour d\u2019autres, cela a pos\u00e9 souci. \u00ab\u2009En fait, cette ann\u00e9e, un<strong> nouveau logiciel<\/strong> a \u00e9t\u00e9 mis en place et il a \u00e9t\u00e9<strong> tr\u00e8s difficile d\u00e8s le d\u00e9part d\u2019ajouter les pi\u00e8ces justificatives<\/strong> aux dossiers.\u2009\u00bb<\/p>\n<p class=\" wall-content\">Ainsi, dans tous les cas, des \u00e9tudiants ont re\u00e7u leur notification conditionnelle d\u2019attribution de bourse, mais <strong>attendent encore leur notification d\u00e9finitive de bourse<\/strong>. \u00ab\u2009Il y a aussi des \u00e9tudiants qui n\u2019ont m\u00eame pas re\u00e7u leur notification conditionnelle. C\u2019est mon cas\u2009\u00bb, t\u00e9moigne cet \u00e9tudiant, membre de l\u2019Union Pirate.<\/p>\n<p>Des \u00e9tudiants sans ressource avec des frais \u00e0 payer \u00e0 la rentr\u00e9e<\/p>\n<p class=\" wall-content\">La<strong> notification d\u00e9finitive est une preuve pour b\u00e9n\u00e9ficier des tarifs sociaux,<\/strong> comme dans les transports en commun, et obtenir le versement de leur bourse. \u00ab\u2009N\u00e9anmoins, avec les probl\u00e8mes rencontr\u00e9s et la non-r\u00e9ception de bourse, des centaines d\u2019\u00e9tudiants n\u2019ont pas encore de ressource financi\u00e8re pour d\u00e9buter leur ann\u00e9e scolaire et, pire, ont d\u00fb avancer des frais \u00e0 plein tarif\u2009\u00bb, constate le syndicat \u00e9tudiant Union Pirate.<\/p>\n<blockquote class=\"ac-article-quote wall-content\">\n<p>La rentr\u00e9e \u00e0 l&rsquo;universit\u00e9 Rennes 2 a d\u00e9marr\u00e9 lundi 1\u1d49\u02b3 septembre. Pour ceux qui n&rsquo;ont pas re\u00e7u de notification d\u00e9finitive d&rsquo;attribution de bourse, les frais d&rsquo;inscription doivent \u00eatre pay\u00e9s. En licence, cela co\u00fbte 170 euros. En master, 240 euros. Derri\u00e8re, il y a encore la contribution \u00e0 la vie \u00e9tudiante et de campus qui s&rsquo;\u00e9l\u00e8ve \u00e0 une centaine d&rsquo;euros. Comment font les \u00e9tudiants boursiers qui n&rsquo;ont rien eu ? C&rsquo;est tr\u00e8s stressant quand il faut g\u00e9rer l&rsquo;achat de la nourriture, le paiement d&rsquo;un loyer, les d\u00e9penses annexes, comme pour des fournitures.<\/p>\n<p>    <strong>Syndicat \u00e9tudiant Union Pirate<\/strong>\n            <\/p><\/blockquote>\n<p class=\" wall-content\">Face \u00e0 cette situation, sollicit\u00e9 par <strong>actu Rennes<\/strong>, le Crous Bretagne explique que les <strong>personnels ont \u00e9t\u00e9 mobilis\u00e9s<\/strong> tout l\u2019\u00e9t\u00e9 pour permettre aux \u00e9tudiants de recevoir leur bourse \u00e0 partir de la fin ao\u00fbt\u2009: \u00ab\u2009Pr\u00e8s de <strong>40\u2009000 dossiers ont \u00e9t\u00e9 \u00e9tudi\u00e9s<\/strong> en quelques semaines\u2009\u00bb.<\/p>\n<p>Votre r\u00e9gion, votre actu !<\/p>\n<p>Recevez chaque jour les infos qui comptent pour vous.<\/p>\n<p>\t<a href=\"https:\/\/actu.fr\/newsletter\" class=\"ac-btn ac-btn--corner ac-btn--medium ac-btn--blue800\" target=\"_blank\" rel=\"noopener\">S&rsquo;incrire<\/a><br \/>\n\u00ab\u2009Premier versement de bourse engag\u00e9 cette semaine\u2009\u00bb<\/p>\n<p class=\" wall-content\">Selon le Crous, <strong>80\u2009% <\/strong>des <strong>dossiers <\/strong>d\u00e9pos\u00e9s ont \u00e9t\u00e9<strong> trait\u00e9s<\/strong> \u00e0 ce jour. \u00ab\u2009La <strong>totalit\u00e9 des \u00e9tudiants<\/strong> ayant un dossier complet (et rempli dans les d\u00e9lais de la campagne) <strong>re\u00e7oivent, <\/strong>cette semaine, leur <strong>notification d\u00e9finitive<\/strong> d\u2019attribution\u2009; leur<strong> premier versement<\/strong> de bourse a \u00e9galement \u00e9t\u00e9<strong> engag\u00e9 cette semaine<\/strong>.\u2009\u00bb<\/p>\n<p class=\" wall-content\">Pour les dossiers encore en cours de traitement, une d\u00e9cision d\u2019attribution conditionnelle (confirmation d\u2019inscription par exemple) a \u00e9t\u00e9 obtenue, poursuit l\u2019organisme. Pour les autres, \u00ab\u2009ils sont soit en attente de pi\u00e8ces justificatives, n\u00e9cessaires pour leur notifier la d\u00e9cision, soit arriv\u00e9s hors d\u00e9lais (et n\u2019ont donc pas \u00e9t\u00e9 trait\u00e9s en priorit\u00e9)\u2009\u00bb.<\/p>\n<p class=\" wall-content\">Enfin, le Crous Bretagne confirme que cette campagne a \u00e9t\u00e9<strong> \u00ab\u2009marqu\u00e9e par la mise en \u0153uvre d\u2019un nouveau syst\u00e8me<\/strong> d\u2019information de gestion de l\u2019ensemble du DSE (dossier social \u00e9tudiant)\u2009\u00bb.<\/p>\n<blockquote class=\"ac-article-quote wall-content\">\n<p>Cette transformation a pu, pour cette premi\u00e8re ann\u00e9e, entra\u00eener des inqui\u00e9tudes de la part des \u00e9tudiants ayant manqu\u00e9 de visibilit\u00e9 sur leur situation durant l&rsquo;\u00e9t\u00e9. Ces \u00e9l\u00e9ments serviront de retour d&rsquo;exp\u00e9rience pour poursuivre l&rsquo;am\u00e9lioration du service d\u00e8s l&rsquo;ann\u00e9e prochaine.<\/p>\n<p>    <strong>Crous Bretagne<\/strong>\n            <\/p><\/blockquote>\n<p class=\" wall-content\">Apr\u00e8s la r\u00e9ponse du Crous, l\u2019Union Pirate assure que les<strong> \u00e9tudiants concern\u00e9s n\u2019ont pas tous re\u00e7u de relance du Crous<\/strong> pour signifier que leur dossier est incomplet\u2009: \u00ab\u2009On prend les informations des \u00e9tudiants n\u00e9cessaires pour<strong> faire remonter au Crous et lui prouver qu\u2019il ment<\/strong>.\u2009\u00bb<\/p>\n<p>Plusieurs revendications port\u00e9es par les syndicats \u00e9tudiants<\/p>\n<p class=\" wall-content\">En attendant, l\u2019Union \u00e9tudiante et l\u2019Union Pirate revendiquent trois mesures d\u2019urgence aupr\u00e8s du Crous\u2009:<\/p>\n<ul class=\" wall-content\">\n<li>des <strong>repas \u00e0 1\u00a0euro<\/strong> pour tous\u2009;<\/li>\n<li>le <strong>d\u00e9dommagement des frais de transport<\/strong> pour ceux dont l\u2019absence de notification d\u00e9finitive a pu poser un probl\u00e8me pour obtenir les r\u00e9ductions ou transports gratuits\u2009;<\/li>\n<li><strong>pr\u00e9venir universit\u00e9s, \u00e9coles et lyc\u00e9es<\/strong> afin que les \u00e9tudiants ne pouvant pas s\u2019inscrire obtiennent un <strong>d\u00e9lai suppl\u00e9mentaire<\/strong>.<\/li>\n<\/ul>\n<p class=\" wall-content\">Plut\u00f4t que de d\u00e9noncer le Crous comme responsable, les membres du syndicat Union Pirate pointent surtout les probl\u00e8mes rencontr\u00e9s comme \u00ab\u2009la <strong>cons\u00e9quence directe de la pr\u00e9carisation du service public\u2009\u00bb<\/strong>.<\/p>\n<p class=\" wall-content\">Personnalisez votre actualit\u00e9 en ajoutant vos villes et m\u00e9dias en favori avec <a href=\"https:\/\/moncompte.actu.fr\" title=\"D\u00e9couvez Mon Actu\" rel=\"nofollow noopener\" data-trk=\"{&quot;cta&quot;:{&quot;action&quot;:&quot;https:\\\/\\\/moncompte.actu.fr&quot;,&quot;category&quot;:&quot;mon compte&quot;,&quot;from&quot;:&quot;article footer&quot;,&quot;name&quot;:&quot;Mon actu&quot;,&quot;type&quot;:&quot;cta&quot;}}\" target=\"_blank\">Mon Actu<\/a>.<\/p>\n","protected":false},"excerpt":{"rendered":"Par Brian Le Goff Publi\u00e9 le 2 sept. 2025 \u00e0 16h34 Le stress de la rentr\u00e9e est exacerb\u00e9&hellip;\n","protected":false},"author":2,"featured_media":361830,"comment_status":"","ping_status":"","sticky":false,"template":"","format":"standard","meta":{"footnotes":""},"categories":[2821],"tags":[1111,11,829,13684,1064,1777,674,1011,27,12,11090,584,25,104],"class_list":{"0":"post-361829","1":"post","2":"type-post","3":"status-publish","4":"format-standard","5":"has-post-thumbnail","7":"category-rennes","8":"tag-actu","9":"tag-actualites","10":"tag-bretagne","11":"tag-crous","12":"tag-etudiantses","13":"tag-eu","14":"tag-europe","15":"tag-fr","16":"tag-france","17":"tag-news","18":"tag-precarite-etudiante","19":"tag-rennes","20":"tag-republique-francaise","21":"tag-societe"},"share_on_mastodon":{"url":"https:\/\/pubeurope.com\/@fr\/115137101394994455","error":""},"_links":{"self":[{"href":"https:\/\/www.europesays.com\/fr\/wp-json\/wp\/v2\/posts\/361829","targetHints":{"allow":["GET"]}}],"collection":[{"href":"https:\/\/www.europesays.com\/fr\/wp-json\/wp\/v2\/posts"}],"about":[{"href":"https:\/\/www.europesays.com\/fr\/wp-json\/wp\/v2\/types\/post"}],"author":[{"embeddable":true,"href":"https:\/\/www.europesays.com\/fr\/wp-json\/wp\/v2\/users\/2"}],"replies":[{"embeddable":true,"href":"https:\/\/www.europesays.com\/fr\/wp-json\/wp\/v2\/comments?post=361829"}],"version-history":[{"count":0,"href":"https:\/\/www.europesays.com\/fr\/wp-json\/wp\/v2\/posts\/361829\/revisions"}],"wp:featuredmedia":[{"embeddable":true,"href":"https:\/\/www.europesays.com\/fr\/wp-json\/wp\/v2\/media\/361830"}],"wp:attachment":[{"href":"https:\/\/www.europesays.com\/fr\/wp-json\/wp\/v2\/media?parent=361829"}],"wp:term":[{"taxonomy":"category","embeddable":true,"href":"https:\/\/www.europesays.com\/fr\/wp-json\/wp\/v2\/categories?post=361829"},{"taxonomy":"post_tag","embeddable":true,"href":"https:\/\/www.europesays.com\/fr\/wp-json\/wp\/v2\/tags?post=361829"}],"curies":[{"name":"wp","href":"https:\/\/api.w.org\/{rel}","templated":true}]}}