{"id":361831,"date":"2025-09-02T22:38:12","date_gmt":"2025-09-02T22:38:12","guid":{"rendered":"https:\/\/www.europesays.com\/fr\/361831\/"},"modified":"2025-09-02T22:38:12","modified_gmt":"2025-09-02T22:38:12","slug":"strasbourg-fete-les-10-ans-du-projet-urbain-deux-rives","status":"publish","type":"post","link":"https:\/\/www.europesays.com\/fr\/361831\/","title":{"rendered":"Strasbourg f\u00eate les 10 ans du projet urbain Deux-Rives"},"content":{"rendered":"<p><strong>Baptis\u00e9e Quartiers libres !, la c\u00e9l\u00e9bration se d\u00e9ploiera comme un v\u00e9ritable village \u00e9ph\u00e9m\u00e8re : visites en bateau, bapt\u00eames de montgolfi\u00e8re, ateliers artistiques, promenades nature, restaurant temporaire\u2026 \u00ab Ce sera l\u2019occasion de montrer au public ce qui a \u00e9t\u00e9 r\u00e9alis\u00e9 et ce qui reste \u00e0 inventer. Mais aussi de partager la fiert\u00e9 collective : en dix ans, malgr\u00e9 un contexte difficile, aucune op\u00e9ration n\u2019a \u00e9t\u00e9 abandonn\u00e9e \u00bb, souligne Jean Werlen, pr\u00e9sident de la SPL Deux-Rives et de SERS Alsace<\/strong>.<\/p>\n<p><strong>Dix ans, quatre quartiers, mille visages<\/strong><\/p>\n<p>Le projet urbain Deux-Rives, c\u2019est bien plus qu\u2019une succession de chantiers. C\u2019est un morceau de ville qui a trouv\u00e9 sa propre respiration, avec quatre quartiers \u00e0 l\u2019identit\u00e9 forte. Citadelle, dont la partie au sud du pont Andr\u00e9 Bord est presque achev\u00e9e, joue la carte d\u2019un quartier insulaire et apais\u00e9. \u00c0 quelques pas, Starlette, encore en cours de r\u00e9alisation, s\u2019\u00e9tire entre une promenade le long du bassin Vauban et le futur parc du Petit Rhin. Plus \u00e0 l\u2019ouest, la Coop, ancien site des coop\u00e9rateurs, se r\u00e9invente en une mani\u00e8re in\u00e9dite de vivre la ville, m\u00ealant habitat, commerces de proximit\u00e9, culture et \u00e9conomie sociale et solidaire. Enfin, le Port du Rhin, marqu\u00e9 par son ouverture vers l\u2019Allemagne, poursuit sa transformation depuis l\u2019arriv\u00e9e du tram en 2017, de nouvelles tours r\u00e9sidentielles et des espaces publics repens\u00e9s. \u00ab La richesse du projet vient de cette diversit\u00e9 d\u2019ambiances et d\u2019architectures. Nous avons maintenu un haut niveau de qualit\u00e9, avec 40 % de logements aid\u00e9s, de nombreux \u00e9quipements publics et une vraie mixit\u00e9 \u00bb, insiste Jean Werlen.<\/p>\n<p><strong>Une f\u00eate, mais aussi un regard vers l\u2019avenir<\/strong><\/p>\n<p>Ces dix ann\u00e9es ont \u00e9t\u00e9 travers\u00e9es par des crises \u00e9conomiques, sociales et sanitaires. \u00ab Les gens \u00e9taient anxieux, mais nous avons tenu bon en mutualisant les co\u00fbts, en travaillant main dans la main avec les promoteurs et les architectes. Aujourd\u2019hui, les habitants d\u00e9couvrent une ville plus \u00e9quitable et d\u00e9sirable \u00bb, poursuit le pr\u00e9sident de la SPL Deux-Rives. Le temps d\u2019un week-end, le public est donc invit\u00e9 \u00e0 c\u00e9l\u00e9brer cette \u00e9tape, \u00e0 rencontrer ceux qui ont fa\u00e7onn\u00e9 le projet et vivent sur le territoire et \u00e0 se projeter dans la suite de l\u2019aventure. Car Strasbourg et le Rhin n\u2019ont pas fini d\u2019\u00e9crire leur histoire commune.<\/p>\n<p><strong>Toutes les activit\u00e9s sont gratuites, certaines sur inscription\u00a0!<\/strong><\/p>\n<p>&#13;<br \/>\n                                            Contenu con\u00e7u et propos\u00e9 par EBRA inspirations&#13;<br \/>\n                        avec societe publique locale deux rives&#13;\n                                    <\/p>\n","protected":false},"excerpt":{"rendered":"Baptis\u00e9e Quartiers libres !, la c\u00e9l\u00e9bration se d\u00e9ploiera comme un v\u00e9ritable village \u00e9ph\u00e9m\u00e8re : visites en bateau, bapt\u00eames&hellip;\n","protected":false},"author":2,"featured_media":361832,"comment_status":"","ping_status":"","sticky":false,"template":"","format":"standard","meta":{"footnotes":""},"categories":[2820],"tags":[1111,11,7884,1777,674,1011,27,775,12,25,640],"class_list":{"0":"post-361831","1":"post","2":"type-post","3":"status-publish","4":"format-standard","5":"has-post-thumbnail","7":"category-strasbourg","8":"tag-actu","9":"tag-actualites","10":"tag-articles-partenaires","11":"tag-eu","12":"tag-europe","13":"tag-fr","14":"tag-france","15":"tag-grand-est","16":"tag-news","17":"tag-republique-francaise","18":"tag-strasbourg"},"share_on_mastodon":{"url":"https:\/\/pubeurope.com\/@fr\/115137105377968409","error":""},"_links":{"self":[{"href":"https:\/\/www.europesays.com\/fr\/wp-json\/wp\/v2\/posts\/361831","targetHints":{"allow":["GET"]}}],"collection":[{"href":"https:\/\/www.europesays.com\/fr\/wp-json\/wp\/v2\/posts"}],"about":[{"href":"https:\/\/www.europesays.com\/fr\/wp-json\/wp\/v2\/types\/post"}],"author":[{"embeddable":true,"href":"https:\/\/www.europesays.com\/fr\/wp-json\/wp\/v2\/users\/2"}],"replies":[{"embeddable":true,"href":"https:\/\/www.europesays.com\/fr\/wp-json\/wp\/v2\/comments?post=361831"}],"version-history":[{"count":0,"href":"https:\/\/www.europesays.com\/fr\/wp-json\/wp\/v2\/posts\/361831\/revisions"}],"wp:featuredmedia":[{"embeddable":true,"href":"https:\/\/www.europesays.com\/fr\/wp-json\/wp\/v2\/media\/361832"}],"wp:attachment":[{"href":"https:\/\/www.europesays.com\/fr\/wp-json\/wp\/v2\/media?parent=361831"}],"wp:term":[{"taxonomy":"category","embeddable":true,"href":"https:\/\/www.europesays.com\/fr\/wp-json\/wp\/v2\/categories?post=361831"},{"taxonomy":"post_tag","embeddable":true,"href":"https:\/\/www.europesays.com\/fr\/wp-json\/wp\/v2\/tags?post=361831"}],"curies":[{"name":"wp","href":"https:\/\/api.w.org\/{rel}","templated":true}]}}