{"id":361837,"date":"2025-09-02T22:41:10","date_gmt":"2025-09-02T22:41:10","guid":{"rendered":"https:\/\/www.europesays.com\/fr\/361837\/"},"modified":"2025-09-02T22:41:10","modified_gmt":"2025-09-02T22:41:10","slug":"nice-christian-estrosi-reagit-a-lannonce-du-gouvernement-sur-le-renforcement-des-pouvoirs-de-la-police-municipale","status":"publish","type":"post","link":"https:\/\/www.europesays.com\/fr\/361837\/","title":{"rendered":"NICE : Christian Estrosi r\u00e9agit \u00e0 l\u2019annonce du gouvernement sur le renforcement des pouvoirs de la police municipale"},"content":{"rendered":"<p><strong>Le maire de Nice et pr\u00e9sident de la commission consultative des Polices municipales de France Christian Estrosi r\u00e9agit \u00e0 l\u2019annonce du gouvernement sur le renforcement des pouvoirs de la police municipale.<\/strong><\/p>\n<p><strong>Christian Estrosi, Maire de Nice, Pr\u00e9sident de la commission consultative des Polices municipales de France :\u00a0<\/strong>\u00ab Je me f\u00e9licite de cette annonce, attendue depuis maintenant deux ans. En tant que pr\u00e9sident de la commission consultative des Polices municipales de France, je n\u2019ai cess\u00e9 d\u2019appeler de mes v\u0153ux \u00e0 cette r\u00e9forme indispensable.\u00a0Malheureusement, l\u2019instabilit\u00e9 politique que traverse notre pays en retarde encore l\u2019adoption, alors qu\u2019il s\u2019agit d\u2019une loi essentielle pour garantir la tranquillit\u00e9 publique et la s\u00e9curit\u00e9 du quotidien dans nos communes.\u00a0Au-del\u00e0 de la question des effectifs, c\u2019est bien l\u2019\u00e9largissement des pr\u00e9rogatives des polices municipales qui constitue l\u2019enjeu majeur. Nos agents doivent disposer des moyens d\u2019agir face aux incivilit\u00e9s et aux d\u00e9lits qui empoisonnent la vie des citoyens, afin que leur r\u00f4le compl\u00e9mentaire \u00e0 celui de la Police nationale et de la Gendarmerie soit pleinement reconnu et valoris\u00e9 \u00bb.<\/p>\n","protected":false},"excerpt":{"rendered":"Le maire de Nice et pr\u00e9sident de la commission consultative des Polices municipales de France Christian Estrosi r\u00e9agit&hellip;\n","protected":false},"author":2,"featured_media":361838,"comment_status":"","ping_status":"","sticky":false,"template":"","format":"standard","meta":{"footnotes":""},"categories":[2819],"tags":[1111,11,1777,674,1011,27,12,2401,882,25],"class_list":{"0":"post-361837","1":"post","2":"type-post","3":"status-publish","4":"format-standard","5":"has-post-thumbnail","7":"category-nice","8":"tag-actu","9":"tag-actualites","10":"tag-eu","11":"tag-europe","12":"tag-fr","13":"tag-france","14":"tag-news","15":"tag-nice","16":"tag-provence-alpes-cote-dazur","17":"tag-republique-francaise"},"share_on_mastodon":{"url":"https:\/\/pubeurope.com\/@fr\/115137117286105455","error":""},"_links":{"self":[{"href":"https:\/\/www.europesays.com\/fr\/wp-json\/wp\/v2\/posts\/361837","targetHints":{"allow":["GET"]}}],"collection":[{"href":"https:\/\/www.europesays.com\/fr\/wp-json\/wp\/v2\/posts"}],"about":[{"href":"https:\/\/www.europesays.com\/fr\/wp-json\/wp\/v2\/types\/post"}],"author":[{"embeddable":true,"href":"https:\/\/www.europesays.com\/fr\/wp-json\/wp\/v2\/users\/2"}],"replies":[{"embeddable":true,"href":"https:\/\/www.europesays.com\/fr\/wp-json\/wp\/v2\/comments?post=361837"}],"version-history":[{"count":0,"href":"https:\/\/www.europesays.com\/fr\/wp-json\/wp\/v2\/posts\/361837\/revisions"}],"wp:featuredmedia":[{"embeddable":true,"href":"https:\/\/www.europesays.com\/fr\/wp-json\/wp\/v2\/media\/361838"}],"wp:attachment":[{"href":"https:\/\/www.europesays.com\/fr\/wp-json\/wp\/v2\/media?parent=361837"}],"wp:term":[{"taxonomy":"category","embeddable":true,"href":"https:\/\/www.europesays.com\/fr\/wp-json\/wp\/v2\/categories?post=361837"},{"taxonomy":"post_tag","embeddable":true,"href":"https:\/\/www.europesays.com\/fr\/wp-json\/wp\/v2\/tags?post=361837"}],"curies":[{"name":"wp","href":"https:\/\/api.w.org\/{rel}","templated":true}]}}