{"id":361841,"date":"2025-09-02T22:43:27","date_gmt":"2025-09-02T22:43:27","guid":{"rendered":"https:\/\/www.europesays.com\/fr\/361841\/"},"modified":"2025-09-02T22:43:27","modified_gmt":"2025-09-02T22:43:27","slug":"fc-nantes-mercato-ultime-rebondissement-pour-abline","status":"publish","type":"post","link":"https:\/\/www.europesays.com\/fr\/361841\/","title":{"rendered":"FC Nantes Mercato : ultime rebondissement pour Abline !\u00a0"},"content":{"rendered":"<p><strong>Apr\u00e8s plusieurs jours de suspense et de rumeurs persistantes, Matthis Abline (22 ans) a d\u00e9cid\u00e9 de poursuivre son aventure au <a href=\"https:\/\/www.butfootballclub.fr\/616711-fc-nantes-mercato-cest-officiel-pour-junior-mwanga\/\" rel=\"noopener\" target=\"_blank\">FC Nantes<\/a>. Un d\u00e9nouement qui met fin \u00e0 un feuilleton haletant du mercato estival.<\/strong><\/p>\n<p>La fin du feuilleton Abline a-t-elle \u00e9t\u00e9 siffl\u00e9e hier soir \u00e0 20h\u00a0? Selon Ouest-France, le suspense a dur\u00e9 jusqu\u2019aux derni\u00e8res heures du march\u00e9 des transferts mais l\u2019attaquant de 22 ans restera bel et bien au FC Nantes cette saison m\u00eame si plusieurs march\u00e9s ne sont pas encore ferm\u00e9s en Europe et ailleurs.\u00a0<\/p>\n<p>Sunderland, qui avait d\u00e9j\u00e0 montr\u00e9 son int\u00e9r\u00eat, est revenu \u00e0 la charge pour tenter de s\u2019attacher les services d\u2019Abline, tandis que Newcastle s\u2019\u00e9tait renseign\u00e9 sur le profil du joueur. Mais aucune des deux formations anglaises n\u2019a formul\u00e9 d\u2019offre concr\u00e8te. Le <a href=\"https:\/\/www.butfootballclub.fr\/616507-fc-nantes-mercato-luis-castro-tient-une-nouveau-renfort-defensif\" rel=\"noopener\" target=\"_blank\">FC Nantes<\/a> et son joueur ont donc pu tourner la page et confirmer son maintien dans l\u2019effectif.<\/p>\n<p>Abline, une entr\u00e9e int\u00e9ressante contre Auxerre<\/p>\n<p>Pour le club, c\u2019est une excellente nouvelle : Abline, prometteur et rapide, pourra continuer \u00e0 \u00e9voluer dans un environnement qu\u2019il conna\u00eet parfaitement et o\u00f9 il a d\u00e9j\u00e0 commenc\u00e9 \u00e0 s\u2019imposer. Sa pr\u00e9sence permettra \u00e9galement au <a href=\"https:\/\/www.butfootballclub.fr\/616804-fc-nantes-mercato-une-top-opportunite-de-l1-a-failli-signer-a-nantes\/\" rel=\"noopener\" target=\"_blank\">FC Nantes<\/a> de conserver de la profondeur dans son secteur offensif, un point essentiel apr\u00e8s les d\u00e9parts enregistr\u00e9s cet \u00e9t\u00e9.<\/p>\n<p>Dans la t\u00eate du joueur, on a \u00e9galement per\u00e7u un changement positif. Peu concern\u00e9 lors des deux premiers matches de Ligue 1, Abline a r\u00e9alis\u00e9 une entr\u00e9e int\u00e9ressante lors de la victoire des Canaris devant l\u2019AJ Auxerre, samedi \u00e0 la Beaujoire (1-0). Son association avec Mostafa Mohamed promet.<\/p>\n","protected":false},"excerpt":{"rendered":"Apr\u00e8s plusieurs jours de suspense et de rumeurs persistantes, Matthis Abline (22 ans) a d\u00e9cid\u00e9 de poursuivre son&hellip;\n","protected":false},"author":2,"featured_media":361842,"comment_status":"","ping_status":"","sticky":false,"template":"","format":"standard","meta":{"footnotes":""},"categories":[2818],"tags":[1111,11,448,1777,674,63,1011,27,66,3388,766,12,2636,25,10662],"class_list":{"0":"post-361841","1":"post","2":"type-post","3":"status-publish","4":"format-standard","5":"has-post-thumbnail","7":"category-nantes","8":"tag-actu","9":"tag-actualites","10":"tag-champions-league","11":"tag-eu","12":"tag-europe","13":"tag-football","14":"tag-fr","15":"tag-france","16":"tag-ligue-1","17":"tag-matchs","18":"tag-nantes","19":"tag-news","20":"tag-pays-de-la-loire","21":"tag-republique-francaise","22":"tag-transferts"},"share_on_mastodon":{"url":"https:\/\/pubeurope.com\/@fr\/115137125247971869","error":""},"_links":{"self":[{"href":"https:\/\/www.europesays.com\/fr\/wp-json\/wp\/v2\/posts\/361841","targetHints":{"allow":["GET"]}}],"collection":[{"href":"https:\/\/www.europesays.com\/fr\/wp-json\/wp\/v2\/posts"}],"about":[{"href":"https:\/\/www.europesays.com\/fr\/wp-json\/wp\/v2\/types\/post"}],"author":[{"embeddable":true,"href":"https:\/\/www.europesays.com\/fr\/wp-json\/wp\/v2\/users\/2"}],"replies":[{"embeddable":true,"href":"https:\/\/www.europesays.com\/fr\/wp-json\/wp\/v2\/comments?post=361841"}],"version-history":[{"count":0,"href":"https:\/\/www.europesays.com\/fr\/wp-json\/wp\/v2\/posts\/361841\/revisions"}],"wp:featuredmedia":[{"embeddable":true,"href":"https:\/\/www.europesays.com\/fr\/wp-json\/wp\/v2\/media\/361842"}],"wp:attachment":[{"href":"https:\/\/www.europesays.com\/fr\/wp-json\/wp\/v2\/media?parent=361841"}],"wp:term":[{"taxonomy":"category","embeddable":true,"href":"https:\/\/www.europesays.com\/fr\/wp-json\/wp\/v2\/categories?post=361841"},{"taxonomy":"post_tag","embeddable":true,"href":"https:\/\/www.europesays.com\/fr\/wp-json\/wp\/v2\/tags?post=361841"}],"curies":[{"name":"wp","href":"https:\/\/api.w.org\/{rel}","templated":true}]}}