{"id":361843,"date":"2025-09-02T22:44:26","date_gmt":"2025-09-02T22:44:26","guid":{"rendered":"https:\/\/www.europesays.com\/fr\/361843\/"},"modified":"2025-09-02T22:44:26","modified_gmt":"2025-09-02T22:44:26","slug":"le-festival-graffiti-mur-du-souffle-2025-pour-la-bonne-cause","status":"publish","type":"post","link":"https:\/\/www.europesays.com\/fr\/361843\/","title":{"rendered":"Le Festival Graffiti Mur du Souffle 2025 pour la bonne cause"},"content":{"rendered":"\n<p><strong>Du vendredi 19 au dimanche 21 septembre 2025, l\u2019association Mur du Souffle organise la cinqui\u00e8me \u00e9dition de son festival graffiti \u00e0 Bruges, en Gironde. Un \u00e9v\u00e9nement gratuit, solidaire et ouvert \u00e0 tous, qui transforme le parc Ausone en v\u00e9ritable galerie d\u2019art urbain \u00e0 ciel ouvert. Fresques monumentales, ateliers graffiti, DJ set, battles de danse et animations pour petits et grands : voil\u00e0 de quoi passer un week-end entier en famille ou entre amis, sans avoir besoin de sortir le portefeuille.<\/strong><\/p>\n<p> Le festival graffiti revient en force \u00e0 Bruges <\/p>\n<p>Apr\u00e8s le succ\u00e8s des \u00e9ditions pr\u00e9c\u00e9dentes, le <strong>festival graffiti Mur du Souffle 2025<\/strong> revient avec un programme encore plus riche. <\/p>\n<p> <img loading=\"lazy\" width=\"700\" height=\"822\" alt=\"Festival Graffiti 2025\" title=\"Festival graffiti 2025 : trois jours d\u2019art urbain gratuit \u00e0 Bruges pour la bonne cause 1\"  nitro-lazy- nitro-lazy-src=\"https:\/\/cdn-ilbobfj.nitrocdn.com\/LLQyioEDmPooSUeshdcABKPnDEWJyTwh\/assets\/images\/optimized\/rev-fefab80\/quoifaireabordeaux.com\/wp-content\/uploads\/2025\/09\/festival-graffiti-mur-souffle.jpg\" class=\"wp-image-18811820 nitro-lazy\" decoding=\"async\" nitro-lazy-empty=\"\" id=\"NDUxOjU5Mw==-1\" src=\"data:image\/svg+xml;nitro-empty-id=NDUxOjU5Mw==-1;base64,PHN2ZyB2aWV3Qm94PSIwIDAgNzAwIDgyMiIgd2lkdGg9IjcwMCIgaGVpZ2h0PSI4MjIiIHhtbG5zPSJodHRwOi8vd3d3LnczLm9yZy8yMDAwL3N2ZyI+PC9zdmc+\"\/> <\/p>\n<p>Pendant trois jours, plus de<strong> 400 m\u00b2 de murs<\/strong> seront recouverts de fresques en direct. <strong>Douze artistes internationaux ont \u00e9t\u00e9 invit\u00e9s,<\/strong> chacun avec son style et son univers bien particulier. Voir une fresque prendre forme sous vos yeux, c\u2019est un spectacle en soi qui attire autant les passionn\u00e9s de street art que les curieux venus fl\u00e2ner. Les \u0153uvres r\u00e9alis\u00e9es par ces artistes seront ensuite mises en vente, sous forme de photo en s\u00e9rie limit\u00e9e, sur le site de l\u2019association\u00a0<a href=\"http:\/\/www.murdusouffle.com\/?fbclid=IwZXh0bgNhZW0CMTAAYnJpZBExc1VSbm91bndUWGgxZWRETgEeUfp9lLWKqUGiPu4XuAaQiRV5IfWPDKhNf_2QZgbxr7hn8zhK9AJgEJP5Mbw_aem_tgYPTJ7Q5C9dIGZ1Imoq7w\" target=\"_blank\" rel=\"noreferrer noopener nofollow\">www.murdusouffle.com.<\/a><\/p>\n<p>Le site est habituellement ferm\u00e9 au public. C\u2019est donc aussi l\u2019occasion rare de d\u00e9couvrir un lieu unique, \u00e0 deux pas de la station de tram Ausone et du parc du m\u00eame nom. Et le meilleur dans tout \u00e7a ? <strong>L\u2019entr\u00e9e est gratuite<\/strong>.<\/p>\n<p> Une ambiance qui m\u00e9lange f\u00eate et solidarit\u00e9 <\/p>\n<p>Ce n\u2019est pas qu\u2019un simple rassemblement autour du graffiti. <a href=\"https:\/\/www.facebook.com\/murdusouffle\" target=\"_blank\" rel=\"noreferrer noopener nofollow\">L\u2019association Mur du Souffle<\/a> a pour but de<strong> soutenir la lutte contre la mucoviscidose<\/strong>. Tous les b\u00e9n\u00e9fices du festival qu\u2019ils viennent de la restauration, des ventes ou des dons sont<strong> revers\u00e9s \u00e0 la recherche m\u00e9dicale et \u00e0 l\u2019aide aux patients<\/strong>.<\/p>\n<p>Cette dimension solidaire donne une autre couleur \u00e0 l\u2019\u00e9v\u00e9nement. En venant profiter des concerts, des fresques et des animations, on participe aussi \u00e0 une cause concr\u00e8te. Et \u00e7a, \u00e7a change la mani\u00e8re de vivre la f\u00eate.<\/p>\n<p> Des activit\u00e9s pour toute la famille <\/p>\n<p>Ce <strong>festival graffiti \u00e0 Bruges<\/strong> ne se limite pas aux murs peints. Sur place, on trouve un v\u00e9ritable village festif o\u00f9 chacun peut trouver son bonheur. Les plus jeunes peuvent s\u2019initier aux <strong>ateliers graffiti<\/strong> ou simplement observer les artistes \u00e0 l\u2019\u0153uvre. Les ados se r\u00e9galeront devant les battles de danse et de graff. <\/p>\n<p> <img loading=\"lazy\" width=\"700\" height=\"525\" alt=\"Ateliers graffiti \u00e0 Bruges\" title=\"Festival graffiti 2025 : trois jours d\u2019art urbain gratuit \u00e0 Bruges pour la bonne cause 2\"  nitro-lazy- nitro-lazy-src=\"https:\/\/cdn-ilbobfj.nitrocdn.com\/LLQyioEDmPooSUeshdcABKPnDEWJyTwh\/assets\/images\/optimized\/rev-fefab80\/quoifaireabordeaux.com\/wp-content\/uploads\/2025\/09\/mur-du-souffle.jpg\" class=\"wp-image-18811819 nitro-lazy\" decoding=\"async\" nitro-lazy-empty=\"\" id=\"NDgzOjU2OA==-1\" src=\"data:image\/svg+xml;nitro-empty-id=NDgzOjU2OA==-1;base64,PHN2ZyB2aWV3Qm94PSIwIDAgNzAwIDUyNSIgd2lkdGg9IjcwMCIgaGVpZ2h0PSI1MjUiIHhtbG5zPSJodHRwOi8vd3d3LnczLm9yZy8yMDAwL3N2ZyI+PC9zdmc+\"\/> <\/p>\n<p>Les adultes, eux, pourront discuter avec les artistes, se poser \u00e0 l\u2019espace d\u00e9tente ou go\u00fbter la restauration antillaise et bio.<\/p>\n<p>Et pour que tout le monde y trouve son compte, il y a aussi de la musique. Des <strong>DJ sets<\/strong> rythment les trois jours, cr\u00e9ant une ambiance conviviale et joyeuse. L\u2019endroit se transforme en grande cour de r\u00e9cr\u00e9ation, o\u00f9 les g\u00e9n\u00e9rations se m\u00e9langent autour de l\u2019art urbain.<\/p>\n<p> Une sortie qui change des habitudes <\/p>\n<p>Aller \u00e0 Bruges pour un festival peut sembler surprenant, mais c\u2019est justement ce qui fait son charme. On sort du centre de Bordeaux, on prend le tram ou le v\u00e9lo, et on d\u00e9couvre un \u00e9v\u00e9nement ancr\u00e9 dans la vie locale. Le<strong> cadre du parc Ausone<\/strong>, avec ses grands espaces, permet de profiter tranquillement des fresques et des animations sans se sentir \u00e0 l\u2019\u00e9troit.<\/p>\n<p>Et puis, voir un <strong>graffiti<\/strong> na\u00eetre sous les bombes de peinture, \u00e7a n\u2019a rien \u00e0 voir avec une expo classique. On sent l\u2019odeur, on entend le geste, on voit les couches de couleurs s\u2019accumuler. C\u2019est vivant, brut, et \u00e7a parle \u00e0 tout le monde.<\/p>\n<p>Retrouvez tous nos bons plans en cliquant <a href=\"https:\/\/quoifaireabordeaux.com\/category\/actus\/\" target=\"_blank\" rel=\"noreferrer noopener nofollow\">ICI<\/a>.<\/p>\n<p>  Informations pratiques <\/p>\n<p>concernant l&rsquo;\u00e9v\u00e9nement<\/p>\n<p data-start=\"4560\" data-end=\"4626\"><strong data-start=\"4560\" data-end=\"4569\">Dates<\/strong> : vendredi 19, samedi 20 et dimanche 21 septembre 2025<\/p>\n<p data-start=\"4629\" data-end=\"4658\"><strong data-start=\"4629\" data-end=\"4641\">Horaires<\/strong> : de 12h \u00e0 20h<\/p>\n<p data-start=\"4661\" data-end=\"4724\"><strong data-start=\"4661\" data-end=\"4669\">Lieu<\/strong> : Parc Ausone \u2013 Rue Beyerman, 33520 Bruges (Gironde)<\/p>\n<p data-start=\"4727\" data-end=\"4855\"><strong data-start=\"4727\" data-end=\"4736\">Acc\u00e8s<\/strong> : Tram C ou Bus 70 \u2013 arr\u00eat Ausone. Parking v\u00e9lo et PMR sur place. Parking Grand Darnal \u00e0 800 m (suivez les fl\u00e8ches).<\/p>\n<p data-start=\"4858\" data-end=\"4888\"><strong data-start=\"4858\" data-end=\"4868\">Tarifs<\/strong> : entr\u00e9e gratuite<\/p>\n","protected":false},"excerpt":{"rendered":"Du vendredi 19 au dimanche 21 septembre 2025, l\u2019association Mur du Souffle organise la cinqui\u00e8me \u00e9dition de son&hellip;\n","protected":false},"author":2,"featured_media":361844,"comment_status":"","ping_status":"","sticky":false,"template":"","format":"standard","meta":{"footnotes":""},"categories":[2817],"tags":[1111,11,1997,1777,674,1011,27,12,2219,25],"class_list":{"0":"post-361843","1":"post","2":"type-post","3":"status-publish","4":"format-standard","5":"has-post-thumbnail","7":"category-bordeaux","8":"tag-actu","9":"tag-actualites","10":"tag-bordeaux","11":"tag-eu","12":"tag-europe","13":"tag-fr","14":"tag-france","15":"tag-news","16":"tag-nouvelle-aquitaine","17":"tag-republique-francaise"},"share_on_mastodon":{"url":"https:\/\/pubeurope.com\/@fr\/115137128969892697","error":""},"_links":{"self":[{"href":"https:\/\/www.europesays.com\/fr\/wp-json\/wp\/v2\/posts\/361843","targetHints":{"allow":["GET"]}}],"collection":[{"href":"https:\/\/www.europesays.com\/fr\/wp-json\/wp\/v2\/posts"}],"about":[{"href":"https:\/\/www.europesays.com\/fr\/wp-json\/wp\/v2\/types\/post"}],"author":[{"embeddable":true,"href":"https:\/\/www.europesays.com\/fr\/wp-json\/wp\/v2\/users\/2"}],"replies":[{"embeddable":true,"href":"https:\/\/www.europesays.com\/fr\/wp-json\/wp\/v2\/comments?post=361843"}],"version-history":[{"count":0,"href":"https:\/\/www.europesays.com\/fr\/wp-json\/wp\/v2\/posts\/361843\/revisions"}],"wp:featuredmedia":[{"embeddable":true,"href":"https:\/\/www.europesays.com\/fr\/wp-json\/wp\/v2\/media\/361844"}],"wp:attachment":[{"href":"https:\/\/www.europesays.com\/fr\/wp-json\/wp\/v2\/media?parent=361843"}],"wp:term":[{"taxonomy":"category","embeddable":true,"href":"https:\/\/www.europesays.com\/fr\/wp-json\/wp\/v2\/categories?post=361843"},{"taxonomy":"post_tag","embeddable":true,"href":"https:\/\/www.europesays.com\/fr\/wp-json\/wp\/v2\/tags?post=361843"}],"curies":[{"name":"wp","href":"https:\/\/api.w.org\/{rel}","templated":true}]}}