{"id":361845,"date":"2025-09-02T22:45:20","date_gmt":"2025-09-02T22:45:20","guid":{"rendered":"https:\/\/www.europesays.com\/fr\/361845\/"},"modified":"2025-09-02T22:45:20","modified_gmt":"2025-09-02T22:45:20","slug":"top-14-yoram-moefana-union-bordeaux-begles-absent-trois-mois-apres-une-blessure-a-lepaule","status":"publish","type":"post","link":"https:\/\/www.europesays.com\/fr\/361845\/","title":{"rendered":"Top 14 \u2013 Yoram Moefana (Union Bordeaux-B\u00e8gles) absent trois mois apr\u00e8s une blessure \u00e0 l\u2019\u00e9paule"},"content":{"rendered":"<p>\n                Le trois-quarts centre de l\u2019Union Bordeaux-B\u00e8gles Yoram Moefana sera absent pour trois mois. Il va se faire op\u00e9rer de l\u2019\u00e9paule.\n            <\/p>\n<p>Nouvelle difficult\u00e9 pour Yannick Bru, son staff et plus g\u00e9n\u00e9ralement l\u2019Union Bordeaux-B\u00e8gles. <strong><a href=\"https:\/\/www.rugbyrama.fr\/2025\/08\/30\/top-14-opere-dune-main-maxime-lucu-bordeaux-begles-devrait-etre-absent-plusieurs-mois-12901903.php\" target=\"_self\" rel=\"nofollow noopener\">Apr\u00e8s l\u2019absence prolong\u00e9e de Maxime Lucu<\/a><\/strong>, voil\u00e0 que le champion d\u2019Europe perd Yoram Moefana pour trois mois, comme l\u2019annonce l\u2019\u00c9quipe. Il manquera donc le d\u00e9but de la saison et notamment les trois matchs internationaux de la tourn\u00e9e de novembre. Pierre angulaire du syst\u00e8me bordelais, le trois-quarts centre international \u00e9tait dans une forme \u00e9tincellante ces derniers mois, le faisant s\u2019installer\u00a0dans le d\u00e9bat du meilleur centre actuel.<\/p>\n<p><strong><a href=\"https:\/\/www.rugbyrama.fr\/2025\/08\/28\/matchs-amicaux-top-14-lubb-a-tremble-contre-montauban-12898673.php\" target=\"_self\" rel=\"nofollow noopener\">Face \u00e0 Montauban, dans un match de pr\u00e9-saison qui se d\u00e9roulait \u00e0 Agen<\/a><\/strong>, le num\u00e9ro\u00a012 girondin s\u2019est tenu l\u2019\u00e9paule apr\u00e8s avoir effectu\u00e9 un d\u00e9blayage. \u00ab\u00a0Je crois que c\u2019est une luxation, anticipait Bru apr\u00e8s la rencontre, mais qu\u2019il s\u2019est fait tout seul en mettant la main au sol. Son \u00e9paule a l\u00e2ch\u00e9, je crois qu\u2019elle a \u00e9t\u00e9 remise en place imm\u00e9diatement. \u00c7a lui est d\u00e9j\u00e0 arriv\u00e9. Il va passer des examens et on va voir ce que c\u2019est. C\u2019est un joueur sp\u00e9cial en termes de r\u00e9cup\u00e9ration et de g\u00e9n\u00e9tique\u00a0\u00bb.<\/p>\n<p>Trois autres centres indisponibles<\/p>\n<p>D\u00e9sormais, le vice champion de France devra composer avec peu de ressources au poste. Les habitu\u00e9s Janse van Rensburg (ischio-jambiers) et Uberti (\u00e9paule et retour pr\u00e9vu en octobre) sont sur le flanc tandis que le jeune Adrien Drault (cuisse) est aussi inapte. En somme, Nicolas Depoortere est\u00a0le seul centre \u00ab\u00a0de m\u00e9tier\u00a0\u00bb disponible. Des joueurs comme Damian Penaud ou Selesi Rayasi, arriv\u00e9 cet \u00e9t\u00e9, peuvent faire l\u2019int\u00e9rim.<\/p>\n","protected":false},"excerpt":{"rendered":"Le trois-quarts centre de l\u2019Union Bordeaux-B\u00e8gles Yoram Moefana sera absent pour trois mois. Il va se faire op\u00e9rer&hellip;\n","protected":false},"author":2,"featured_media":361846,"comment_status":"","ping_status":"","sticky":false,"template":"","format":"standard","meta":{"footnotes":""},"categories":[2817],"tags":[1111,11,1997,1777,674,1011,27,12,2219,25],"class_list":{"0":"post-361845","1":"post","2":"type-post","3":"status-publish","4":"format-standard","5":"has-post-thumbnail","7":"category-bordeaux","8":"tag-actu","9":"tag-actualites","10":"tag-bordeaux","11":"tag-eu","12":"tag-europe","13":"tag-fr","14":"tag-france","15":"tag-news","16":"tag-nouvelle-aquitaine","17":"tag-republique-francaise"},"share_on_mastodon":{"url":"https:\/\/pubeurope.com\/@fr\/115137132875513169","error":""},"_links":{"self":[{"href":"https:\/\/www.europesays.com\/fr\/wp-json\/wp\/v2\/posts\/361845","targetHints":{"allow":["GET"]}}],"collection":[{"href":"https:\/\/www.europesays.com\/fr\/wp-json\/wp\/v2\/posts"}],"about":[{"href":"https:\/\/www.europesays.com\/fr\/wp-json\/wp\/v2\/types\/post"}],"author":[{"embeddable":true,"href":"https:\/\/www.europesays.com\/fr\/wp-json\/wp\/v2\/users\/2"}],"replies":[{"embeddable":true,"href":"https:\/\/www.europesays.com\/fr\/wp-json\/wp\/v2\/comments?post=361845"}],"version-history":[{"count":0,"href":"https:\/\/www.europesays.com\/fr\/wp-json\/wp\/v2\/posts\/361845\/revisions"}],"wp:featuredmedia":[{"embeddable":true,"href":"https:\/\/www.europesays.com\/fr\/wp-json\/wp\/v2\/media\/361846"}],"wp:attachment":[{"href":"https:\/\/www.europesays.com\/fr\/wp-json\/wp\/v2\/media?parent=361845"}],"wp:term":[{"taxonomy":"category","embeddable":true,"href":"https:\/\/www.europesays.com\/fr\/wp-json\/wp\/v2\/categories?post=361845"},{"taxonomy":"post_tag","embeddable":true,"href":"https:\/\/www.europesays.com\/fr\/wp-json\/wp\/v2\/tags?post=361845"}],"curies":[{"name":"wp","href":"https:\/\/api.w.org\/{rel}","templated":true}]}}