{"id":361847,"date":"2025-09-02T22:46:13","date_gmt":"2025-09-02T22:46:13","guid":{"rendered":"https:\/\/www.europesays.com\/fr\/361847\/"},"modified":"2025-09-02T22:46:13","modified_gmt":"2025-09-02T22:46:13","slug":"trois-vehicules-impliques-un-gros-bouchon-en-cours","status":"publish","type":"post","link":"https:\/\/www.europesays.com\/fr\/361847\/","title":{"rendered":"trois v\u00e9hicules impliqu\u00e9s, un gros bouchon en cours"},"content":{"rendered":"<p>            Par<br \/>\n        <strong><br \/>\n            <a href=\"https:\/\/actu.fr\/auteur\/david-saint-sernin\" title=\"Consulter tous les articles de David Saint-Sernin\" target=\"_blank\" rel=\"noopener\">David Saint-Sernin<\/a><br \/>\n        <\/strong><\/p>\n<p>        Publi\u00e9 le<\/p>\n<p>            2 sept. 2025 \u00e0 17h24        <\/p>\n<p>Mardi 2 septembre 2025, un<strong> accident<\/strong> implique trois v\u00e9hicules sur<a href=\"https:\/\/actu.fr\/occitanie\/toulouse_31555\/accidents-ralentissements-toulouse-renoue-avec-ses-bouchons-le-peripherique-est-bien-charge_63103750.html\" target=\"_blank\" rel=\"noopener\"> le p\u00e9riph\u00e9rique sud de Toulouse.<\/a><\/p>\n<p class=\" wall-content\">Selon<strong> Bison Fut\u00e9,<\/strong> l\u2019accident s\u2019est produit sur le p\u00e9riph\u00e9rique ext\u00e9rieur au niveau de l\u2019\u00e9changeur de Rangueil. Les trois v\u00e9hicules sont immobilis\u00e9s sur la voie de droite.<\/p>\n<p class=\" wall-content\">Il ne reste que deux voies pour circuler\u2026<\/p>\n<p>5 kilom\u00e8tres de bouchon<\/p>\n<p class=\" wall-content\">Cet accident g\u00e9n\u00e8re donc d\u2019importantes perturbations \u00e0 l\u2019heure de pointe. Un gros bouchon est en cours dans le sens Lab\u00e8ge-Blagnac. Il s\u2019\u00e9tire sur quasiment 5 kilom\u00e8tres, de l\u2019\u00e9changeur de Rangueil jusqu\u2019au Palays.<\/p>\n<p class=\" wall-content\">Plus largement, la circulation est tr\u00e8s compliqu\u00e9e sur le p\u00e9riph\u00e9rique ce mardi soir. Bison Fut\u00e9 enregistre 5 kilom\u00e8tres de bouchon de l\u2019\u00e9changeur de Langlade jusqu\u2019au secteur de Sesqui\u00e8res.<\/p>\n<p>    <img   decoding=\"async\" loading=\"lazy\" src=\"https:\/\/www.europesays.com\/fr\/wp-content\/uploads\/2025\/09\/capture-decran-2025-09-02-171145-960x640.png\" alt=\"Apr\u00e8s un accident sur le p\u00e9riph\u00e9rique de Toulouse, un bouchon s'est form\u00e9 entre l'\u00e9changeur de Rangueil et le Palays. \" width=\"960\" height=\"640\"\/><br \/>\n    Apr\u00e8s un accident sur le p\u00e9riph\u00e9rique de Toulouse, un bouchon s\u2019est form\u00e9 entre l\u2019\u00e9changeur de Rangueil et le Palays. (\u00a9Bison Fut\u00e9)<\/p>\n<p class=\" wall-content\">Personnalisez votre actualit\u00e9 en ajoutant vos villes et m\u00e9dias en favori avec <a href=\"https:\/\/moncompte.actu.fr\" title=\"D\u00e9couvez Mon Actu\" rel=\"nofollow noopener\" data-trk=\"{&quot;cta&quot;:{&quot;action&quot;:&quot;https:\\\/\\\/moncompte.actu.fr&quot;,&quot;category&quot;:&quot;mon compte&quot;,&quot;from&quot;:&quot;article footer&quot;,&quot;name&quot;:&quot;Mon actu&quot;,&quot;type&quot;:&quot;cta&quot;}}\" target=\"_blank\">Mon Actu<\/a>.<\/p>\n","protected":false},"excerpt":{"rendered":"Par David Saint-Sernin Publi\u00e9 le 2 sept. 2025 \u00e0 17h24 Mardi 2 septembre 2025, un accident implique trois&hellip;\n","protected":false},"author":2,"featured_media":361848,"comment_status":"","ping_status":"","sticky":false,"template":"","format":"standard","meta":{"footnotes":""},"categories":[2816],"tags":[1111,11,1777,674,1011,27,12,2680,4013,25,104,2312],"class_list":{"0":"post-361847","1":"post","2":"type-post","3":"status-publish","4":"format-standard","5":"has-post-thumbnail","7":"category-toulouse","8":"tag-actu","9":"tag-actualites","10":"tag-eu","11":"tag-europe","12":"tag-fr","13":"tag-france","14":"tag-news","15":"tag-occitanie","16":"tag-peripherique","17":"tag-republique-francaise","18":"tag-societe","19":"tag-toulouse"},"share_on_mastodon":{"url":"https:\/\/pubeurope.com\/@fr\/115137137281243581","error":""},"_links":{"self":[{"href":"https:\/\/www.europesays.com\/fr\/wp-json\/wp\/v2\/posts\/361847","targetHints":{"allow":["GET"]}}],"collection":[{"href":"https:\/\/www.europesays.com\/fr\/wp-json\/wp\/v2\/posts"}],"about":[{"href":"https:\/\/www.europesays.com\/fr\/wp-json\/wp\/v2\/types\/post"}],"author":[{"embeddable":true,"href":"https:\/\/www.europesays.com\/fr\/wp-json\/wp\/v2\/users\/2"}],"replies":[{"embeddable":true,"href":"https:\/\/www.europesays.com\/fr\/wp-json\/wp\/v2\/comments?post=361847"}],"version-history":[{"count":0,"href":"https:\/\/www.europesays.com\/fr\/wp-json\/wp\/v2\/posts\/361847\/revisions"}],"wp:featuredmedia":[{"embeddable":true,"href":"https:\/\/www.europesays.com\/fr\/wp-json\/wp\/v2\/media\/361848"}],"wp:attachment":[{"href":"https:\/\/www.europesays.com\/fr\/wp-json\/wp\/v2\/media?parent=361847"}],"wp:term":[{"taxonomy":"category","embeddable":true,"href":"https:\/\/www.europesays.com\/fr\/wp-json\/wp\/v2\/categories?post=361847"},{"taxonomy":"post_tag","embeddable":true,"href":"https:\/\/www.europesays.com\/fr\/wp-json\/wp\/v2\/tags?post=361847"}],"curies":[{"name":"wp","href":"https:\/\/api.w.org\/{rel}","templated":true}]}}