{"id":361849,"date":"2025-09-02T22:47:13","date_gmt":"2025-09-02T22:47:13","guid":{"rendered":"https:\/\/www.europesays.com\/fr\/361849\/"},"modified":"2025-09-02T22:47:13","modified_gmt":"2025-09-02T22:47:13","slug":"paris-toulouse-marseille-aix-les-prix-de-limmobilier-se-remettent-a-grimper-les-loyers-en-revanche-sont-en-baisse-sensible","status":"publish","type":"post","link":"https:\/\/www.europesays.com\/fr\/361849\/","title":{"rendered":"Paris, Toulouse, Marseille, Aix&#8230; Les prix de l&rsquo;immobilier se remettent \u00e0 grimper (les loyers en revanche sont en baisse sensible)"},"content":{"rendered":"<p>Les prix de l&rsquo;immobilier ont augment\u00e9 sur un an par rapport \u00e0 septembre 2024 dans les villes moyennes. Mais les m\u00e9tropoles ne suivent pas la m\u00eame tendance.<\/p>\n<p>\u00c0 la fin de l&rsquo;\u00e9t\u00e9, c&rsquo;est l&rsquo;heure du bilan. La rentr\u00e9e 2025 est marqu\u00e9e par une hausse des prix de l&rsquo;immobilier dans plusieurs villes par rapport au mois de septembre 2024, selon <strong><a href=\"https:\/\/www.bfmtv.com\/immobilier\/prix-immobilier\/achat-ou-location-decouvrez-tous-les-prix-de-l-immobilier-dans-votre-ville_AN-202310260755.html\" title=\"Achat ou location: d\u00e9couvrez tous les prix de l&#039;immobilier dans votre ville\" class=\"internal_link\" rel=\"nofollow noopener\" target=\"_blank\">notre barom\u00e8tre Bien&rsquo;Ici &#8211; BFM Business<\/a><\/strong> (r\u00e9alis\u00e9 \u00e0 partir des prix des annonces avant n\u00e9gociations).<\/p>\n<p>Dans certaines communes (surtout moyennes), on observe cet \u00e9t\u00e9 un petit sursaut des prix moyens par rapport \u00e0 l&rsquo;\u00e9t\u00e9 2024. La hausse a surtout \u00ab\u00a0eu lieu <a href=\"https:\/\/www.bfmtv.com\/immobilier\/les-prix-de-l-immobilier-se-stabilisent-en-juin-apres-six-mois-de-hausse_AN-202507020560.html\" title=\"Les prix de l&#039;immobilier se stabilisent en juin, apr\u00e8s six mois de hausse\" class=\"internal_link\" rel=\"nofollow noopener\" target=\"_blank\">au printemps 2025<\/a>, mettant fin \u00e0 une p\u00e9riode de baisse continue (et finalement assez l\u00e9g\u00e8re) sur 2024&Prime;, explique R\u00e9gis Sebille, data-analyste chez Bien&rsquo;Ici.<\/p>\n<p>On peut notamment citer Aix-en-Provence et Dijon (+2,3% sur un an) ou Angers (+0,3%). Une remont\u00e9e des prix perceptible aussi dans quelques m\u00e9tropoles \u00e0 l&rsquo;image de Marseille (+2,3% sur un an) ou Toulouse (+3,4%).<\/p>\n<p>Et surtout <a href=\"https:\/\/www.bfmtv.com\/immobilier\/prix-immobilier\/les-prix-de-l-immobilier-baissent-a-nouveau-a-paris-les-autres-grandes-villes-egalement-en-repli_AV-202408010213.html\" title=\"Les prix de l&#039;immobilier baissent \u00e0 nouveau \u00e0 Paris, les autres grandes villes \u00e9galement en repli\" class=\"internal_link\" rel=\"nofollow noopener\" target=\"_blank\">Paris<\/a>, o\u00f9 les prix progressent un peu sur l&rsquo;\u00e9t\u00e9 2025 par rapport \u00e0 l&rsquo;\u00e9t\u00e9 2024 (+1,9%) et reviennent \u00e0 un niveau proche de celui de l&rsquo;\u00e9t\u00e9 2022. Mais le constat ne se v\u00e9rifie pas sur le reste de l&rsquo;\u00cele-de-France, avec des prix moyens au m2 qui poursuivent une tendance baissi\u00e8re lin\u00e9aire depuis 2022.<\/p>\n<p>Des prix qui reculent sur un an dans les grandes villes<\/p>\n<p>En revanche, dans les autres m\u00e9tropoles, les prix ont plut\u00f4t recul\u00e9 sur un an, notamment \u00e0 Bordeaux (-2,6%), Lyon (-1,7%), Nantes (-2,7%) et Rennes (-1,6%).\u00a0\u00ab\u00a0Ces villes, qui affichent une baisse lente et continue depuis l&rsquo;\u00e9t\u00e9 2023, n&rsquo;ont pas connu le m\u00eame sursaut printanier que Marseille et Toulouse, et poursuivent une baisse sur les derniers mois\u00a0\u00bb, d\u00e9taille R\u00e9gis Sebille.<\/p>\n<blockquote class=\"embed embed_quote\"><p>\u00ab\u00a0On retient en particulier un prix moyen qui passe sous les 5.000\u20ac\/m2 \u00e0 Lyon cet \u00e9t\u00e9\u00a0\u00bb, note-t-il.<\/p><\/blockquote>\n<p>Enfin, \u00e0 Montpellier et Nice, l&rsquo;immobilier tend \u00e0 stagner sur l&rsquo;ann\u00e9e \u00e9coul\u00e9e.<\/p>\n<p>Des loyers en baisse dans les m\u00e9tropoles<\/p>\n<p>C\u00f4t\u00e9 location, la tendance est plut\u00f4t \u00e0 la baisse dans les grandes m\u00e9tropoles avec des loyers affich\u00e9s qui reculent particuli\u00e8rement \u00e0 Paris (-13% sur un an). D&rsquo;autres grandes villes enregistrent aussi des baisses sur les prix des locations, comme Lyon (-8,3%), Nantes (-5,7%), Strasbourg (-3,1%), Marseille (-2,1%) et Toulouse (-1,9%).<\/p>\n<p>Toujours selon R\u00e9gis S\u00e9bille, les perspectives ne sont pas des plus r\u00e9jouissantes pour le march\u00e9 immobilier, notamment \u00e0 cause de \u00ab\u00a0la hausse des taux d&#8217;emprunt tr\u00e8s probable\u00a0\u00bb et de \u00ab\u00a0la baisse de la confiance\u00a0\u00bb.<\/p>\n<p>Sur les derniers mois, la demande sur les annonces de biens \u00e0 vendre a augment\u00e9, selon les chiffres de Bien&rsquo;Ici. On retrouve ainsi sur l&rsquo;\u00e9t\u00e9 2025 un niveau proche de demande de celui observ\u00e9 en 2022, juste avant que le march\u00e9 transactionnel commence \u00e0 ralentir.<\/p>\n<p>\u00ab\u00a0Ce rebond sur l&rsquo;\u00e9t\u00e9 pourrait \u00eatre rapidement frein\u00e9 \u00e0 l&rsquo;automne, dans un contexte qui s&rsquo;annonce moins favorable sur la fin d&rsquo;ann\u00e9e, notamment \u00e0 cause du co\u00fbt du financement plus cher et du climat politique changeant\u00a0\u00bb, conclut-il.<\/p>\n","protected":false},"excerpt":{"rendered":"Les prix de l&rsquo;immobilier ont augment\u00e9 sur un an par rapport \u00e0 septembre 2024 dans les villes moyennes.&hellip;\n","protected":false},"author":2,"featured_media":361850,"comment_status":"","ping_status":"","sticky":false,"template":"","format":"standard","meta":{"footnotes":""},"categories":[2816],"tags":[1111,11,1777,674,1011,27,12,2680,25,2312],"class_list":{"0":"post-361849","1":"post","2":"type-post","3":"status-publish","4":"format-standard","5":"has-post-thumbnail","7":"category-toulouse","8":"tag-actu","9":"tag-actualites","10":"tag-eu","11":"tag-europe","12":"tag-fr","13":"tag-france","14":"tag-news","15":"tag-occitanie","16":"tag-republique-francaise","17":"tag-toulouse"},"share_on_mastodon":{"url":"https:\/\/pubeurope.com\/@fr\/115137140640904192","error":""},"_links":{"self":[{"href":"https:\/\/www.europesays.com\/fr\/wp-json\/wp\/v2\/posts\/361849","targetHints":{"allow":["GET"]}}],"collection":[{"href":"https:\/\/www.europesays.com\/fr\/wp-json\/wp\/v2\/posts"}],"about":[{"href":"https:\/\/www.europesays.com\/fr\/wp-json\/wp\/v2\/types\/post"}],"author":[{"embeddable":true,"href":"https:\/\/www.europesays.com\/fr\/wp-json\/wp\/v2\/users\/2"}],"replies":[{"embeddable":true,"href":"https:\/\/www.europesays.com\/fr\/wp-json\/wp\/v2\/comments?post=361849"}],"version-history":[{"count":0,"href":"https:\/\/www.europesays.com\/fr\/wp-json\/wp\/v2\/posts\/361849\/revisions"}],"wp:featuredmedia":[{"embeddable":true,"href":"https:\/\/www.europesays.com\/fr\/wp-json\/wp\/v2\/media\/361850"}],"wp:attachment":[{"href":"https:\/\/www.europesays.com\/fr\/wp-json\/wp\/v2\/media?parent=361849"}],"wp:term":[{"taxonomy":"category","embeddable":true,"href":"https:\/\/www.europesays.com\/fr\/wp-json\/wp\/v2\/categories?post=361849"},{"taxonomy":"post_tag","embeddable":true,"href":"https:\/\/www.europesays.com\/fr\/wp-json\/wp\/v2\/tags?post=361849"}],"curies":[{"name":"wp","href":"https:\/\/api.w.org\/{rel}","templated":true}]}}