{"id":361851,"date":"2025-09-02T22:49:18","date_gmt":"2025-09-02T22:49:18","guid":{"rendered":"https:\/\/www.europesays.com\/fr\/361851\/"},"modified":"2025-09-02T22:49:18","modified_gmt":"2025-09-02T22:49:18","slug":"6-restos-incroyables-pour-manger-et-faire-la-fete-lors-du-plus-gros-evenement-de-lannee","status":"publish","type":"post","link":"https:\/\/www.europesays.com\/fr\/361851\/","title":{"rendered":"6 restos incroyables pour manger et faire la f\u00eate lors du plus gros \u00e9v\u00e9nement de l&rsquo;ann\u00e9e"},"content":{"rendered":"<p>            Par<br \/>\n        <strong><br \/>\n            <a href=\"https:\/\/actu.fr\/auteur\/hervine-mahaud\" title=\"Consulter tous les articles de Hervine Mahaud\" target=\"_blank\" rel=\"noopener\">Hervine Mahaud<\/a><br \/>\n        <\/strong><\/p>\n<p>        Publi\u00e9 le<\/p>\n<p>            2 sept. 2025 \u00e0 18h43        <\/p>\n<p>La <a href=\"https:\/\/actu.fr\/tag\/braderie-de-lille\" target=\"_blank\" rel=\"noopener\">Braderie de Lille<\/a>, on y vient pour chiner et pour manger des <a href=\"https:\/\/actu.fr\/tag\/moules\" target=\"_blank\" rel=\"noopener\">moules-frites<\/a>. Mais on y revient surtout pour son <b>ambiance incomparable<\/b>. Et c\u2019est bien souvent gr\u00e2ce aux initiatives des <b>commer\u00e7ants<\/b> et <b>restaurateurs<\/b> que la <b>f\u00eate est r\u00e9ussie<\/b>. L\u2019<b>\u00e9dition 2025<\/b> ne devrait pas d\u00e9roger \u00e0 la r\u00e8gle, si l\u2019on en croit les <b>programmations d\u00e9voil\u00e9es par les restaurants<\/b>. En voici six qui nous ont tap\u00e9es dans l\u2019\u0153il.<\/p>\n<p>Yaya, 92 rue de Gand<\/p>\n<p class=\" wall-content\">Tout en haut de la rue de Gand, le <a href=\"https:\/\/actu.fr\/hauts-de-france\/lille_59350\/yaya-le-restaurant-grec-et-festif-du-chef-juan-arbelaez-ouvre-rue-de-gand-a-lille_59652764.html\" target=\"_blank\" rel=\"noopener\">restaurant grec Yaya, co-fond\u00e9 par le chef Juan Arbelaez<\/a>, organise une \u00ab\u00a0Mouclade Party\u00a0\u00bb. <b>Ambiance m\u00e9diterran\u00e9enne, grande terrasse ensoleill\u00e9e, DJ sets, ouzo, bi\u00e8res fra\u00eeches<\/b> et mouclade g\u00e9ante !\u00a0<\/p>\n<p class=\" wall-content\"><a href=\"https:\/\/www.instagram.com\/p\/DNiGuSmofVs\/embed\" title=\"Ouvrir le lien sur Instagram\" target=\"_blank\" rel=\"noopener\">Visualiser le contenu sur Instagram<\/a><\/p>\n<p class=\" wall-content\">Au programme :<\/p>\n<ul class=\" wall-content\">\n<li>vendredi 5 et samedi 6 septembre d\u00e8s 19h : <b>Soir\u00e9e Mouclade, DJ et Ouzo<\/b>. Menu festif \u00e0 39\u20ac par personne. Entr\u00e9es \u00e0 partager, mouclade gratin\u00e9e + frites, desserts. DJ set, ambiance grecque et playlist en\ufb02amm\u00e9e. R\u00e9servation conseill\u00e9e <a href=\"https:\/\/www.yayarestaurant.com\/yaya-lille\" target=\"_blank\" rel=\"noopener\">en cliquant ici<\/a>.<\/li>\n<li>samedi 6 septembre de 12h \u00e0 19h : <b>Mouclade party sur la grande terrasse<\/b>. Formule \u00e0 15\u20ac par personne. Mouclade g\u00e9ante + frites servies en continu. DJ set de 12h \u00e0 16h et playlist festive toute la journ\u00e9e. Jardin ouvert pour chiller au soleil.\u00a0<\/li>\n<\/ul>\n<p class=\" wall-content\">Tout au long de l\u2019\u00e9v\u00e9nement, les pintes de bi\u00e8re et verres de vin seront \u00e0 5\u20ac<\/p>\n<p>Mesa Vieux-Lille, 37 rue Basse<\/p>\n<p class=\" wall-content\">\u00c0 l\u2019occasion de la Braderie de Lille, <a href=\"https:\/\/actu.fr\/hauts-de-france\/lille_59350\/decouvrez-mesa-lincroyable-bar-restaurant-avec-rooftop-qui-vient-douvrir-a-lille_60896599.html\" target=\"_blank\" rel=\"noopener\">l\u2019incroyable restaurant avec rooftop Mesa<\/a> propose une version miniature de son savoir-faire au c\u0153ur du Vieux-Lille. Au programme, <b>2 jours de f\u00eate au 37 rue Basse<\/b>, qui est aussi l\u2019adresse du <a href=\"https:\/\/actu.fr\/hauts-de-france\/lille_59350\/de-son-rooftop-au-vieux-lille-mesa-ouvre-un-restaurant-ephemere-en-septembre_63039607.html\" target=\"_blank\" rel=\"noopener\">resto \u00e9ph\u00e9m\u00e8re Fragment by Mesa<\/a>. Au menu : <b>hot dogs, burgers, tortillas de poulet, frites maison et sauces g\u00e9n\u00e9reuses<\/b>\u2026<\/p>\n<p class=\" wall-content\"><a href=\"https:\/\/www.instagram.com\/p\/DNnw3QatpWP\/embed\" title=\"Ouvrir le lien sur Instagram\" target=\"_blank\" rel=\"noopener\">Visualiser le contenu sur Instagram<\/a><\/p>\n<p class=\" wall-content\">C\u00f4t\u00e9 ambiance, l\u2019\u00e9quipe fait venir ses DJ pr\u00e9f\u00e9r\u00e9s qui encha\u00eeneront les playlists, d\u00e8s 12h samedi et jusqu\u2019au bout de la nuit. \u00ab\u00a0Dimanche, de 10h \u00e0 19h, <b>on prolonge la f\u00eate pour cl\u00f4turer la Braderie 2025 en beaut\u00e9<\/b>\u00ab\u00a0, ajoute Mesa.<\/p>\n<p>Magmatic, 11 parvis Saint-Maurice<\/p>\n<p class=\" wall-content\">Les 6 et 7 septembre prochains, le <a href=\"https:\/\/actu.fr\/hauts-de-france\/lille_59350\/lille-magmatic-lincroyable-restaurant-immersif-ou-lon-mange-au-coeur-dun-volcan_62642070.html\" target=\"_blank\" rel=\"noopener\">restaurant immersif Magmatic<\/a> promet une \u00e9ruption sans pr\u00e9c\u00e9dent pour transformer le pav\u00e9 lillois en <b>sc\u00e8ne volcanique \u00e0 ciel ouvert<\/b>. <b\/>Devant l\u2019entr\u00e9e du restaurant, <b>deux stands<\/b> seront install\u00e9s :<\/p>\n<p>Votre r\u00e9gion, votre actu !<\/p>\n<p>Recevez chaque jour les infos qui comptent pour vous.<\/p>\n<p>\t<a href=\"https:\/\/actu.fr\/newsletter\" class=\"ac-btn ac-btn--corner ac-btn--medium ac-btn--blue800\" target=\"_blank\" rel=\"noopener\">S&rsquo;incrire<\/a><\/p>\n<ul class=\" wall-content\">\n<li><b>un stand \u00ab\u00a0food &amp; beverage\u00a0\u00bb<\/b> o\u00f9 d\u00e9guster des moules-frites en version marini\u00e8re ou chorizo, accompagn\u00e9es de bi\u00e8res pression, cocktails volcaniques et mocktails incandescents ;<\/li>\n<li><b>un stand vide-greniers<\/b> baptis\u00e9 Magma Market, o\u00f9 merch, vaisselle immersive et objets d\u00e9cal\u00e9s seront brad\u00e9s \u00e0 prix fondus. En prime, une roue de la fortune pour faire jaillir surprises et cadeaux.<\/li>\n<\/ul>\n<p class=\" wall-content\">C\u00f4t\u00e9 resto, il y aura un <b>service en continu tout le week-end, de 12h \u00e0 22h<\/b>. \u00c0 la carte, une cuisine incandescente aux saveurs explosives : cheesy-guac, pasta bomba, burger fumant, moules flamboyantes, desserts en fusion\u2026 <b\/><a href=\"https:\/\/www.ephemera-group.com\/magmatic-lille\" target=\"_blank\" rel=\"noopener\">R\u00e9servations recommand\u00e9es<\/a> lors des services du midi et du soir. Acc\u00e8s libre l\u2019apr\u00e8s-midi.<\/p>\n<p>Mama Shelter, 97 Place Saint-Hubert<\/p>\n<p class=\" wall-content\">\u00c0 l\u2019occasion de la Braderie de Lille, <a href=\"https:\/\/actu.fr\/ile-de-france\/paris_75056\/en-france-on-a-quasiment-fait-le-tour-mama-shelter-la-marque-d-hotels-branchee-se-developpe-tous-azimuts_62158180.html\" target=\"_blank\" rel=\"noopener\">Mama Shelter<\/a> invite ses convives \u00e0 venir savourer une <b>offre sp\u00e9ciale moules-frites<\/b>, du vendredi 5 au samedi 6 septembre, avec un service continu de 11h \u00e0 minuit.<\/p>\n<p class=\" wall-content\">Au menu :<\/p>\n<ul class=\" wall-content\">\n<li>moules marini\u00e8res : 16 \u20ac<\/li>\n<li>moules chorizo : 18 \u20ac<\/li>\n<li>moules maroilles : 18 \u20ac<\/li>\n<\/ul>\n<p class=\" wall-content\"><a href=\"https:\/\/www.instagram.com\/p\/DN3ZL2xZNhT\/embed\" title=\"Ouvrir le lien sur Instagram\" target=\"_blank\" rel=\"noopener\">Visualiser le contenu sur Instagram<\/a><\/p>\n<p class=\" wall-content\">Une<b> formule \u00e0 20 \u20ac<\/b> est aussi propos\u00e9e, avec moules marini\u00e8res accompagn\u00e9es d\u2019un grand verre de bi\u00e8re ou de vin. Enfin, pour ajouter une dose de fun et de surprise, Mama Shelter Lille introduit pour la premi\u00e8re fois le concept de la Moule d\u2019Or. \u00ab\u00a0Une <b>v\u00e9ritable moule dor\u00e9e<\/b> sera <b>gliss\u00e9e au hasard<\/b>, dans l\u2019assiette d\u2019un heureux chanceux. Celui qui trouve la Moule d\u2019Or offre \u00e0 toute sa table le repas complet\u00a0\u00bb, annonce le Mama Shelter<\/p>\n<p>N\u016a, 93 avenue Le Corbusier<\/p>\n<p class=\" wall-content\">Du 5 au 7 septembre, N\u016a vous transporte \u00e0 la plage gr\u00e2ce \u00e0 une <b>ambiance paillotes, parasols et guinguette chic<\/b>. Ppur la Braderie, <a href=\"https:\/\/actu.fr\/hauts-de-france\/lille_59350\/en-images-visite-du-chantier-de-nu-le-bar-restaurant-avec-le-plus-grand-rooftop-de-lille_34285374.html\" target=\"_blank\" rel=\"noopener\">le restaurant<\/a> vous fait profiter d\u2019une programmation festive entre plage et rooftop : artistes live, musique ensoleill\u00e9e, coucher de soleil et atmosph\u00e8re marine pour une braderie unique, entre tradition lilloise et esprit baln\u00e9aire.\u00a0<\/p>\n<p class=\" wall-content\">Une <b>carte \u00e9ph\u00e9m\u00e8re<\/b> a ainsi \u00e9t\u00e9 imagin\u00e9e, autour des <b>produits de la mer<\/b> : d\u00e9clinaisons de moules de Bouchot du Mont Saint-Michel, hu\u00eetres des parcs de l\u2019imp\u00e9ratrice, frites fraiches maison, s\u00e9lection de tapas. Tout cela accompagn\u00e9 de <b>cocktails<\/b> signature.<\/p>\n<p class=\" wall-content\">C\u00f4t\u00e9 ambiance, des\u00a0artistes locaux qui se relayeront durant tout le week-end.<\/p>\n<p class=\" wall-content\"><a href=\"https:\/\/www.instagram.com\/p\/DOBqNhPCMi1\/embed\" title=\"Ouvrir le lien sur Instagram\" target=\"_blank\" rel=\"noopener\">Visualiser le contenu sur Instagram<\/a><\/p>\n<p class=\" wall-content\">Horaires : vendredi de 18h \u00e0 2h, samedi de 12h \u00e0 2h et dimanche de 12h \u00e0 18h. Entr\u00e9e gratuite. Bar et terrasses sans r\u00e9servation. R\u00e9servations pour le restaurant <a href=\"https:\/\/www.nu-lille.fr\/\" target=\"_blank\" rel=\"noopener\">en cliquant ici<\/a>.<\/p>\n<p>Fada, 10 rue de Pas<\/p>\n<p class=\" wall-content\">Pour le plus gros \u00e9v\u00e9nement de l\u2019ann\u00e9e, <a href=\"https:\/\/actu.fr\/hauts-de-france\/lille_59350\/lille-fada-le-nouveau-restaurant-canon-et-festif-qui-promet-de-mettre-le-feu-a-vos-soirees_62717355.html\" target=\"_blank\" rel=\"noopener\">Fada, le resto festif du Social Group<\/a>, est \u00e9videmment de la partie. Ambiance \u00ab\u00a0boiler moules\u00a0\u00bb samedi et dimanche. \u00ab\u00a0Moules, DJ set et ambiance survolt\u00e9e : la f\u00eate \u00e0 l\u2019envers, m\u00eame en plein service\u00a0\u00bb, promet le resto.<\/p>\n<p class=\" wall-content\"><a href=\"https:\/\/www.instagram.com\/p\/DOBq0WBjJH0\/embed\" title=\"Ouvrir le lien sur Instagram\" target=\"_blank\" rel=\"noopener\">Visualiser le contenu sur Instagram<\/a><\/p>\n<p class=\" wall-content\">Samedi de 16h \u00e0 2h, ainsi que dimanche apr\u00e8s-midi, <b>les DJs vont se succ\u00e9der \u00e0 l\u2019ext\u00e9rieur<\/b> pour chauffer les bradeux qui passeront dans le quartier du Nouveau Si\u00e8cle. \u00c0 l\u2019int\u00e9rieur de l\u2019\u00e9tablissement aussi, il y aura du gros son, de 20h \u00e0 4h du matin.<\/p>\n<p class=\" wall-content\">C\u00f4t\u00e9 menu, <b>trois recettes de moules<\/b> seront propos\u00e9es : marini\u00e8res (15 \u20ac), maroilles (16 \u20ac) et safran (17 \u20ac). Mais aussi un filet am\u00e9ricain \u00e0 17 \u20ac (version XXL \u00e0 21\u20ac) et une salade c\u00e9sar \u00e0 8\u20ac. De quoi caler les estomacs apr\u00e8s une grosse session de chine.<\/p>\n<p class=\" wall-content\">Personnalisez votre actualit\u00e9 en ajoutant vos villes et m\u00e9dias en favori avec <a href=\"https:\/\/moncompte.actu.fr\" title=\"D\u00e9couvez Mon Actu\" rel=\"nofollow noopener\" data-trk=\"{&quot;cta&quot;:{&quot;action&quot;:&quot;https:\\\/\\\/moncompte.actu.fr&quot;,&quot;category&quot;:&quot;mon compte&quot;,&quot;from&quot;:&quot;article footer&quot;,&quot;name&quot;:&quot;Mon actu&quot;,&quot;type&quot;:&quot;cta&quot;}}\" target=\"_blank\">Mon Actu<\/a>.<\/p>\n<p>                    <script async src=\"\/\/www.instagram.com\/embed.js\"><\/script><\/p>\n","protected":false},"excerpt":{"rendered":"Par Hervine Mahaud Publi\u00e9 le 2 sept. 2025 \u00e0 18h43 La Braderie de Lille, on y vient pour&hellip;\n","protected":false},"author":2,"featured_media":361852,"comment_status":"","ping_status":"","sticky":false,"template":"","format":"standard","meta":{"footnotes":""},"categories":[2815],"tags":[1111,11,18703,1777,674,1011,27,811,1307,1652,35594,12,25,1340],"class_list":{"0":"post-361851","1":"post","2":"type-post","3":"status-publish","4":"format-standard","5":"has-post-thumbnail","7":"category-lille","8":"tag-actu","9":"tag-actualites","10":"tag-braderie-de-lille","11":"tag-eu","12":"tag-europe","13":"tag-fr","14":"tag-france","15":"tag-hauts-de-france","16":"tag-lille","17":"tag-loisirs-culture","18":"tag-moules","19":"tag-news","20":"tag-republique-francaise","21":"tag-restaurant"},"share_on_mastodon":{"url":"https:\/\/pubeurope.com\/@fr\/115137148613563516","error":""},"_links":{"self":[{"href":"https:\/\/www.europesays.com\/fr\/wp-json\/wp\/v2\/posts\/361851","targetHints":{"allow":["GET"]}}],"collection":[{"href":"https:\/\/www.europesays.com\/fr\/wp-json\/wp\/v2\/posts"}],"about":[{"href":"https:\/\/www.europesays.com\/fr\/wp-json\/wp\/v2\/types\/post"}],"author":[{"embeddable":true,"href":"https:\/\/www.europesays.com\/fr\/wp-json\/wp\/v2\/users\/2"}],"replies":[{"embeddable":true,"href":"https:\/\/www.europesays.com\/fr\/wp-json\/wp\/v2\/comments?post=361851"}],"version-history":[{"count":0,"href":"https:\/\/www.europesays.com\/fr\/wp-json\/wp\/v2\/posts\/361851\/revisions"}],"wp:featuredmedia":[{"embeddable":true,"href":"https:\/\/www.europesays.com\/fr\/wp-json\/wp\/v2\/media\/361852"}],"wp:attachment":[{"href":"https:\/\/www.europesays.com\/fr\/wp-json\/wp\/v2\/media?parent=361851"}],"wp:term":[{"taxonomy":"category","embeddable":true,"href":"https:\/\/www.europesays.com\/fr\/wp-json\/wp\/v2\/categories?post=361851"},{"taxonomy":"post_tag","embeddable":true,"href":"https:\/\/www.europesays.com\/fr\/wp-json\/wp\/v2\/tags?post=361851"}],"curies":[{"name":"wp","href":"https:\/\/api.w.org\/{rel}","templated":true}]}}