{"id":361853,"date":"2025-09-02T22:50:09","date_gmt":"2025-09-02T22:50:09","guid":{"rendered":"https:\/\/www.europesays.com\/fr\/361853\/"},"modified":"2025-09-02T22:50:09","modified_gmt":"2025-09-02T22:50:09","slug":"leffroi-au-coeur-de-marseille","status":"publish","type":"post","link":"https:\/\/www.europesays.com\/fr\/361853\/","title":{"rendered":"L\u2019effroi au c\u0153ur de Marseille"},"content":{"rendered":"\n<p>C\u2019est un sentiment d\u2019effroi qui a enserr\u00e9 le c\u0153ur de Marseille ce mardi apr\u00e8s-midi, face \u00e0 la folie meurtri\u00e8re d\u2019un homme muni de couteaux et d\u2019une matraque.<\/p>\n<p>Si son passage \u00e0 l\u2019acte semble li\u00e9 \u00e0 son \u00e9viction d\u2019un h\u00f4tel pour loyers impay\u00e9s, cet homme s\u2019en est ensuite pris \u00e0 d\u2019autres victimes au hasard. Fort heureusement, les policiers nationaux pr\u00e9sents sur place l\u2019ont stopp\u00e9 dans son p\u00e9riple sanguinaire. Sans cela, le bilan aurait tr\u00e8s certainement \u00e9t\u00e9 beaucoup plus lourd.<\/p>\n<p>Pas besoin de pol\u00e9miques<\/p>\n<p>Pr\u00e9sent dans la soir\u00e9e \u00e0 Marseille, Bruno Retailleau a \u00e9voqu\u00e9 de mani\u00e8re g\u00e9n\u00e9rale la lutte contre \u00ab\u00a0l\u2019immigration clandestine\u00a0\u00bb. L\u2019auteur des faits, de nationalit\u00e9 tunisienne, \u00e9tait pourtant en situation r\u00e9guli\u00e8re. Son comportement erratique avait en revanche \u00e9t\u00e9 rep\u00e9r\u00e9 \u00e0 S\u00e8te o\u00f9 il aurait prof\u00e9r\u00e9 des propos antis\u00e9mites devant une mosqu\u00e9e. Des faits signal\u00e9s par le pr\u00e9fet de l\u2019H\u00e9rault sans qu\u2019ils ne donnent lieu \u00e0 sanction.<\/p>\n<p>Un peu \u00e0 la mani\u00e8re de Fran\u00e7ois Bayrou qui d\u00e9nonce la dette g\u00e9n\u00e9r\u00e9e par son camp politique, Bruno Retailleau a regrett\u00e9 l\u2019ins\u00e9curit\u00e9 et le laxisme en tant que&#8230; ministre de l\u2019Int\u00e9rieur.<\/p>\n<p>Marseille comme notre pays n\u2019ont pas besoin de vaines pol\u00e9miques mais d\u2019un service public de la s\u00e9curit\u00e9 qui s\u2019appuie sur des forces de police, form\u00e9es, en nombre suffisant et en confiance avec la population. Mais aussi de pr\u00e9vention et d\u2019une r\u00e9elle prise en charge de la sant\u00e9 mentale dans notre soci\u00e9t\u00e9.<\/p>\n<p>Tout cela co\u00fbte de l\u2019argent, n\u00e9cessite de la justice fiscale. Tout cela est absolument incompatible avec le budget d\u2019aust\u00e9rit\u00e9 pr\u00e9sent\u00e9 par le gouvernement.<\/p>\n","protected":false},"excerpt":{"rendered":"C\u2019est un sentiment d\u2019effroi qui a enserr\u00e9 le c\u0153ur de Marseille ce mardi apr\u00e8s-midi, face \u00e0 la folie&hellip;\n","protected":false},"author":2,"featured_media":361854,"comment_status":"","ping_status":"","sticky":false,"template":"","format":"standard","meta":{"footnotes":""},"categories":[2814],"tags":[1111,11,2518,1777,674,1011,27,884,12,882,25],"class_list":{"0":"post-361853","1":"post","2":"type-post","3":"status-publish","4":"format-standard","5":"has-post-thumbnail","7":"category-marseille","8":"tag-actu","9":"tag-actualites","10":"tag-edito","11":"tag-eu","12":"tag-europe","13":"tag-fr","14":"tag-france","15":"tag-marseille","16":"tag-news","17":"tag-provence-alpes-cote-dazur","18":"tag-republique-francaise"},"share_on_mastodon":{"url":"https:\/\/pubeurope.com\/@fr\/115137152531845341","error":""},"_links":{"self":[{"href":"https:\/\/www.europesays.com\/fr\/wp-json\/wp\/v2\/posts\/361853","targetHints":{"allow":["GET"]}}],"collection":[{"href":"https:\/\/www.europesays.com\/fr\/wp-json\/wp\/v2\/posts"}],"about":[{"href":"https:\/\/www.europesays.com\/fr\/wp-json\/wp\/v2\/types\/post"}],"author":[{"embeddable":true,"href":"https:\/\/www.europesays.com\/fr\/wp-json\/wp\/v2\/users\/2"}],"replies":[{"embeddable":true,"href":"https:\/\/www.europesays.com\/fr\/wp-json\/wp\/v2\/comments?post=361853"}],"version-history":[{"count":0,"href":"https:\/\/www.europesays.com\/fr\/wp-json\/wp\/v2\/posts\/361853\/revisions"}],"wp:featuredmedia":[{"embeddable":true,"href":"https:\/\/www.europesays.com\/fr\/wp-json\/wp\/v2\/media\/361854"}],"wp:attachment":[{"href":"https:\/\/www.europesays.com\/fr\/wp-json\/wp\/v2\/media?parent=361853"}],"wp:term":[{"taxonomy":"category","embeddable":true,"href":"https:\/\/www.europesays.com\/fr\/wp-json\/wp\/v2\/categories?post=361853"},{"taxonomy":"post_tag","embeddable":true,"href":"https:\/\/www.europesays.com\/fr\/wp-json\/wp\/v2\/tags?post=361853"}],"curies":[{"name":"wp","href":"https:\/\/api.w.org\/{rel}","templated":true}]}}