{"id":361855,"date":"2025-09-02T22:51:10","date_gmt":"2025-09-02T22:51:10","guid":{"rendered":"https:\/\/www.europesays.com\/fr\/361855\/"},"modified":"2025-09-02T22:51:10","modified_gmt":"2025-09-02T22:51:10","slug":"profil-de-lassaillant-periple-criminel-ce-que-lon-sait-de-lattaque-au-couteau-dans-un-hotel-a-marseille","status":"publish","type":"post","link":"https:\/\/www.europesays.com\/fr\/361855\/","title":{"rendered":"Profil de l&rsquo;assaillant, \u00ab\u00a0p\u00e9riple criminel\u00a0\u00bb&#8230; Ce que l&rsquo;on sait de l&rsquo;attaque au couteau dans un h\u00f4tel \u00e0 Marseille"},"content":{"rendered":"<p>\u00c0 Marseille, un homme soup\u00e7onn\u00e9 d&rsquo;avoir bless\u00e9 plusieurs personnes au couteau a \u00e9t\u00e9 abattu par la police. Le ministre de l&rsquo;Int\u00e9rieur Bruno Retailleau s&rsquo;est rendu sur place pour faire un point sur la situation.<\/p>\n<p>\u00c0 Marseille, c&rsquo;est tout un quartier qui est boucl\u00e9 par les forces de l&rsquo;ordre. En d\u00e9but d&rsquo;apr\u00e8s-midi ce mardi 2 septembre, un homme a \u00e9t\u00e9 abattu par les forces de l&rsquo;ordre apr\u00e8s avoir <a href=\"https:\/\/www.bfmtv.com\/marseille\/info-bfmtv-un-homme-mortellement-touche-par-des-tirs-de-policiers-apres-avoir-poignarde-plusieurs-personnes-dans-un-hotel-a-marseille_AN-202509020628.html\" title=\"INFO BFMTV. Un homme mortellement touch\u00e9 par des tirs policiers apr\u00e8s avoir poignard\u00e9 plusieurs personnes dans un h\u00f4tel \u00e0 Marseille\" class=\"internal_link\" rel=\"nofollow noopener\" target=\"_blank\">attaqu\u00e9 plusieurs personnes<\/a> avec un couteau, dans le centre-ville de Marseille.<\/p>\n<p>\u00c0 proximit\u00e9 d&rsquo;un commerce situ\u00e9 cours Belsunce, \u00e0 deux pas du Vieux-Port et haut-lieu de trafic de drogue de Marseille, l&rsquo;assaillant a poignard\u00e9 plusieurs personnes dans un h\u00f4tel, puis dans la rue.<\/p>\n<p>\u00ab\u00a0Sans l&rsquo;intervention des policiers (&#8230;), je peux vous assurer qu&rsquo;il y aurait eu d&rsquo;autres victimes\u00a0\u00bb, a assur\u00e9 le ministre de l&rsquo;Int\u00e9rieur Bruno Retailleau qui a fait, dans la soir\u00e9e, le d\u00e9placement \u00e0 Marseille.<\/p>\n<blockquote class=\"embed embed_quote\"><p>\u00ab\u00a0L&rsquo;invidivu voulait terminer son p\u00e9riple meurtrier en mourrant\u00a0\u00bb, ajoute le ministre de l&rsquo;Int\u00e9rieur, qui a remerci\u00e9 les forces de l&rsquo;ordre et salu\u00e9 leur courage.<\/p><\/blockquote>\n<p>\u2022 Un \u00ab\u00a0p\u00e9riple criminel\u00a0\u00bb<\/p>\n<p>Les faits se sont d\u00e9roul\u00e9s ce mardi \u00e0 14h45, dans le quartier de Belsunce, en plein centre-ville de Marseille. Un homme, qui venait d&rsquo;\u00eatre expuls\u00e9 de l&rsquo;h\u00f4tel qu&rsquo;il occupait pour ne pas avoir pay\u00e9 ses dettes, \u00ab\u00a0monte au premier \u00e9tage, se rend dans la chambre qu&rsquo;il occupait avant d&rsquo;\u00eatre expuls\u00e9 et porte un coup de couteau au flanc de la personne qui occupait cette chambre\u00a0\u00bb, explique le procureur de la R\u00e9publique de Marseille, Nicolas Bessonne, lors d&rsquo;une conf\u00e9rence de presse.<\/p>\n<p>L&rsquo;homme s&rsquo;en est ensuite pris au g\u00e9rant de l&rsquo;h\u00f4tel, puis a \u00ab\u00a0poursuivi dans la rue\u00a0\u00bb son fils avant de le \u00ab\u00a0poignarder dans le dos\u00a0\u00bb. Les deux ont \u00e9t\u00e9 hospitalis\u00e9s en urgence relative. L&rsquo;individu, qui \u00ab\u00a0\u00e9tait porteur de deux couteaux et d&rsquo;une matraque\u00a0\u00bb, est ensuite entr\u00e9 dans \u00ab\u00a0un snack situ\u00e9 \u00e0 proximit\u00e9\u00a0\u00bb et \u00ab\u00a0va essayer de porter des coups de couteau (&#8230;) en essayant de blesser d&rsquo;autres personnes\u00a0\u00bb, d\u00e9taille Nicolas Bessonne.<\/p>\n<p>\u00ab\u00a0Ensuite, probablement mis en fuite par les clients de ce snack, il va poursuivre son p\u00e9riple criminel et (&#8230;) \u00e0 l&rsquo;aveugle, gratuitement, il tente de porter des coups \u00e0 des personnes pr\u00e9sentes\u00a0\u00bb et fait deux nouveaux bless\u00e9s \u00ab\u00a0au niveau facial\u00a0\u00bb \u00e0 \u00ab\u00a0coups de matraque\u00a0\u00bb dans la rue.<\/p>\n<p>\u00ab\u00a0Une patrouille de police va intervenir, les fonctionnaires de police vont lui demander de jeter ses armes, il n&rsquo;obtemp\u00e8re pas et ils vont faire usage de leurs armes et le neutraliser\u00a0\u00bb, compl\u00e8te le procureur.<\/p>\n<p>\u2022 Cinq bless\u00e9s, dont un dans un \u00ab\u00a0\u00e9tat critique\u00a0\u00bb<\/p>\n<p>Cinq personnes ont \u00e9t\u00e9 bless\u00e9es mardi dans l&rsquo;attaque au couteau en plein centre de Marseille, dont une se trouve dans \u00ab\u00a0un \u00e9tat critique\u00a0\u00bb, a indiqu\u00e9 le procureur de la R\u00e9publique Nicolas Bessone \u00e0 la presse sur place. Les cinq personnes bless\u00e9es dans l&rsquo;attaque sont le g\u00e9rant de l&rsquo;h\u00f4tel, le fils de ce g\u00e9rant &#8211; dont les jours ne sont pas en danger, un autre client de l&rsquo;h\u00f4tel &#8211; le plus gri\u00e8vement bless\u00e9, et deux passants.<\/p>\n<p>\u00ab\u00a0Deux (bless\u00e9s) sur les trois sont tr\u00e8s certainement d\u00e9finitivement sauv\u00e9s et j&rsquo;esp\u00e8re que le troisi\u00e8me le sera aussi\u00a0\u00bb, a compl\u00e9t\u00e9 dans la soir\u00e9e Bruno Retailleau lors d&rsquo;une conf\u00e9rence de presse.<\/p>\n<p>Des enqu\u00eates ont \u00e9t\u00e9 ouvertes pour faire la lumi\u00e8re sur les circonstances exactes des faits, notamment pour \u00ab\u00a0tentative d&rsquo;homicide volontaire\u00a0\u00bb et \u00ab\u00a0tentative d&rsquo;homicide volontaire sur fonctionnaire de police\u00a0\u00bb. L&rsquo;IGPN est \u00e9galement saisie du dossier pour le chef d&rsquo;homicide volontaire.<\/p>\n<p>\u2022 Un Tunisien en situation r\u00e9guli\u00e8re<\/p>\n<p>Selon les d\u00e9clarations du procureur de Marseille, Nicolas Bessonne, l&rsquo;homme neutralis\u00e9 par les forces de l&rsquo;ordre est \u00ab\u00a0un individu de nationalit\u00e9 tunisienne, en situation r\u00e9guli\u00e8re sur le territoire national\u00a0\u00bb.<\/p>\n<p>Celui-ci \u00ab\u00a0logeait dans un h\u00f4tel du quartier Belsunce\u00a0\u00bb, avant d&rsquo;en \u00eatre expuls\u00e9 pour ne pas avoir pay\u00e9 \u00ab\u00a0son loyer\u00a0\u00bb, indique le procureur. Il a \u00e9t\u00e9 tu\u00e9 par les forces de l&rsquo;ordre, mettant fin \u00e0 son \u00ab\u00a0p\u00e9riple criminel\u00a0\u00bb, \u00e0 15h26.<\/p>\n<p>\u00ab\u00a0Cette personne \u00e9tait connue des services de police et de justice\u00a0\u00bb, pr\u00e9cise Nicolas Bessonne. Pour l&rsquo;heure, s&rsquo;agissant du mobile, il semblerait que l&rsquo;homme \u00ab\u00a0a prof\u00e9r\u00e9 un certain nombre de paroles et nous sommes en cours de v\u00e9rification\u00a0\u00bb, explique le procureur.<\/p>\n<p>Selon une source proche de l&rsquo;enqu\u00eate \u00e0 BFMTV, le suspect est n\u00e9 en 1990 et souffre de troubles psychiatriques. Il \u00e9tait par ailleurs actuellement sous contr\u00f4le judiciaire dans le cadre d&rsquo;une autre affaire. Pour l&rsquo;heure, les enqu\u00eateurs ont exclut la piste terroriste et privil\u00e9gient un \u00ab\u00a0motif priv\u00e9\u00a0\u00bb faisant suite \u00e0 un diff\u00e9rent entre le suspect et le g\u00e9rant de l&rsquo;h\u00f4tel, a fait savoir Bruno Retailleau.<\/p>\n<p>\u2022 Bruno Retailleau sur place<\/p>\n<p>Le ministre de l&rsquo;Int\u00e9rieur s&rsquo;est rendu sur place dans la soir\u00e9e, comme annonc\u00e9 un peu plus t\u00f4t par son minist\u00e8re. Il a donn\u00e9 des informations suppl\u00e9mentaires sur le profil du suspect, qui \u00e9tait \u00ab\u00a0favorablement connu de nos services, il avait eu affaire \u00e0 la justice.\u00a0\u00bb<\/p>\n<p>\u00ab\u00a0Le pr\u00e9fet de l&rsquo;H\u00e9rault avait saisi l&rsquo;autorit\u00e9 judiciaire \u00e0 la fin du mois d&rsquo;ao\u00fbt pour signaler un certain nombre d&rsquo;agissements et notamment des paroles antis\u00e9mites prof\u00e9r\u00e9es devant la mosqu\u00e9e de S\u00e8te\u00a0\u00bb, a d\u00e9taill\u00e9 le ministre de l&rsquo;Int\u00e9rieur.<\/p>\n<p>Le locataire de Beauvau s&rsquo;est rendu \u00e0 l&rsquo;\u00c9v\u00each\u00e9, l&rsquo;h\u00f4tel de police de Marseille, vers 20h30, avant de rentrer \u00e0 Paris plus tard dans la soir\u00e9e.<\/p>\n<p>Lucie Valais et Alexandra Gonzalez avec AFP<\/p>\n","protected":false},"excerpt":{"rendered":"\u00c0 Marseille, un homme soup\u00e7onn\u00e9 d&rsquo;avoir bless\u00e9 plusieurs personnes au couteau a \u00e9t\u00e9 abattu par la police. Le&hellip;\n","protected":false},"author":2,"featured_media":361856,"comment_status":"","ping_status":"","sticky":false,"template":"","format":"standard","meta":{"footnotes":""},"categories":[2814],"tags":[1111,11,1777,674,1011,27,884,12,882,25],"class_list":{"0":"post-361855","1":"post","2":"type-post","3":"status-publish","4":"format-standard","5":"has-post-thumbnail","7":"category-marseille","8":"tag-actu","9":"tag-actualites","10":"tag-eu","11":"tag-europe","12":"tag-fr","13":"tag-france","14":"tag-marseille","15":"tag-news","16":"tag-provence-alpes-cote-dazur","17":"tag-republique-francaise"},"share_on_mastodon":{"url":"https:\/\/pubeurope.com\/@fr\/115137156762584308","error":""},"_links":{"self":[{"href":"https:\/\/www.europesays.com\/fr\/wp-json\/wp\/v2\/posts\/361855","targetHints":{"allow":["GET"]}}],"collection":[{"href":"https:\/\/www.europesays.com\/fr\/wp-json\/wp\/v2\/posts"}],"about":[{"href":"https:\/\/www.europesays.com\/fr\/wp-json\/wp\/v2\/types\/post"}],"author":[{"embeddable":true,"href":"https:\/\/www.europesays.com\/fr\/wp-json\/wp\/v2\/users\/2"}],"replies":[{"embeddable":true,"href":"https:\/\/www.europesays.com\/fr\/wp-json\/wp\/v2\/comments?post=361855"}],"version-history":[{"count":0,"href":"https:\/\/www.europesays.com\/fr\/wp-json\/wp\/v2\/posts\/361855\/revisions"}],"wp:featuredmedia":[{"embeddable":true,"href":"https:\/\/www.europesays.com\/fr\/wp-json\/wp\/v2\/media\/361856"}],"wp:attachment":[{"href":"https:\/\/www.europesays.com\/fr\/wp-json\/wp\/v2\/media?parent=361855"}],"wp:term":[{"taxonomy":"category","embeddable":true,"href":"https:\/\/www.europesays.com\/fr\/wp-json\/wp\/v2\/categories?post=361855"},{"taxonomy":"post_tag","embeddable":true,"href":"https:\/\/www.europesays.com\/fr\/wp-json\/wp\/v2\/tags?post=361855"}],"curies":[{"name":"wp","href":"https:\/\/api.w.org\/{rel}","templated":true}]}}